{"id":163664,"date":"2018-06-17T00:18:34","date_gmt":"2018-06-16T22:18:34","guid":{"rendered":"http:\/\/www.andreas-edler.de\/blog\/?p=163664"},"modified":"2018-06-17T17:48:04","modified_gmt":"2018-06-17T15:48:04","slug":"heu-einfahren-2018","status":"publish","type":"post","link":"https:\/\/www.andreas-edler.de\/blog\/2018\/06\/heu-einfahren-2018\/","title":{"rendered":"Heu einfahren 2018"},"content":{"rendered":"<p>Die Island-Pferde meiner Schwester verbrauchen jedes so ca. eine ganze <a href=\"https:\/\/www.andreas-edler.de\/blog\/2006\/06\/harte-arbeit\/\">Wiese Heu<\/a>. Und das muss man dann auch jedes Jahr aufs neue ernten. Sonst hat immer Papa die Weise gem\u00e4ht, sp\u00e4ter auch ich. Aber im letzten und auch in diesem Jahr hat die Schwester selbst den Kreiselm\u00e4her \u00fcber die Wiese gefahren. Ist mir auch ganz recht, weil ich sonst danach drei Tage keine Luft bekomme. <figure id=\"attachment_163665\" aria-describedby=\"caption-attachment-163665\" style=\"width: 470px\" class=\"wp-caption aligncenter\"><a href=\"http:\/\/www.andreas-edler.de\/blog\/wp-content\/uploads\/2018\/06\/20180617_heu_auf_wiese.jpg\"><img loading=\"lazy\" decoding=\"async\" src=\"http:\/\/www.andreas-edler.de\/blog\/wp-content\/uploads\/2018\/06\/20180617_heu_auf_wiese-470x121.jpg\" alt=\"\" width=\"470\" height=\"121\" class=\"size-large wp-image-163665\" srcset=\"https:\/\/www.andreas-edler.de\/blog\/wp-content\/uploads\/2018\/06\/20180617_heu_auf_wiese-470x121.jpg 470w, https:\/\/www.andreas-edler.de\/blog\/wp-content\/uploads\/2018\/06\/20180617_heu_auf_wiese-250x64.jpg 250w, https:\/\/www.andreas-edler.de\/blog\/wp-content\/uploads\/2018\/06\/20180617_heu_auf_wiese-768x198.jpg 768w, https:\/\/www.andreas-edler.de\/blog\/wp-content\/uploads\/2018\/06\/20180617_heu_auf_wiese-100x26.jpg 100w, https:\/\/www.andreas-edler.de\/blog\/wp-content\/uploads\/2018\/06\/20180617_heu_auf_wiese-150x39.jpg 150w, https:\/\/www.andreas-edler.de\/blog\/wp-content\/uploads\/2018\/06\/20180617_heu_auf_wiese-200x52.jpg 200w, https:\/\/www.andreas-edler.de\/blog\/wp-content\/uploads\/2018\/06\/20180617_heu_auf_wiese-300x77.jpg 300w, https:\/\/www.andreas-edler.de\/blog\/wp-content\/uploads\/2018\/06\/20180617_heu_auf_wiese-450x116.jpg 450w, https:\/\/www.andreas-edler.de\/blog\/wp-content\/uploads\/2018\/06\/20180617_heu_auf_wiese-600x155.jpg 600w, https:\/\/www.andreas-edler.de\/blog\/wp-content\/uploads\/2018\/06\/20180617_heu_auf_wiese-900x232.jpg 900w, https:\/\/www.andreas-edler.de\/blog\/wp-content\/uploads\/2018\/06\/20180617_heu_auf_wiese.jpg 1280w\" sizes=\"auto, (max-width: 470px) 100vw, 470px\" \/><\/a><figcaption id=\"caption-attachment-163665\" class=\"wp-caption-text\">Kleine Bunde auf der gro\u00dfen Wiese<\/figcaption><\/figure> <!--more--> Danach wurde eine Woche gewendet und in Reihen gezogen und wieder gewendet und wieder in Reihen gezogen. In der Nacht von Donnerstag auf Freitag kam dann noch einmal ein fetter Regenschauer und ich lag unruhig im Bett, aber Samstag sah es wohl gut aus, so dass Schwesters Nachbar netterweise die Welger-Presse angeh\u00e4ngt hat und die Wiese beackerte. Um kurz nach 12 Uhr bin ich dann mit Tim auch am S\u00fcdweg aufgelaufen. <figure id=\"attachment_163666\" aria-describedby=\"caption-attachment-163666\" style=\"width: 470px\" class=\"wp-caption aligncenter\"><a href=\"http:\/\/www.andreas-edler.de\/blog\/wp-content\/uploads\/2018\/06\/20180617_haenger_voll_heu.jpg\"><img loading=\"lazy\" decoding=\"async\" src=\"http:\/\/www.andreas-edler.de\/blog\/wp-content\/uploads\/2018\/06\/20180617_haenger_voll_heu-470x220.jpg\" alt=\"\" width=\"470\" height=\"220\" class=\"size-large wp-image-163666\" srcset=\"https:\/\/www.andreas-edler.de\/blog\/wp-content\/uploads\/2018\/06\/20180617_haenger_voll_heu-470x220.jpg 470w, https:\/\/www.andreas-edler.de\/blog\/wp-content\/uploads\/2018\/06\/20180617_haenger_voll_heu-250x117.jpg 250w, https:\/\/www.andreas-edler.de\/blog\/wp-content\/uploads\/2018\/06\/20180617_haenger_voll_heu-768x360.jpg 768w, https:\/\/www.andreas-edler.de\/blog\/wp-content\/uploads\/2018\/06\/20180617_haenger_voll_heu-100x47.jpg 100w, https:\/\/www.andreas-edler.de\/blog\/wp-content\/uploads\/2018\/06\/20180617_haenger_voll_heu-150x70.jpg 150w, https:\/\/www.andreas-edler.de\/blog\/wp-content\/uploads\/2018\/06\/20180617_haenger_voll_heu-200x94.jpg 200w, https:\/\/www.andreas-edler.de\/blog\/wp-content\/uploads\/2018\/06\/20180617_haenger_voll_heu-300x141.jpg 300w, https:\/\/www.andreas-edler.de\/blog\/wp-content\/uploads\/2018\/06\/20180617_haenger_voll_heu-450x211.jpg 450w, https:\/\/www.andreas-edler.de\/blog\/wp-content\/uploads\/2018\/06\/20180617_haenger_voll_heu-600x281.jpg 600w, https:\/\/www.andreas-edler.de\/blog\/wp-content\/uploads\/2018\/06\/20180617_haenger_voll_heu-900x422.jpg 900w, https:\/\/www.andreas-edler.de\/blog\/wp-content\/uploads\/2018\/06\/20180617_haenger_voll_heu.jpg 1280w\" sizes=\"auto, (max-width: 470px) 100vw, 470px\" \/><\/a><figcaption id=\"caption-attachment-163666\" class=\"wp-caption-text\">Ein H\u00e4nger voll Heu<\/figcaption><\/figure> Zun\u00e4chst haben wir aber nur zugeschaut und ich habe den H\u00e4nger hinter den New Holland gehangen. Die ersten zwei Lagen haben Tim und ich alleine auf den H\u00e4nger gestapelt, danach kamen weitere Helfer dazu. Wir mussten nicht hasten wie sonst so oft, da der Wetterbericht sehr wohlwollend war. Insgesamt waren es knapp 520 Bunde, die wir auf den Heuboden zu bugsieren hatten. Das dauerte mit vereinten Kr\u00e4ften bis gegen 20 Uhr. Gl\u00fccklicherweise hatten wir einen H\u00f6henf\u00f6rderer zur Hilfe, so dass niemand mehr die Bunde auf den Boden hoch wuchten musste. Das war schon immer eine der schwereren Aufgaben an so einem Tag. <figure id=\"attachment_163667\" aria-describedby=\"caption-attachment-163667\" style=\"width: 470px\" class=\"wp-caption aligncenter\"><a href=\"http:\/\/www.andreas-edler.de\/blog\/wp-content\/uploads\/2018\/06\/20180617_haenger_leer.jpg\"><img loading=\"lazy\" decoding=\"async\" src=\"http:\/\/www.andreas-edler.de\/blog\/wp-content\/uploads\/2018\/06\/20180617_haenger_leer-470x181.jpg\" alt=\"\" width=\"470\" height=\"181\" class=\"size-large wp-image-163667\" srcset=\"https:\/\/www.andreas-edler.de\/blog\/wp-content\/uploads\/2018\/06\/20180617_haenger_leer-470x181.jpg 470w, https:\/\/www.andreas-edler.de\/blog\/wp-content\/uploads\/2018\/06\/20180617_haenger_leer-250x96.jpg 250w, https:\/\/www.andreas-edler.de\/blog\/wp-content\/uploads\/2018\/06\/20180617_haenger_leer-768x296.jpg 768w, https:\/\/www.andreas-edler.de\/blog\/wp-content\/uploads\/2018\/06\/20180617_haenger_leer-100x39.jpg 100w, https:\/\/www.andreas-edler.de\/blog\/wp-content\/uploads\/2018\/06\/20180617_haenger_leer-150x58.jpg 150w, https:\/\/www.andreas-edler.de\/blog\/wp-content\/uploads\/2018\/06\/20180617_haenger_leer-200x77.jpg 200w, https:\/\/www.andreas-edler.de\/blog\/wp-content\/uploads\/2018\/06\/20180617_haenger_leer-300x116.jpg 300w, https:\/\/www.andreas-edler.de\/blog\/wp-content\/uploads\/2018\/06\/20180617_haenger_leer-450x173.jpg 450w, https:\/\/www.andreas-edler.de\/blog\/wp-content\/uploads\/2018\/06\/20180617_haenger_leer-600x231.jpg 600w, https:\/\/www.andreas-edler.de\/blog\/wp-content\/uploads\/2018\/06\/20180617_haenger_leer-900x347.jpg 900w, https:\/\/www.andreas-edler.de\/blog\/wp-content\/uploads\/2018\/06\/20180617_haenger_leer.jpg 1280w\" sizes=\"auto, (max-width: 470px) 100vw, 470px\" \/><\/a><figcaption id=\"caption-attachment-163667\" class=\"wp-caption-text\">Abgeladen und kaputt<\/figcaption><\/figure> Danach gab es noch leckeren selbst gemachten Nudel- und Kartoffelsalat und um 21 Uhr sa\u00df ich geduscht, satt und kaputt auf dem Sofa um die zweite Halbzeit eines WM-Spiels zu schauen. Tats\u00e4chlich fielen da auch die ersten Tropfen Regen und ich habe mich ein bisschen gefreut, dass alles unter Dach und Fach war.<\/p>\n","protected":false},"excerpt":{"rendered":"<p>Die Island-Pferde meiner Schwester verbrauchen jedes so ca. eine ganze Wiese Heu. Und das muss man dann auch jedes Jahr aufs neue ernten. Sonst hat immer Papa die Weise gem\u00e4ht, sp\u00e4ter auch ich. Aber im letzten und auch in diesem &hellip;<\/p>\n<p class=\"read-more\"> <a class=\"more-link\" href=\"https:\/\/www.andreas-edler.de\/blog\/2018\/06\/heu-einfahren-2018\/\"> <span class=\"screen-reader-text\">Heu einfahren 2018<\/span> Weiterlesen &raquo;<\/a><\/p>\n","protected":false},"author":1,"featured_media":0,"comment_status":"open","ping_status":"open","sticky":false,"template":"","format":"standard","meta":{"ngg_post_thumbnail":0,"activitypub_content_warning":"","activitypub_content_visibility":"","activitypub_max_image_attachments":2,"activitypub_interaction_policy_quote":"anyone","activitypub_status":"","footnotes":""},"categories":[1],"tags":[48,50,187],"class_list":["post-163664","post","type-post","status-publish","format-standard","hentry","category-allgemein","tag-arbeit","tag-helfen","tag-heu"],"share_on_mastodon":{"url":"","error":""},"_links":{"self":[{"href":"https:\/\/www.andreas-edler.de\/blog\/wp-json\/wp\/v2\/posts\/163664","targetHints":{"allow":["GET"]}}],"collection":[{"href":"https:\/\/www.andreas-edler.de\/blog\/wp-json\/wp\/v2\/posts"}],"about":[{"href":"https:\/\/www.andreas-edler.de\/blog\/wp-json\/wp\/v2\/types\/post"}],"author":[{"embeddable":true,"href":"https:\/\/www.andreas-edler.de\/blog\/wp-json\/wp\/v2\/users\/1"}],"replies":[{"embeddable":true,"href":"https:\/\/www.andreas-edler.de\/blog\/wp-json\/wp\/v2\/comments?post=163664"}],"version-history":[{"count":0,"href":"https:\/\/www.andreas-edler.de\/blog\/wp-json\/wp\/v2\/posts\/163664\/revisions"}],"wp:attachment":[{"href":"https:\/\/www.andreas-edler.de\/blog\/wp-json\/wp\/v2\/media?parent=163664"}],"wp:term":[{"taxonomy":"category","embeddable":true,"href":"https:\/\/www.andreas-edler.de\/blog\/wp-json\/wp\/v2\/categories?post=163664"},{"taxonomy":"post_tag","embeddable":true,"href":"https:\/\/www.andreas-edler.de\/blog\/wp-json\/wp\/v2\/tags?post=163664"}],"curies":[{"name":"wp","href":"https:\/\/api.w.org\/{rel}","templated":true}]}}