{"id":163660,"date":"2018-06-15T20:43:17","date_gmt":"2018-06-15T18:43:17","guid":{"rendered":"http:\/\/www.andreas-edler.de\/blog\/?p=163660"},"modified":"2018-06-15T20:43:17","modified_gmt":"2018-06-15T18:43:17","slug":"mit-dem-rad-zum-johannes-wesling-klinikum","status":"publish","type":"post","link":"https:\/\/www.andreas-edler.de\/blog\/2018\/06\/mit-dem-rad-zum-johannes-wesling-klinikum\/","title":{"rendered":"Mit dem Rad zum Johannes-Wesling-Klinikum"},"content":{"rendered":"<p>Heute stellte der M\u00fchlenkreisklinik-Vorstand in nicht\u00f6ffentlicher Sitzung sein geplantes Konzept f\u00fcr die Konsolidierung und Neustrukturierung der Kliniken im Kreis vor. Ich habe mich auch angemeldet, da Bad Oeynhausen nicht zuletzt durch den Wegfall der Geburtshilfe-Station doch arg betroffen ist. Und ich habe den Weg genutzt, um ein wenig was f\u00fcr das <a href=\"https:\/\/www.stadtradeln.de\/bad-oeynhausen\/\">Stadtradeln<\/a> zu tun! <!--more--><\/p>\n<p>Hin und zur\u00fcck ca. 24 Kilometer und Google hatte 42 Minuten Fahrtzeit ausgerechnet. Die habe ich f\u00fcr die 12,5 Kilometer des Hinweges nicht ben\u00f6tigt. Gl\u00fccklicherweise bin ich zu fr\u00fch gefahren, so dass ich meine K\u00f6rpertemperatur im Schatten vor der Klinik noch etwas runter sitzen konnte :-)<br \/>\n<iframe src='https:\/\/connect.garmin.com\/modern\/activity\/embed\/2778432412' title='zum Johannes-Wesling-Klinikum' width='465' height='500' frameborder='0'><\/iframe><br \/>\nDie Vortr\u00e4ge und die anschlie\u00dfende Diskussion dauerten l\u00e4nger als erwartet. Ich hatte lediglich mit dem Tenor der Diskussionsbeitr\u00e4ge gerechnet. Die waren alles andere als erfreut. Lediglich aus dem nicht betroffenen Hille waren moderate, wenn auch nicht uneingeschr\u00e4nkt bef\u00fcrwortende T\u00f6ne zu h\u00f6ren.<\/p>\n<p>Um 17:55 Uhr habe ich mich dann wieder in den Sattel gesetzt und bin zur\u00fcck nach Eidinghausen geradelt. War sehr angenehm zu fahren, nur meine Weste war ein wenig zu dick. H\u00e4tte die d\u00fcnnere anziehen sollen. Von der Blue-Bar in Porta Westfalica bis kurz vor den Ortseingang zu Dehme habe ich mich an einen Rennradler geh\u00e4ngt, der mich mit stetig \u00fcber 34 Km\/h &#8222;gezogen&#8220; hat. Ich bin extra etwas versetzt gefahren, damit ich nicht seinen Windschatten &#8222;stehle&#8220; &#8211; aber mehr so f\u00fcr das eigene Gewissen.<\/p>\n<p>Allerdings musste ich dann nach 5 oder 6 Kilometern doch abreissen lassen. Auf dem Bergamont mit breitem Lenker, aufrechter Sitzposition und der Nexus-8-Nabe hatte ich doch etwas zu pusten. Die halbe Strecke in dem Tempo war trotzdem ziemlich gut f\u00fcr die Durchschnittsgeschwindigkeit :-)<br \/>\n<iframe src='https:\/\/connect.garmin.com\/modern\/activity\/embed\/2778921684' title='vom Johannes-Wesling-Klinikum zur\u00fcck' width='465' height='500' frameborder='0'><\/iframe><\/p>\n","protected":false},"excerpt":{"rendered":"<p>Heute stellte der M\u00fchlenkreisklinik-Vorstand in nicht\u00f6ffentlicher Sitzung sein geplantes Konzept f\u00fcr die Konsolidierung und Neustrukturierung der Kliniken im Kreis vor. Ich habe mich auch angemeldet, da Bad Oeynhausen nicht zuletzt durch den Wegfall der Geburtshilfe-Station doch arg betroffen ist. Und &hellip;<\/p>\n<p class=\"read-more\"> <a class=\"more-link\" href=\"https:\/\/www.andreas-edler.de\/blog\/2018\/06\/mit-dem-rad-zum-johannes-wesling-klinikum\/\"> <span class=\"screen-reader-text\">Mit dem Rad zum Johannes-Wesling-Klinikum<\/span> Weiterlesen &raquo;<\/a><\/p>\n","protected":false},"author":1,"featured_media":0,"comment_status":"open","ping_status":"open","sticky":false,"template":"","format":"standard","meta":{"ngg_post_thumbnail":0,"activitypub_content_warning":"","activitypub_content_visibility":"","activitypub_max_image_attachments":2,"activitypub_interaction_policy_quote":"anyone","activitypub_status":"","footnotes":""},"categories":[15,45],"tags":[141,7,352,351,252,77],"class_list":["post-163660","post","type-post","status-publish","format-standard","hentry","category-fahrrad","category-politik","tag-fitness","tag-gesundheit","tag-gruene","tag-muehlenkreiskliniken","tag-stadtradeln","tag-stadtrat"],"share_on_mastodon":{"url":"","error":""},"_links":{"self":[{"href":"https:\/\/www.andreas-edler.de\/blog\/wp-json\/wp\/v2\/posts\/163660","targetHints":{"allow":["GET"]}}],"collection":[{"href":"https:\/\/www.andreas-edler.de\/blog\/wp-json\/wp\/v2\/posts"}],"about":[{"href":"https:\/\/www.andreas-edler.de\/blog\/wp-json\/wp\/v2\/types\/post"}],"author":[{"embeddable":true,"href":"https:\/\/www.andreas-edler.de\/blog\/wp-json\/wp\/v2\/users\/1"}],"replies":[{"embeddable":true,"href":"https:\/\/www.andreas-edler.de\/blog\/wp-json\/wp\/v2\/comments?post=163660"}],"version-history":[{"count":0,"href":"https:\/\/www.andreas-edler.de\/blog\/wp-json\/wp\/v2\/posts\/163660\/revisions"}],"wp:attachment":[{"href":"https:\/\/www.andreas-edler.de\/blog\/wp-json\/wp\/v2\/media?parent=163660"}],"wp:term":[{"taxonomy":"category","embeddable":true,"href":"https:\/\/www.andreas-edler.de\/blog\/wp-json\/wp\/v2\/categories?post=163660"},{"taxonomy":"post_tag","embeddable":true,"href":"https:\/\/www.andreas-edler.de\/blog\/wp-json\/wp\/v2\/tags?post=163660"}],"curies":[{"name":"wp","href":"https:\/\/api.w.org\/{rel}","templated":true}]}}