{"id":163648,"date":"2018-06-14T13:57:39","date_gmt":"2018-06-14T11:57:39","guid":{"rendered":"http:\/\/www.andreas-edler.de\/blog\/?p=163648"},"modified":"2018-06-14T13:57:56","modified_gmt":"2018-06-14T11:57:56","slug":"radfahrer-wurde-die-vorfahrt-genommen","status":"publish","type":"post","link":"https:\/\/www.andreas-edler.de\/blog\/2018\/06\/radfahrer-wurde-die-vorfahrt-genommen\/","title":{"rendered":"Radfahrer wurde die Vorfahrt genommen"},"content":{"rendered":"<p>&#8222;Weil ein Autofahrerin nicht richtig auf den Verkehr achtete, nahm sie einem Radfahrer die Vorfahrt, rammte und verletzte ihn dabei so schwer, dass er ins Krankenhaus eingeliefert werden musste.&#8220; &#8230; so h\u00e4tte die Polizei es deutlich schreiben k\u00f6nnen. Hat sie aber nat\u00fcrlich nicht. <!--more--> <cite><b><a href=\"https:\/\/www.presseportal.de\/blaulicht\/pm\/43553\/3969775\">Radfahrer beim Unfall verletzt<\/a><\/b><br \/>\nBad Oeynhausen (ots) &#8211; Ein Verkehrsunfall auf der Eidinghausener Stra\u00dfe forderte am Dienstagnachmittag einen verletzten Radfahrer.<br \/>\n<br \/>\nEine 60-j\u00e4hrige Autofahrerin aus Bad Oeynhausen fuhr gegen 15.40 Uhr auf der Eidinghausener Stra\u00dfe in Richtung Volmerdingsen und plante nach links in die Stra\u00dfe Am Friedhof abzubiegen. Eine Zeugin, die sich auf der Fahrbahn im Gegenverkehr befand, hielt an, um der Sechzigj\u00e4hrigen das Abbiegen zu erm\u00f6glichen. Beide nahmen einen 16-j\u00e4hrigen Radfahrer, der auf dem Radweg an der Eidinghausener Stra\u00dfe in Richtung Innenstadt fuhr, offenbar nicht wahr und so kam es zu dem Zusammensto\u00df zwischen dem Auto und dem Jugendlichen. Die Rettungswagenbesatzung brachte den Jungen in das Krankenhaus.<\/cite> Der typische Fall an der Eidinghausener Stra\u00dfe. Auch mir ist das in der Form schon mehrfach so passiert, jedoch ohne dass es dabei zu einer Kollision gekommen w\u00e4re. Ich rechne halt (hoffentlich) immer mit der D\u00e4mlichkeit der anderen Verkehrsteilnehmer.<\/p>\n<p>Leider ist dieser Unfall wieder der Beweis, wie unsicher abgesetzte Radwege sind. Dort sind Radfahrende aus den Augen und aus dem Sinn des motorisierten Verkehrs. Und dann passiert genau soetwas. Leider bekommt es die Polizei auch nicht hin, das Fehlverhalten der KFZ-Fahrenden zu benennen. Anders \u00fcbrigens, als es bei Radfahrenden ist. Dort wird von unseren Freunden und Helfern immer explizit beschrieben, was alles falsch war (sofern das denn mal vorkommt). Dass hier zwei Autofahrer wieder einmal Mist gemacht haben, bleibt unerw\u00e4hnt. Es liest sich so, als sei es in der Situation unvermeidlich, dass es zum Zusammensto\u00df kam. War es aber eben ganz und gar nicht!<\/p>\n<p>So \u00e4ndert sich nichts und es werden weiter Sch\u00fcler, Frauen, Senioren und Kinder verletzt oder get\u00f6tet. Solche &#8222;Kampfradler&#8220; wie ich sind seltener in Unf\u00e4lle verwickelt, weil sie die meisten Situationen erahnen und das Fehlverhalten des MIV kennen.<\/p>\n<p>Warum gibt es eigentlich keinen Aufschrei, wenn v\u00f6llig wahllos fast t\u00e4glich Radfahrende get\u00f6tet werden? Das wird einfach hingenommen. F\u00fcr andere Sachen werden Brennpunkte im Fernsehen gesendet und Talkshows geflutet. Aber das T\u00f6ten des Verkehrs wird apathisch hingenommen. Ekelhaft.<\/p>\n","protected":false},"excerpt":{"rendered":"<p>&#8222;Weil ein Autofahrerin nicht richtig auf den Verkehr achtete, nahm sie einem Radfahrer die Vorfahrt, rammte und verletzte ihn dabei so schwer, dass er ins Krankenhaus eingeliefert werden musste.&#8220; &#8230; so h\u00e4tte die Polizei es deutlich schreiben k\u00f6nnen. Hat sie &hellip;<\/p>\n<p class=\"read-more\"> <a class=\"more-link\" href=\"https:\/\/www.andreas-edler.de\/blog\/2018\/06\/radfahrer-wurde-die-vorfahrt-genommen\/\"> <span class=\"screen-reader-text\">Radfahrer wurde die Vorfahrt genommen<\/span> Weiterlesen &raquo;<\/a><\/p>\n","protected":false},"author":1,"featured_media":0,"comment_status":"open","ping_status":"open","sticky":false,"template":"","format":"standard","meta":{"ngg_post_thumbnail":0,"activitypub_content_warning":"","activitypub_content_visibility":"","activitypub_max_image_attachments":2,"activitypub_interaction_policy_quote":"anyone","activitypub_status":"","footnotes":""},"categories":[14,15,45,13],"tags":[109,262,110,75,34,127,207],"class_list":["post-163648","post","type-post","status-publish","format-standard","hentry","category-bad-oeynhausen","category-fahrrad","category-politik","category-verkehr","tag-adfc","tag-eidinghausener-strasse","tag-fahrradfreundliche-stadt","tag-grun","tag-kommunikation","tag-polizei","tag-radweg"],"share_on_mastodon":{"url":"","error":""},"_links":{"self":[{"href":"https:\/\/www.andreas-edler.de\/blog\/wp-json\/wp\/v2\/posts\/163648","targetHints":{"allow":["GET"]}}],"collection":[{"href":"https:\/\/www.andreas-edler.de\/blog\/wp-json\/wp\/v2\/posts"}],"about":[{"href":"https:\/\/www.andreas-edler.de\/blog\/wp-json\/wp\/v2\/types\/post"}],"author":[{"embeddable":true,"href":"https:\/\/www.andreas-edler.de\/blog\/wp-json\/wp\/v2\/users\/1"}],"replies":[{"embeddable":true,"href":"https:\/\/www.andreas-edler.de\/blog\/wp-json\/wp\/v2\/comments?post=163648"}],"version-history":[{"count":0,"href":"https:\/\/www.andreas-edler.de\/blog\/wp-json\/wp\/v2\/posts\/163648\/revisions"}],"wp:attachment":[{"href":"https:\/\/www.andreas-edler.de\/blog\/wp-json\/wp\/v2\/media?parent=163648"}],"wp:term":[{"taxonomy":"category","embeddable":true,"href":"https:\/\/www.andreas-edler.de\/blog\/wp-json\/wp\/v2\/categories?post=163648"},{"taxonomy":"post_tag","embeddable":true,"href":"https:\/\/www.andreas-edler.de\/blog\/wp-json\/wp\/v2\/tags?post=163648"}],"curies":[{"name":"wp","href":"https:\/\/api.w.org\/{rel}","templated":true}]}}