{"id":163637,"date":"2018-06-10T17:20:33","date_gmt":"2018-06-10T15:20:33","guid":{"rendered":"http:\/\/www.andreas-edler.de\/blog\/?p=163637"},"modified":"2018-06-10T17:20:33","modified_gmt":"2018-06-10T15:20:33","slug":"das-stadtradeln-beginnt-mit-einer-nachmittagsrunde-auf-der-nordumgehung","status":"publish","type":"post","link":"https:\/\/www.andreas-edler.de\/blog\/2018\/06\/das-stadtradeln-beginnt-mit-einer-nachmittagsrunde-auf-der-nordumgehung\/","title":{"rendered":"Das Stadtradeln beginnt mit einer Nachmittagsrunde auf der Nordumgehung"},"content":{"rendered":"<p><figure id=\"attachment_163638\" aria-describedby=\"caption-attachment-163638\" style=\"width: 250px\" class=\"wp-caption alignright\"><a href=\"http:\/\/www.andreas-edler.de\/blog\/wp-content\/uploads\/2018\/06\/20180610_asphalt.jpg\"><img loading=\"lazy\" decoding=\"async\" src=\"http:\/\/www.andreas-edler.de\/blog\/wp-content\/uploads\/2018\/06\/20180610_asphalt-250x147.jpg\" alt=\"\" width=\"250\" height=\"147\" class=\"size-medium wp-image-163638\" srcset=\"https:\/\/www.andreas-edler.de\/blog\/wp-content\/uploads\/2018\/06\/20180610_asphalt-250x147.jpg 250w, https:\/\/www.andreas-edler.de\/blog\/wp-content\/uploads\/2018\/06\/20180610_asphalt-768x452.jpg 768w, https:\/\/www.andreas-edler.de\/blog\/wp-content\/uploads\/2018\/06\/20180610_asphalt-470x277.jpg 470w, https:\/\/www.andreas-edler.de\/blog\/wp-content\/uploads\/2018\/06\/20180610_asphalt-100x59.jpg 100w, https:\/\/www.andreas-edler.de\/blog\/wp-content\/uploads\/2018\/06\/20180610_asphalt-150x88.jpg 150w, https:\/\/www.andreas-edler.de\/blog\/wp-content\/uploads\/2018\/06\/20180610_asphalt-200x118.jpg 200w, https:\/\/www.andreas-edler.de\/blog\/wp-content\/uploads\/2018\/06\/20180610_asphalt-300x177.jpg 300w, https:\/\/www.andreas-edler.de\/blog\/wp-content\/uploads\/2018\/06\/20180610_asphalt-450x265.jpg 450w, https:\/\/www.andreas-edler.de\/blog\/wp-content\/uploads\/2018\/06\/20180610_asphalt-600x353.jpg 600w, https:\/\/www.andreas-edler.de\/blog\/wp-content\/uploads\/2018\/06\/20180610_asphalt-900x530.jpg 900w, https:\/\/www.andreas-edler.de\/blog\/wp-content\/uploads\/2018\/06\/20180610_asphalt.jpg 1280w\" sizes=\"auto, (max-width: 250px) 100vw, 250px\" \/><\/a><figcaption id=\"caption-attachment-163638\" class=\"wp-caption-text\">Sch\u00f6n glatter Asphalt<\/figcaption><\/figure> Nachdem ich mich heute morgen eine Stunde im Bett gew\u00e4lzt habe, bevor ich eine Sumatriptan nahm, ging&#8217;s mir heute nachmittag etwas besser. Alex wollte sich gegen 16 Uhr mit ihrer Schwester treffen, da habe ich mich anl\u00e4sslich des Beginn vom Stadtradeln noch mal schnell in den Sattel geschwungen, damit ich nicht am ersten Tag ohne Kilometer auf der Uhr dastehe. <!--more--><\/p>\n<p>Da es echt nur kurz sein sollte, bin ich fix zur Nordumgehung gefahren und diese von Dehme bis zum Tunnel und von dort bis zum Kreuz L\u00f6hne und wieder zur\u00fcck gefahren. Auf dem &#8222;Hinweg&#8220; musste ich \u00fcber abgefr\u00e4sten Asphlat fahren. Die Decke war ja ohne dass sie je richtig freigegeben worden w\u00e4re, schon kaputt. Das war ein bisschen nervig zu fahren, auch wenn die dicken Schwalbe Kojak das meiste weggeb\u00fcgelt haben. Der Weg zur\u00fcck war dann auf dem neuen OPA und fuhr sich ganz ausgezeichnet.<\/p>\n<p>Um das Stadtradeln habe ich mich dieses Jahr kaum gek\u00fcmmert. Im letzten Jahr habe ich drei Teams angemeldet und daf\u00fcr &#8222;Mecker&#8220; bekommen. Nun habe ich das dieses Jahr nicht getan und werde prompt gefragt, wo die Teams denn bleiben. Nun, das eine gibt es nicht, weil das Stadtradeln von Bad Oeynhausen mal wieder nur in hom\u00f6opathischen Dosen beworben wird. Das hat bei uns schlicht gar keiner bemerkt. So ist das n\u00e4mlich.<\/p>\n<p>Falls noch jemand mitmachen m\u00f6chte, steht ihm unser <a href=\"https:\/\/www.stadtradeln.de\/index.php?&#038;id=171&#038;team_preselect=344089\">Team der Gr\u00fcnen in Bad Oeynhausen<\/a> jederzeit offen! Herzlich willkommen!<\/p>\n<p><iframe src='https:\/\/connect.garmin.com\/modern\/activity\/embed\/2766468563' title='Nordumgehung vom Tunnel bis Kreuz L\u00f6hne' width='465' height='500' frameborder='0'><\/iframe><\/p>\n","protected":false},"excerpt":{"rendered":"<p>Nachdem ich mich heute morgen eine Stunde im Bett gew\u00e4lzt habe, bevor ich eine Sumatriptan nahm, ging&#8217;s mir heute nachmittag etwas besser. Alex wollte sich gegen 16 Uhr mit ihrer Schwester treffen, da habe ich mich anl\u00e4sslich des Beginn vom &hellip;<\/p>\n<p class=\"read-more\"> <a class=\"more-link\" href=\"https:\/\/www.andreas-edler.de\/blog\/2018\/06\/das-stadtradeln-beginnt-mit-einer-nachmittagsrunde-auf-der-nordumgehung\/\"> <span class=\"screen-reader-text\">Das Stadtradeln beginnt mit einer Nachmittagsrunde auf der Nordumgehung<\/span> Weiterlesen &raquo;<\/a><\/p>\n","protected":false},"author":1,"featured_media":0,"comment_status":"open","ping_status":"open","sticky":false,"template":"","format":"standard","meta":{"ngg_post_thumbnail":0,"activitypub_content_warning":"","activitypub_content_visibility":"","activitypub_max_image_attachments":2,"activitypub_interaction_policy_quote":"anyone","activitypub_status":"","footnotes":""},"categories":[14,15],"tags":[110,141,35,252],"class_list":["post-163637","post","type-post","status-publish","format-standard","hentry","category-bad-oeynhausen","category-fahrrad","tag-fahrradfreundliche-stadt","tag-fitness","tag-nordumgehung","tag-stadtradeln"],"share_on_mastodon":{"url":"","error":""},"_links":{"self":[{"href":"https:\/\/www.andreas-edler.de\/blog\/wp-json\/wp\/v2\/posts\/163637","targetHints":{"allow":["GET"]}}],"collection":[{"href":"https:\/\/www.andreas-edler.de\/blog\/wp-json\/wp\/v2\/posts"}],"about":[{"href":"https:\/\/www.andreas-edler.de\/blog\/wp-json\/wp\/v2\/types\/post"}],"author":[{"embeddable":true,"href":"https:\/\/www.andreas-edler.de\/blog\/wp-json\/wp\/v2\/users\/1"}],"replies":[{"embeddable":true,"href":"https:\/\/www.andreas-edler.de\/blog\/wp-json\/wp\/v2\/comments?post=163637"}],"version-history":[{"count":0,"href":"https:\/\/www.andreas-edler.de\/blog\/wp-json\/wp\/v2\/posts\/163637\/revisions"}],"wp:attachment":[{"href":"https:\/\/www.andreas-edler.de\/blog\/wp-json\/wp\/v2\/media?parent=163637"}],"wp:term":[{"taxonomy":"category","embeddable":true,"href":"https:\/\/www.andreas-edler.de\/blog\/wp-json\/wp\/v2\/categories?post=163637"},{"taxonomy":"post_tag","embeddable":true,"href":"https:\/\/www.andreas-edler.de\/blog\/wp-json\/wp\/v2\/tags?post=163637"}],"curies":[{"name":"wp","href":"https:\/\/api.w.org\/{rel}","templated":true}]}}