{"id":163584,"date":"2018-05-31T23:54:12","date_gmt":"2018-05-31T21:54:12","guid":{"rendered":"http:\/\/www.andreas-edler.de\/blog\/?p=163584"},"modified":"2018-06-03T20:12:35","modified_gmt":"2018-06-03T18:12:35","slug":"verkehrsmittel-und-wetterlage-im-mai-2018","status":"publish","type":"post","link":"https:\/\/www.andreas-edler.de\/blog\/2018\/05\/verkehrsmittel-und-wetterlage-im-mai-2018\/","title":{"rendered":"Verkehrsmittel und Wetterlage im Mai 2018"},"content":{"rendered":"<p><figure id=\"attachment_163585\" aria-describedby=\"caption-attachment-163585\" style=\"width: 250px\" class=\"wp-caption alignright\"><a href=\"http:\/\/www.andreas-edler.de\/blog\/wp-content\/uploads\/2018\/06\/20180531_statistik.png\"><img loading=\"lazy\" decoding=\"async\" src=\"http:\/\/www.andreas-edler.de\/blog\/wp-content\/uploads\/2018\/06\/20180531_statistik-250x124.png\" alt=\"\" width=\"250\" height=\"124\" class=\"size-medium wp-image-163585\" srcset=\"https:\/\/www.andreas-edler.de\/blog\/wp-content\/uploads\/2018\/06\/20180531_statistik-250x124.png 250w, https:\/\/www.andreas-edler.de\/blog\/wp-content\/uploads\/2018\/06\/20180531_statistik-470x232.png 470w, https:\/\/www.andreas-edler.de\/blog\/wp-content\/uploads\/2018\/06\/20180531_statistik-100x49.png 100w, https:\/\/www.andreas-edler.de\/blog\/wp-content\/uploads\/2018\/06\/20180531_statistik-150x74.png 150w, https:\/\/www.andreas-edler.de\/blog\/wp-content\/uploads\/2018\/06\/20180531_statistik-200x99.png 200w, https:\/\/www.andreas-edler.de\/blog\/wp-content\/uploads\/2018\/06\/20180531_statistik-300x148.png 300w, https:\/\/www.andreas-edler.de\/blog\/wp-content\/uploads\/2018\/06\/20180531_statistik-450x222.png 450w, https:\/\/www.andreas-edler.de\/blog\/wp-content\/uploads\/2018\/06\/20180531_statistik-600x297.png 600w, https:\/\/www.andreas-edler.de\/blog\/wp-content\/uploads\/2018\/06\/20180531_statistik.png 601w\" sizes=\"auto, (max-width: 250px) 100vw, 250px\" \/><\/a><figcaption id=\"caption-attachment-163585\" class=\"wp-caption-text\">Arbeitstage 2018 bis Ende Mai<\/figcaption><\/figure> Und wieder ein Monat vergangen &#8211; und ich habe die Statistik nicht vergessen. In diesem Jahr bin ich nun an insgesamt 93 Tagen zur Arbeit gefahren. Werktage gab es mit 106 mehr, aber ich war im Januar einige Tage krank inkl. Krankenhausaufenthalt und einige freie Tage hatte ich auch schon. <!--more--><\/p>\n<p>An 81 Tagen benutzte ich das Fahrrad, um ins B\u00fcro zu gelangen. Zweimal bin ich mit der Bahn gefahren &#8211; im letzten Monat habe ich diese Tage noch dem Auto zugerechnet und tats\u00e4chlich habe ich f\u00fcr den Weg zum Bahnhof auch den PKW genutzt, dabei aber noch eine Arbeitskollegin abgeholt und das Gep\u00e4ck transportiert. Da stumpf &#8222;Auto&#8220; zu schreiben fand ich auch nicht so ganz richtig. Also habe ich Kategorie &#8222;Zug&#8220; eingebaut und bin damit zufriedener. <figure id=\"attachment_163587\" aria-describedby=\"caption-attachment-163587\" style=\"width: 470px\" class=\"wp-caption aligncenter\"><a href=\"http:\/\/www.andreas-edler.de\/blog\/wp-content\/uploads\/2018\/06\/20180531_wetterlage.png\"><img loading=\"lazy\" decoding=\"async\" src=\"http:\/\/www.andreas-edler.de\/blog\/wp-content\/uploads\/2018\/06\/20180531_wetterlage-470x219.png\" alt=\"\" width=\"470\" height=\"219\" class=\"size-large wp-image-163587\" srcset=\"https:\/\/www.andreas-edler.de\/blog\/wp-content\/uploads\/2018\/06\/20180531_wetterlage-470x219.png 470w, https:\/\/www.andreas-edler.de\/blog\/wp-content\/uploads\/2018\/06\/20180531_wetterlage-250x117.png 250w, https:\/\/www.andreas-edler.de\/blog\/wp-content\/uploads\/2018\/06\/20180531_wetterlage-100x47.png 100w, https:\/\/www.andreas-edler.de\/blog\/wp-content\/uploads\/2018\/06\/20180531_wetterlage-150x70.png 150w, https:\/\/www.andreas-edler.de\/blog\/wp-content\/uploads\/2018\/06\/20180531_wetterlage-200x93.png 200w, https:\/\/www.andreas-edler.de\/blog\/wp-content\/uploads\/2018\/06\/20180531_wetterlage-300x140.png 300w, https:\/\/www.andreas-edler.de\/blog\/wp-content\/uploads\/2018\/06\/20180531_wetterlage-450x210.png 450w, https:\/\/www.andreas-edler.de\/blog\/wp-content\/uploads\/2018\/06\/20180531_wetterlage.png 598w\" sizes=\"auto, (max-width: 470px) 100vw, 470px\" \/><\/a><figcaption id=\"caption-attachment-163587\" class=\"wp-caption-text\">Wetterlage in 2018 bis Ende Mai<\/figcaption><\/figure> Das Wetter im Mai war bombastisch und hei\u00df! Geregnet hat es gar nicht, trotzdem habe ich eine Woche lang den PKW genutzt. Ich musste all unsere Filialen besuchen und dort Hardware installieren, die ich im Kofferraum gelagert und transportiert habe. Ist halt manchmal so und ich sage ja auch immer, dass es durchaus sein kann, dass man ein Auto nutzen muss. Au\u00dferdem war der Monat Mai reich an Feier- und Br\u00fcckentagen. <figure id=\"attachment_163586\" aria-describedby=\"caption-attachment-163586\" style=\"width: 470px\" class=\"wp-caption aligncenter\"><a href=\"http:\/\/www.andreas-edler.de\/blog\/wp-content\/uploads\/2018\/06\/20180531_verkehrsmittel.png\"><img loading=\"lazy\" decoding=\"async\" src=\"http:\/\/www.andreas-edler.de\/blog\/wp-content\/uploads\/2018\/06\/20180531_verkehrsmittel-470x270.png\" alt=\"\" width=\"470\" height=\"270\" class=\"size-large wp-image-163586\" srcset=\"https:\/\/www.andreas-edler.de\/blog\/wp-content\/uploads\/2018\/06\/20180531_verkehrsmittel-470x270.png 470w, https:\/\/www.andreas-edler.de\/blog\/wp-content\/uploads\/2018\/06\/20180531_verkehrsmittel-250x144.png 250w, https:\/\/www.andreas-edler.de\/blog\/wp-content\/uploads\/2018\/06\/20180531_verkehrsmittel-100x57.png 100w, https:\/\/www.andreas-edler.de\/blog\/wp-content\/uploads\/2018\/06\/20180531_verkehrsmittel-150x86.png 150w, https:\/\/www.andreas-edler.de\/blog\/wp-content\/uploads\/2018\/06\/20180531_verkehrsmittel-200x115.png 200w, https:\/\/www.andreas-edler.de\/blog\/wp-content\/uploads\/2018\/06\/20180531_verkehrsmittel-300x172.png 300w, https:\/\/www.andreas-edler.de\/blog\/wp-content\/uploads\/2018\/06\/20180531_verkehrsmittel-450x259.png 450w, https:\/\/www.andreas-edler.de\/blog\/wp-content\/uploads\/2018\/06\/20180531_verkehrsmittel.png 595w\" sizes=\"auto, (max-width: 470px) 100vw, 470px\" \/><\/a><figcaption id=\"caption-attachment-163586\" class=\"wp-caption-text\">Benutzte Verkehrsmittel in 2018 bis Ende Mai<\/figcaption><\/figure> Dadurch waren es am Ende nicht ganz 82 Kilometer, welche ich im Mai statt mit dem Auto mit dem Rad zur Arbeit gefahren bin.<\/p>\n","protected":false},"excerpt":{"rendered":"<p>Und wieder ein Monat vergangen &#8211; und ich habe die Statistik nicht vergessen. In diesem Jahr bin ich nun an insgesamt 93 Tagen zur Arbeit gefahren. Werktage gab es mit 106 mehr, aber ich war im Januar einige Tage krank &hellip;<\/p>\n<p class=\"read-more\"> <a class=\"more-link\" href=\"https:\/\/www.andreas-edler.de\/blog\/2018\/05\/verkehrsmittel-und-wetterlage-im-mai-2018\/\"> <span class=\"screen-reader-text\">Verkehrsmittel und Wetterlage im Mai 2018<\/span> Weiterlesen &raquo;<\/a><\/p>\n","protected":false},"author":1,"featured_media":0,"comment_status":"open","ping_status":"open","sticky":false,"template":"","format":"standard","meta":{"ngg_post_thumbnail":0,"activitypub_content_warning":"","activitypub_content_visibility":"","activitypub_max_image_attachments":2,"activitypub_interaction_policy_quote":"anyone","activitypub_status":"","footnotes":""},"categories":[15,13],"tags":[37,158,244],"class_list":["post-163584","post","type-post","status-publish","format-standard","hentry","category-fahrrad","category-verkehr","tag-auto","tag-mit-dem-rad-zur-arbeit","tag-verkehrsmittel-und-wetterlage"],"share_on_mastodon":{"url":"","error":""},"_links":{"self":[{"href":"https:\/\/www.andreas-edler.de\/blog\/wp-json\/wp\/v2\/posts\/163584","targetHints":{"allow":["GET"]}}],"collection":[{"href":"https:\/\/www.andreas-edler.de\/blog\/wp-json\/wp\/v2\/posts"}],"about":[{"href":"https:\/\/www.andreas-edler.de\/blog\/wp-json\/wp\/v2\/types\/post"}],"author":[{"embeddable":true,"href":"https:\/\/www.andreas-edler.de\/blog\/wp-json\/wp\/v2\/users\/1"}],"replies":[{"embeddable":true,"href":"https:\/\/www.andreas-edler.de\/blog\/wp-json\/wp\/v2\/comments?post=163584"}],"version-history":[{"count":0,"href":"https:\/\/www.andreas-edler.de\/blog\/wp-json\/wp\/v2\/posts\/163584\/revisions"}],"wp:attachment":[{"href":"https:\/\/www.andreas-edler.de\/blog\/wp-json\/wp\/v2\/media?parent=163584"}],"wp:term":[{"taxonomy":"category","embeddable":true,"href":"https:\/\/www.andreas-edler.de\/blog\/wp-json\/wp\/v2\/categories?post=163584"},{"taxonomy":"post_tag","embeddable":true,"href":"https:\/\/www.andreas-edler.de\/blog\/wp-json\/wp\/v2\/tags?post=163584"}],"curies":[{"name":"wp","href":"https:\/\/api.w.org\/{rel}","templated":true}]}}