{"id":163577,"date":"2018-06-01T15:34:49","date_gmt":"2018-06-01T13:34:49","guid":{"rendered":"https:\/\/www.andreas-edler.de\/blog\/?p=163577"},"modified":"2018-06-04T08:27:14","modified_gmt":"2018-06-04T06:27:14","slug":"mitten-im-gewitter","status":"publish","type":"post","link":"https:\/\/www.andreas-edler.de\/blog\/2018\/06\/mitten-im-gewitter\/","title":{"rendered":"Mitten im Gewitter"},"content":{"rendered":"<p><figure id=\"attachment_163576\" aria-describedby=\"caption-attachment-163576\" style=\"width: 250px\" class=\"wp-caption alignright\"><a href=\"http:\/\/www.andreas-edler.de\/blog\/wp-content\/uploads\/2018\/06\/img_20180601_1520594006928908295619872.jpg\"><img loading=\"lazy\" decoding=\"async\" src=\"http:\/\/www.andreas-edler.de\/blog\/wp-content\/uploads\/2018\/06\/img_20180601_1520594006928908295619872-250x141.jpg\" alt=\"\" width=\"250\" height=\"141\" class=\"size-medium wp-image-163576\" srcset=\"https:\/\/www.andreas-edler.de\/blog\/wp-content\/uploads\/2018\/06\/img_20180601_1520594006928908295619872-250x141.jpg 250w, https:\/\/www.andreas-edler.de\/blog\/wp-content\/uploads\/2018\/06\/img_20180601_1520594006928908295619872-768x432.jpg 768w, https:\/\/www.andreas-edler.de\/blog\/wp-content\/uploads\/2018\/06\/img_20180601_1520594006928908295619872-470x264.jpg 470w, https:\/\/www.andreas-edler.de\/blog\/wp-content\/uploads\/2018\/06\/img_20180601_1520594006928908295619872-100x56.jpg 100w, https:\/\/www.andreas-edler.de\/blog\/wp-content\/uploads\/2018\/06\/img_20180601_1520594006928908295619872-150x84.jpg 150w, https:\/\/www.andreas-edler.de\/blog\/wp-content\/uploads\/2018\/06\/img_20180601_1520594006928908295619872-200x113.jpg 200w, https:\/\/www.andreas-edler.de\/blog\/wp-content\/uploads\/2018\/06\/img_20180601_1520594006928908295619872-300x169.jpg 300w, https:\/\/www.andreas-edler.de\/blog\/wp-content\/uploads\/2018\/06\/img_20180601_1520594006928908295619872-450x253.jpg 450w, https:\/\/www.andreas-edler.de\/blog\/wp-content\/uploads\/2018\/06\/img_20180601_1520594006928908295619872-600x338.jpg 600w, https:\/\/www.andreas-edler.de\/blog\/wp-content\/uploads\/2018\/06\/img_20180601_1520594006928908295619872-900x506.jpg 900w\" sizes=\"auto, (max-width: 250px) 100vw, 250px\" \/><\/a><figcaption id=\"caption-attachment-163576\" class=\"wp-caption-text\">Gewittergesicht<\/figcaption><\/figure><br \/>\nWir dachten eigentlich, das Gewitter w\u00fcrde vor uns fliehen &#8230; aber so kam es offensichtlich nicht.<\/p>\n<p>Nun stehen wir mit trockenen Klamotten unter einer Br\u00fccke und warten, dass die Sintflut aufh\u00f6rt. Drei\u00dfig Kilometer haben wir noch bis Papenburg und ab 18 Uhr soll es aufh\u00f6ren zu regnen. Das wird ein Spa\u00df.<\/p>\n","protected":false},"excerpt":{"rendered":"<p>Wir dachten eigentlich, das Gewitter w\u00fcrde vor uns fliehen &#8230; aber so kam es offensichtlich nicht. Nun stehen wir mit trockenen Klamotten unter einer Br\u00fccke und warten, dass die Sintflut aufh\u00f6rt. Drei\u00dfig Kilometer haben wir noch bis Papenburg und ab &hellip;<\/p>\n<p class=\"read-more\"> <a class=\"more-link\" href=\"https:\/\/www.andreas-edler.de\/blog\/2018\/06\/mitten-im-gewitter\/\"> <span class=\"screen-reader-text\">Mitten im Gewitter<\/span> Weiterlesen &raquo;<\/a><\/p>\n","protected":false},"author":1,"featured_media":0,"comment_status":"open","ping_status":"open","sticky":false,"template":"","format":"standard","meta":{"ngg_post_thumbnail":0,"activitypub_content_warning":"","activitypub_content_visibility":"","activitypub_max_image_attachments":2,"activitypub_interaction_policy_quote":"anyone","activitypub_status":"","footnotes":""},"categories":[1,15],"tags":[17,346,5,102,53],"class_list":["post-163577","post","type-post","status-publish","format-standard","hentry","category-allgemein","category-fahrrad","tag-auf-der-piste","tag-emsradweg","tag-unterwegs","tag-urlaub","tag-wetter"],"share_on_mastodon":{"url":"","error":""},"_links":{"self":[{"href":"https:\/\/www.andreas-edler.de\/blog\/wp-json\/wp\/v2\/posts\/163577","targetHints":{"allow":["GET"]}}],"collection":[{"href":"https:\/\/www.andreas-edler.de\/blog\/wp-json\/wp\/v2\/posts"}],"about":[{"href":"https:\/\/www.andreas-edler.de\/blog\/wp-json\/wp\/v2\/types\/post"}],"author":[{"embeddable":true,"href":"https:\/\/www.andreas-edler.de\/blog\/wp-json\/wp\/v2\/users\/1"}],"replies":[{"embeddable":true,"href":"https:\/\/www.andreas-edler.de\/blog\/wp-json\/wp\/v2\/comments?post=163577"}],"version-history":[{"count":0,"href":"https:\/\/www.andreas-edler.de\/blog\/wp-json\/wp\/v2\/posts\/163577\/revisions"}],"wp:attachment":[{"href":"https:\/\/www.andreas-edler.de\/blog\/wp-json\/wp\/v2\/media?parent=163577"}],"wp:term":[{"taxonomy":"category","embeddable":true,"href":"https:\/\/www.andreas-edler.de\/blog\/wp-json\/wp\/v2\/categories?post=163577"},{"taxonomy":"post_tag","embeddable":true,"href":"https:\/\/www.andreas-edler.de\/blog\/wp-json\/wp\/v2\/tags?post=163577"}],"curies":[{"name":"wp","href":"https:\/\/api.w.org\/{rel}","templated":true}]}}