{"id":163539,"date":"2018-05-27T14:35:18","date_gmt":"2018-05-27T12:35:18","guid":{"rendered":"http:\/\/www.andreas-edler.de\/blog\/?p=163539"},"modified":"2018-05-27T14:35:18","modified_gmt":"2018-05-27T12:35:18","slug":"neue-markierung-am-westkorso","status":"publish","type":"post","link":"https:\/\/www.andreas-edler.de\/blog\/2018\/05\/neue-markierung-am-westkorso\/","title":{"rendered":"Neue Markierung am Westkorso"},"content":{"rendered":"<div class=\"bild\" style=\"font-size: smaller;\"><img decoding=\"async\" src=\"http:\/\/www.andreas-edler.de\/grafik\/logo_rad.png\" alt=\"Logo: Fahrrad\" title=\"Logo: Fahrrad\" width=\"250\" border=\"0\"><\/div>\n<p> Nachdem ich am <a href=\"http:\/\/www.andreas-edler.de\/blog\/2018\/05\/keine-weitere-absicherung-am-westkorso-noetig\/\">16.05. an den gleichen Verteiler<\/a>, an den auch die unzureichende Antwort auf meine Anfrage im ASE gegangen ist, eine Reihe von Bildern schickte, die m.E. ganz gut zeigten wie so eine gestrichelte Linie von Autofahrenden beachtet wird, hat sich etwas getan. <a href=\"http:\/\/www.andreas-edler.de\/blog\/2018\/05\/westkorso-bekommt-kurze-radspur-statt-schutzstreifen\/\">Zwei Tage sp\u00e4ter bereits telefonisch ein Avis, was ge\u00e4ndert wird<\/a> und am <a href=\"https:\/\/twitter.com\/bondalex\/status\/1000028747565846529\">Freitag wurde ich schon per Twitter auf den Vollzug hingewiesen<\/a>. <!--more--> <figure id=\"attachment_163541\" aria-describedby=\"caption-attachment-163541\" style=\"width: 470px\" class=\"wp-caption aligncenter\"><a href=\"http:\/\/www.andreas-edler.de\/blog\/wp-content\/uploads\/2018\/05\/20180527_neue_markierung_westkorso.jpg\"><img loading=\"lazy\" decoding=\"async\" src=\"http:\/\/www.andreas-edler.de\/blog\/wp-content\/uploads\/2018\/05\/20180527_neue_markierung_westkorso-470x194.jpg\" alt=\"\" width=\"470\" height=\"194\" class=\"size-large wp-image-163541\" srcset=\"https:\/\/www.andreas-edler.de\/blog\/wp-content\/uploads\/2018\/05\/20180527_neue_markierung_westkorso-470x194.jpg 470w, https:\/\/www.andreas-edler.de\/blog\/wp-content\/uploads\/2018\/05\/20180527_neue_markierung_westkorso-250x103.jpg 250w, https:\/\/www.andreas-edler.de\/blog\/wp-content\/uploads\/2018\/05\/20180527_neue_markierung_westkorso-768x316.jpg 768w, https:\/\/www.andreas-edler.de\/blog\/wp-content\/uploads\/2018\/05\/20180527_neue_markierung_westkorso-100x41.jpg 100w, https:\/\/www.andreas-edler.de\/blog\/wp-content\/uploads\/2018\/05\/20180527_neue_markierung_westkorso-150x62.jpg 150w, https:\/\/www.andreas-edler.de\/blog\/wp-content\/uploads\/2018\/05\/20180527_neue_markierung_westkorso-200x82.jpg 200w, https:\/\/www.andreas-edler.de\/blog\/wp-content\/uploads\/2018\/05\/20180527_neue_markierung_westkorso-300x124.jpg 300w, https:\/\/www.andreas-edler.de\/blog\/wp-content\/uploads\/2018\/05\/20180527_neue_markierung_westkorso-450x185.jpg 450w, https:\/\/www.andreas-edler.de\/blog\/wp-content\/uploads\/2018\/05\/20180527_neue_markierung_westkorso-600x247.jpg 600w, https:\/\/www.andreas-edler.de\/blog\/wp-content\/uploads\/2018\/05\/20180527_neue_markierung_westkorso-900x371.jpg 900w, https:\/\/www.andreas-edler.de\/blog\/wp-content\/uploads\/2018\/05\/20180527_neue_markierung_westkorso.jpg 1280w\" sizes=\"auto, (max-width: 470px) 100vw, 470px\" \/><\/a><figcaption id=\"caption-attachment-163541\" class=\"wp-caption-text\">Durchgezogene Linie statt gestrichelt<\/figcaption><\/figure> Die Markierung ist nun durchgezogen und nicht mehr gestrichelt und sie f\u00fchrt auf in gerader Linie bis zur Einm\u00fcndung in die Herforder Stra\u00dfe und folgt nicht mehr viel zu schmal dem Randstein. Besser! Und in den wenigen Minuten die ich eben dort quasi im Vorbeifahren stand, haben sich auch alle an die Markierung gehalten. Man sah richtig, dass viele auf den Streifen fahren wollten, die Autos nach links schwenkten und dann ruckartig rumgerissen wurden. Ein Autofahrer konnte es nicht lassen und fuhr zweispurig neben einem anderen KFZ an die Einm\u00fcndung, aber beim Rest war alles in Ordnung. <figure id=\"attachment_163542\" aria-describedby=\"caption-attachment-163542\" style=\"width: 470px\" class=\"wp-caption aligncenter\"><a href=\"http:\/\/www.andreas-edler.de\/blog\/wp-content\/uploads\/2018\/05\/20180527_parkverbot_westkorso.jpg\"><img loading=\"lazy\" decoding=\"async\" src=\"http:\/\/www.andreas-edler.de\/blog\/wp-content\/uploads\/2018\/05\/20180527_parkverbot_westkorso-470x216.jpg\" alt=\"\" width=\"470\" height=\"216\" class=\"size-large wp-image-163542\" srcset=\"https:\/\/www.andreas-edler.de\/blog\/wp-content\/uploads\/2018\/05\/20180527_parkverbot_westkorso-470x216.jpg 470w, https:\/\/www.andreas-edler.de\/blog\/wp-content\/uploads\/2018\/05\/20180527_parkverbot_westkorso-250x115.jpg 250w, https:\/\/www.andreas-edler.de\/blog\/wp-content\/uploads\/2018\/05\/20180527_parkverbot_westkorso-768x353.jpg 768w, https:\/\/www.andreas-edler.de\/blog\/wp-content\/uploads\/2018\/05\/20180527_parkverbot_westkorso-100x46.jpg 100w, https:\/\/www.andreas-edler.de\/blog\/wp-content\/uploads\/2018\/05\/20180527_parkverbot_westkorso-150x69.jpg 150w, https:\/\/www.andreas-edler.de\/blog\/wp-content\/uploads\/2018\/05\/20180527_parkverbot_westkorso-200x92.jpg 200w, https:\/\/www.andreas-edler.de\/blog\/wp-content\/uploads\/2018\/05\/20180527_parkverbot_westkorso-300x138.jpg 300w, https:\/\/www.andreas-edler.de\/blog\/wp-content\/uploads\/2018\/05\/20180527_parkverbot_westkorso-450x207.jpg 450w, https:\/\/www.andreas-edler.de\/blog\/wp-content\/uploads\/2018\/05\/20180527_parkverbot_westkorso-600x276.jpg 600w, https:\/\/www.andreas-edler.de\/blog\/wp-content\/uploads\/2018\/05\/20180527_parkverbot_westkorso-900x413.jpg 900w, https:\/\/www.andreas-edler.de\/blog\/wp-content\/uploads\/2018\/05\/20180527_parkverbot_westkorso.jpg 1280w\" sizes=\"auto, (max-width: 470px) 100vw, 470px\" \/><\/a><figcaption id=\"caption-attachment-163542\" class=\"wp-caption-text\">Falschparker direkt vor der Radspur<\/figcaption><\/figure> Jetzt muss man sich nur noch um die Einhaltung der Regeln k\u00fcmmern. Es ist mir v\u00f6llig egal, ob Gottesdienst, Weihnachten oder Kommunion ist &#8230; da gelten die Regeln trotzdem.<\/p>\n","protected":false},"excerpt":{"rendered":"<p>Nachdem ich am 16.05. an den gleichen Verteiler, an den auch die unzureichende Antwort auf meine Anfrage im ASE gegangen ist, eine Reihe von Bildern schickte, die m.E. ganz gut zeigten wie so eine gestrichelte Linie von Autofahrenden beachtet wird, &hellip;<\/p>\n<p class=\"read-more\"> <a class=\"more-link\" href=\"https:\/\/www.andreas-edler.de\/blog\/2018\/05\/neue-markierung-am-westkorso\/\"> <span class=\"screen-reader-text\">Neue Markierung am Westkorso<\/span> Weiterlesen &raquo;<\/a><\/p>\n","protected":false},"author":1,"featured_media":0,"comment_status":"open","ping_status":"open","sticky":false,"template":"","format":"standard","meta":{"ngg_post_thumbnail":0,"activitypub_content_warning":"","activitypub_content_visibility":"","activitypub_max_image_attachments":2,"activitypub_interaction_policy_quote":"anyone","activitypub_status":"","footnotes":""},"categories":[14,15,45,13],"tags":[109,110,75,251,207,108,72,327],"class_list":["post-163539","post","type-post","status-publish","format-standard","hentry","category-bad-oeynhausen","category-fahrrad","category-politik","category-verkehr","tag-adfc","tag-fahrradfreundliche-stadt","tag-grun","tag-infrastruktur","tag-radweg","tag-radwegparker","tag-verwaltung","tag-westkorso"],"share_on_mastodon":{"url":"","error":""},"_links":{"self":[{"href":"https:\/\/www.andreas-edler.de\/blog\/wp-json\/wp\/v2\/posts\/163539","targetHints":{"allow":["GET"]}}],"collection":[{"href":"https:\/\/www.andreas-edler.de\/blog\/wp-json\/wp\/v2\/posts"}],"about":[{"href":"https:\/\/www.andreas-edler.de\/blog\/wp-json\/wp\/v2\/types\/post"}],"author":[{"embeddable":true,"href":"https:\/\/www.andreas-edler.de\/blog\/wp-json\/wp\/v2\/users\/1"}],"replies":[{"embeddable":true,"href":"https:\/\/www.andreas-edler.de\/blog\/wp-json\/wp\/v2\/comments?post=163539"}],"version-history":[{"count":0,"href":"https:\/\/www.andreas-edler.de\/blog\/wp-json\/wp\/v2\/posts\/163539\/revisions"}],"wp:attachment":[{"href":"https:\/\/www.andreas-edler.de\/blog\/wp-json\/wp\/v2\/media?parent=163539"}],"wp:term":[{"taxonomy":"category","embeddable":true,"href":"https:\/\/www.andreas-edler.de\/blog\/wp-json\/wp\/v2\/categories?post=163539"},{"taxonomy":"post_tag","embeddable":true,"href":"https:\/\/www.andreas-edler.de\/blog\/wp-json\/wp\/v2\/tags?post=163539"}],"curies":[{"name":"wp","href":"https:\/\/api.w.org\/{rel}","templated":true}]}}