{"id":163523,"date":"2018-05-25T23:38:05","date_gmt":"2018-05-25T21:38:05","guid":{"rendered":"http:\/\/www.andreas-edler.de\/blog\/?p=163523"},"modified":"2018-05-26T09:55:18","modified_gmt":"2018-05-26T07:55:18","slug":"mit-dem-holder-pfluegen","status":"publish","type":"post","link":"https:\/\/www.andreas-edler.de\/blog\/2018\/05\/mit-dem-holder-pfluegen\/","title":{"rendered":"Mit dem Holder pfl\u00fcgen"},"content":{"rendered":"<p><figure id=\"attachment_163527\" aria-describedby=\"caption-attachment-163527\" style=\"width: 250px\" class=\"wp-caption alignright\"><a href=\"http:\/\/www.andreas-edler.de\/blog\/wp-content\/uploads\/2018\/05\/20180525_agria_und_holder_auf_haenger.jpg\"><img loading=\"lazy\" decoding=\"async\" src=\"http:\/\/www.andreas-edler.de\/blog\/wp-content\/uploads\/2018\/05\/20180525_agria_und_holder_auf_haenger-250x170.jpg\" alt=\"\" width=\"250\" height=\"170\" class=\"size-medium wp-image-163527\" srcset=\"https:\/\/www.andreas-edler.de\/blog\/wp-content\/uploads\/2018\/05\/20180525_agria_und_holder_auf_haenger-250x170.jpg 250w, https:\/\/www.andreas-edler.de\/blog\/wp-content\/uploads\/2018\/05\/20180525_agria_und_holder_auf_haenger-768x521.jpg 768w, https:\/\/www.andreas-edler.de\/blog\/wp-content\/uploads\/2018\/05\/20180525_agria_und_holder_auf_haenger-470x319.jpg 470w, https:\/\/www.andreas-edler.de\/blog\/wp-content\/uploads\/2018\/05\/20180525_agria_und_holder_auf_haenger-100x68.jpg 100w, https:\/\/www.andreas-edler.de\/blog\/wp-content\/uploads\/2018\/05\/20180525_agria_und_holder_auf_haenger-150x102.jpg 150w, https:\/\/www.andreas-edler.de\/blog\/wp-content\/uploads\/2018\/05\/20180525_agria_und_holder_auf_haenger-200x136.jpg 200w, https:\/\/www.andreas-edler.de\/blog\/wp-content\/uploads\/2018\/05\/20180525_agria_und_holder_auf_haenger-300x204.jpg 300w, https:\/\/www.andreas-edler.de\/blog\/wp-content\/uploads\/2018\/05\/20180525_agria_und_holder_auf_haenger-450x306.jpg 450w, https:\/\/www.andreas-edler.de\/blog\/wp-content\/uploads\/2018\/05\/20180525_agria_und_holder_auf_haenger-600x407.jpg 600w, https:\/\/www.andreas-edler.de\/blog\/wp-content\/uploads\/2018\/05\/20180525_agria_und_holder_auf_haenger-900x611.jpg 900w, https:\/\/www.andreas-edler.de\/blog\/wp-content\/uploads\/2018\/05\/20180525_agria_und_holder_auf_haenger.jpg 1280w\" sizes=\"auto, (max-width: 250px) 100vw, 250px\" \/><\/a><figcaption id=\"caption-attachment-163527\" class=\"wp-caption-text\">Agria und Holder auf dem H\u00e4nger &#8211; alles \u00fcber 30 Jahre alt :-)<\/figcaption><\/figure> Heute habe ich den <a href=\"http:\/\/www.andreas-edler.de\/blog\/2018\/05\/der-holder-laeuft-noch\/\">neulich aktivierten Holder<\/a> auf den alten Westfalia-H\u00e4nger gefahren und auch die noch \u00e4ltere Agria daneben gestellt. Wollen doch mal sehen, ob wir dem Rasen vom Nachbarn auf den Pelz r\u00fccken k\u00f6nnen. Es ist zwar schon ein paar Wochen furztrockenm aber der Einachsschlepper ist auch nicht ganz schwach auf der Brust. <!--more--><\/p>\n<p>Vor Ort habe ich die Klamotten erstmal entladen und dann gleich den Pflugschar auf den Rasen gedr\u00fcckt. Einmal anrucken und &#8230; nichts. Das war wie Beton :-o Musste alles etwas steiler stellen, damit sich der Pflug \u00fcberhaupt ein paar Zentimeter in den Boden gezogen hat. Das hatte ich mir ein bisschen anders vorgestellt. Es ging zwar irgendwie durch, aber sehr m\u00fchsam. Einige Wurzelausl\u00e4ufer der inzwischen gef\u00e4llten Tannen machten es nicht unbedingt leichter, die Grasnarbe auf links zu ziehen. <figure id=\"attachment_163526\" aria-describedby=\"caption-attachment-163526\" style=\"width: 470px\" class=\"wp-caption aligncenter\"><a href=\"http:\/\/www.andreas-edler.de\/blog\/wp-content\/uploads\/2018\/05\/20180525_pfluegen.png\"><img loading=\"lazy\" decoding=\"async\" src=\"http:\/\/www.andreas-edler.de\/blog\/wp-content\/uploads\/2018\/05\/20180525_pfluegen-470x196.png\" alt=\"\" width=\"470\" height=\"196\" class=\"size-large wp-image-163526\" srcset=\"https:\/\/www.andreas-edler.de\/blog\/wp-content\/uploads\/2018\/05\/20180525_pfluegen-470x196.png 470w, https:\/\/www.andreas-edler.de\/blog\/wp-content\/uploads\/2018\/05\/20180525_pfluegen-250x104.png 250w, https:\/\/www.andreas-edler.de\/blog\/wp-content\/uploads\/2018\/05\/20180525_pfluegen-768x321.png 768w, https:\/\/www.andreas-edler.de\/blog\/wp-content\/uploads\/2018\/05\/20180525_pfluegen-100x42.png 100w, https:\/\/www.andreas-edler.de\/blog\/wp-content\/uploads\/2018\/05\/20180525_pfluegen-150x63.png 150w, https:\/\/www.andreas-edler.de\/blog\/wp-content\/uploads\/2018\/05\/20180525_pfluegen-200x84.png 200w, https:\/\/www.andreas-edler.de\/blog\/wp-content\/uploads\/2018\/05\/20180525_pfluegen-300x125.png 300w, https:\/\/www.andreas-edler.de\/blog\/wp-content\/uploads\/2018\/05\/20180525_pfluegen-450x188.png 450w, https:\/\/www.andreas-edler.de\/blog\/wp-content\/uploads\/2018\/05\/20180525_pfluegen-600x251.png 600w, https:\/\/www.andreas-edler.de\/blog\/wp-content\/uploads\/2018\/05\/20180525_pfluegen-900x376.png 900w, https:\/\/www.andreas-edler.de\/blog\/wp-content\/uploads\/2018\/05\/20180525_pfluegen.png 1280w\" sizes=\"auto, (max-width: 470px) 100vw, 470px\" \/><\/a><figcaption id=\"caption-attachment-163526\" class=\"wp-caption-text\">Bisschen ins Schwitzen gekommen<\/figcaption><\/figure> Aber Spa\u00df hat es trotzdem gemacht :-) Auch wenn ich vom Ger\u00fcttel Blasen an den H\u00e4nden bekommen habe und der Schwei\u00df immer in die Augen lief. Ich hatte zu meiner Mama noch gesagt, dass ich so zwei bis drei Stunden sch\u00e4tze &#8230; sind dann doch eher vier bis f\u00fcnf geworden. Parallel zum Pfl\u00fcgen hat der Nachbar mit der Agria die Furchen kr\u00fcmelig gemacht. Selbst das sorgte noch f\u00fcr deutlich erh\u00f6hten Fl\u00fcssigkeitsverlust :-) Aber schlu\u00dfendlich ist das, wo man mit den Ger\u00e4ten sinnvoll hinkam, umgepfl\u00fcgt und zerkleinert. Geht doch. <figure id=\"attachment_163524\" aria-describedby=\"caption-attachment-163524\" style=\"width: 470px\" class=\"wp-caption aligncenter\"><a href=\"http:\/\/www.andreas-edler.de\/blog\/wp-content\/uploads\/2018\/05\/20180525_agria_und_holder_verladen.jpg\"><img loading=\"lazy\" decoding=\"async\" src=\"http:\/\/www.andreas-edler.de\/blog\/wp-content\/uploads\/2018\/05\/20180525_agria_und_holder_verladen-470x212.jpg\" alt=\"\" width=\"470\" height=\"212\" class=\"size-large wp-image-163524\" srcset=\"https:\/\/www.andreas-edler.de\/blog\/wp-content\/uploads\/2018\/05\/20180525_agria_und_holder_verladen-470x212.jpg 470w, https:\/\/www.andreas-edler.de\/blog\/wp-content\/uploads\/2018\/05\/20180525_agria_und_holder_verladen-250x113.jpg 250w, https:\/\/www.andreas-edler.de\/blog\/wp-content\/uploads\/2018\/05\/20180525_agria_und_holder_verladen-768x346.jpg 768w, https:\/\/www.andreas-edler.de\/blog\/wp-content\/uploads\/2018\/05\/20180525_agria_und_holder_verladen-100x45.jpg 100w, https:\/\/www.andreas-edler.de\/blog\/wp-content\/uploads\/2018\/05\/20180525_agria_und_holder_verladen-150x68.jpg 150w, https:\/\/www.andreas-edler.de\/blog\/wp-content\/uploads\/2018\/05\/20180525_agria_und_holder_verladen-200x90.jpg 200w, https:\/\/www.andreas-edler.de\/blog\/wp-content\/uploads\/2018\/05\/20180525_agria_und_holder_verladen-300x135.jpg 300w, https:\/\/www.andreas-edler.de\/blog\/wp-content\/uploads\/2018\/05\/20180525_agria_und_holder_verladen-450x203.jpg 450w, https:\/\/www.andreas-edler.de\/blog\/wp-content\/uploads\/2018\/05\/20180525_agria_und_holder_verladen-600x270.jpg 600w, https:\/\/www.andreas-edler.de\/blog\/wp-content\/uploads\/2018\/05\/20180525_agria_und_holder_verladen-900x405.jpg 900w, https:\/\/www.andreas-edler.de\/blog\/wp-content\/uploads\/2018\/05\/20180525_agria_und_holder_verladen.jpg 1280w\" sizes=\"auto, (max-width: 470px) 100vw, 470px\" \/><\/a><figcaption id=\"caption-attachment-163524\" class=\"wp-caption-text\">Unter fachkundiger Aufsicht wird verladen<\/figcaption><\/figure> Nach ein wenig Pause machen und erz\u00e4hlen, wurden die Maschinen unter kritischen Augen wieder verladen und ich bin damit zur\u00fcck nach Oberbecksen gejuckelt. <figure id=\"attachment_163525\" aria-describedby=\"caption-attachment-163525\" style=\"width: 250px\" class=\"wp-caption alignright\"><a href=\"http:\/\/www.andreas-edler.de\/blog\/wp-content\/uploads\/2018\/05\/20180525_geschafft.jpg\"><img loading=\"lazy\" decoding=\"async\" src=\"http:\/\/www.andreas-edler.de\/blog\/wp-content\/uploads\/2018\/05\/20180525_geschafft-250x247.jpg\" alt=\"\" width=\"250\" height=\"247\" class=\"size-medium wp-image-163525\" srcset=\"https:\/\/www.andreas-edler.de\/blog\/wp-content\/uploads\/2018\/05\/20180525_geschafft-250x247.jpg 250w, https:\/\/www.andreas-edler.de\/blog\/wp-content\/uploads\/2018\/05\/20180525_geschafft-768x759.jpg 768w, https:\/\/www.andreas-edler.de\/blog\/wp-content\/uploads\/2018\/05\/20180525_geschafft-470x464.jpg 470w, https:\/\/www.andreas-edler.de\/blog\/wp-content\/uploads\/2018\/05\/20180525_geschafft-100x99.jpg 100w, https:\/\/www.andreas-edler.de\/blog\/wp-content\/uploads\/2018\/05\/20180525_geschafft-150x148.jpg 150w, https:\/\/www.andreas-edler.de\/blog\/wp-content\/uploads\/2018\/05\/20180525_geschafft-200x198.jpg 200w, https:\/\/www.andreas-edler.de\/blog\/wp-content\/uploads\/2018\/05\/20180525_geschafft-300x296.jpg 300w, https:\/\/www.andreas-edler.de\/blog\/wp-content\/uploads\/2018\/05\/20180525_geschafft-450x445.jpg 450w, https:\/\/www.andreas-edler.de\/blog\/wp-content\/uploads\/2018\/05\/20180525_geschafft-600x593.jpg 600w, https:\/\/www.andreas-edler.de\/blog\/wp-content\/uploads\/2018\/05\/20180525_geschafft-900x889.jpg 900w, https:\/\/www.andreas-edler.de\/blog\/wp-content\/uploads\/2018\/05\/20180525_geschafft.jpg 1280w\" sizes=\"auto, (max-width: 250px) 100vw, 250px\" \/><\/a><figcaption id=\"caption-attachment-163525\" class=\"wp-caption-text\">Tagewerk beendet<\/figcaption><\/figure> Schnell noch abgeladen und im Schuppen verstaut. Sauber machen haben wir auf nach der Heuernte verschoben, dann m\u00fcssen wir eh mit dem K\u00e4rcher die anderen Ger\u00e4te vom Dreck befreien. Und ich habe danach gar nichts mehr gemacht, au\u00dfer mich zu duschen und auf das Sofa bzw. die Gartenst\u00fchle zu setzen.<\/p>\n<p><em>[Nachtrag am n\u00e4chsten Morgen]<\/em> Jammer, jammer, jammer! Mein Nacken, meine Arme, meine Finger, meine Beine, mein R\u00fccken. Ist halt nicht die Arbeit, die ich \u00fcblicherweise machen. Ich glaube, ich trage heute nur ein paar Plastersteine von links nach rechts.<\/p>\n","protected":false},"excerpt":{"rendered":"<p>Heute habe ich den neulich aktivierten Holder auf den alten Westfalia-H\u00e4nger gefahren und auch die noch \u00e4ltere Agria daneben gestellt. Wollen doch mal sehen, ob wir dem Rasen vom Nachbarn auf den Pelz r\u00fccken k\u00f6nnen. Es ist zwar schon ein &hellip;<\/p>\n<p class=\"read-more\"> <a class=\"more-link\" href=\"https:\/\/www.andreas-edler.de\/blog\/2018\/05\/mit-dem-holder-pfluegen\/\"> <span class=\"screen-reader-text\">Mit dem Holder pfl\u00fcgen<\/span> Weiterlesen &raquo;<\/a><\/p>\n","protected":false},"author":1,"featured_media":0,"comment_status":"open","ping_status":"open","sticky":false,"template":"","format":"standard","meta":{"ngg_post_thumbnail":0,"activitypub_content_warning":"","activitypub_content_visibility":"","activitypub_max_image_attachments":2,"activitypub_interaction_policy_quote":"anyone","activitypub_status":"","footnotes":""},"categories":[1],"tags":[48,31,50,213,46,201],"class_list":["post-163523","post","type-post","status-publish","format-standard","hentry","category-allgemein","tag-arbeit","tag-garten","tag-helfen","tag-oldtimer","tag-technik","tag-werkzeug"],"share_on_mastodon":{"url":"","error":""},"_links":{"self":[{"href":"https:\/\/www.andreas-edler.de\/blog\/wp-json\/wp\/v2\/posts\/163523","targetHints":{"allow":["GET"]}}],"collection":[{"href":"https:\/\/www.andreas-edler.de\/blog\/wp-json\/wp\/v2\/posts"}],"about":[{"href":"https:\/\/www.andreas-edler.de\/blog\/wp-json\/wp\/v2\/types\/post"}],"author":[{"embeddable":true,"href":"https:\/\/www.andreas-edler.de\/blog\/wp-json\/wp\/v2\/users\/1"}],"replies":[{"embeddable":true,"href":"https:\/\/www.andreas-edler.de\/blog\/wp-json\/wp\/v2\/comments?post=163523"}],"version-history":[{"count":0,"href":"https:\/\/www.andreas-edler.de\/blog\/wp-json\/wp\/v2\/posts\/163523\/revisions"}],"wp:attachment":[{"href":"https:\/\/www.andreas-edler.de\/blog\/wp-json\/wp\/v2\/media?parent=163523"}],"wp:term":[{"taxonomy":"category","embeddable":true,"href":"https:\/\/www.andreas-edler.de\/blog\/wp-json\/wp\/v2\/categories?post=163523"},{"taxonomy":"post_tag","embeddable":true,"href":"https:\/\/www.andreas-edler.de\/blog\/wp-json\/wp\/v2\/tags?post=163523"}],"curies":[{"name":"wp","href":"https:\/\/api.w.org\/{rel}","templated":true}]}}