{"id":163369,"date":"2018-05-13T21:19:48","date_gmt":"2018-05-13T19:19:48","guid":{"rendered":"http:\/\/www.andreas-edler.de\/blog\/?p=163369"},"modified":"2018-05-13T21:19:48","modified_gmt":"2018-05-13T19:19:48","slug":"drei-garmins","status":"publish","type":"post","link":"https:\/\/www.andreas-edler.de\/blog\/2018\/05\/drei-garmins\/","title":{"rendered":"Drei Garmins"},"content":{"rendered":"<p><figure id=\"attachment_163375\" aria-describedby=\"caption-attachment-163375\" style=\"width: 250px\" class=\"wp-caption alignright\"><a href=\"http:\/\/www.andreas-edler.de\/blog\/wp-content\/uploads\/2018\/05\/20180513_geko301_edge520.jpg\"><img loading=\"lazy\" decoding=\"async\" src=\"http:\/\/www.andreas-edler.de\/blog\/wp-content\/uploads\/2018\/05\/20180513_geko301_edge520-250x132.jpg\" alt=\"\" width=\"250\" height=\"132\" class=\"size-medium wp-image-163375\" srcset=\"https:\/\/www.andreas-edler.de\/blog\/wp-content\/uploads\/2018\/05\/20180513_geko301_edge520-250x132.jpg 250w, https:\/\/www.andreas-edler.de\/blog\/wp-content\/uploads\/2018\/05\/20180513_geko301_edge520-768x406.jpg 768w, https:\/\/www.andreas-edler.de\/blog\/wp-content\/uploads\/2018\/05\/20180513_geko301_edge520-470x248.jpg 470w, https:\/\/www.andreas-edler.de\/blog\/wp-content\/uploads\/2018\/05\/20180513_geko301_edge520-100x53.jpg 100w, https:\/\/www.andreas-edler.de\/blog\/wp-content\/uploads\/2018\/05\/20180513_geko301_edge520-150x79.jpg 150w, https:\/\/www.andreas-edler.de\/blog\/wp-content\/uploads\/2018\/05\/20180513_geko301_edge520-200x106.jpg 200w, https:\/\/www.andreas-edler.de\/blog\/wp-content\/uploads\/2018\/05\/20180513_geko301_edge520-300x158.jpg 300w, https:\/\/www.andreas-edler.de\/blog\/wp-content\/uploads\/2018\/05\/20180513_geko301_edge520-450x238.jpg 450w, https:\/\/www.andreas-edler.de\/blog\/wp-content\/uploads\/2018\/05\/20180513_geko301_edge520-600x317.jpg 600w, https:\/\/www.andreas-edler.de\/blog\/wp-content\/uploads\/2018\/05\/20180513_geko301_edge520-900x475.jpg 900w, https:\/\/www.andreas-edler.de\/blog\/wp-content\/uploads\/2018\/05\/20180513_geko301_edge520.jpg 1280w\" sizes=\"auto, (max-width: 250px) 100vw, 250px\" \/><\/a><figcaption id=\"caption-attachment-163375\" class=\"wp-caption-text\">Geko 301 (links) &#8211; Edge 520 (rechts)<\/figcaption><\/figure> Heute morgen bin ich &#8222;kurz&#8220; vor dem angek\u00fcndigten Unwetter mit dem Fahrrad los. Einmal wegen dem klasse Wetter und zum anderen, weil ich mein neues Spielzeug ausprobieren musste. Ich habe mir f\u00fcr Touren einen Garmin Edge 520 gekauft. Der alte Geko 301 ist zwar immer noch super, l\u00e4sst sich aber nur in einer Windows-7-VM auslesen. Das ist mir ein wenig l\u00e4stig. Au\u00dferdem kann der 520 mit Connect synchronisieren und zeigt die Smartphone-Benachrichtigungen an. Wie meine Vivoactive auch, nur halt direkt im Blickfeld und mit mehr gleichzeitig sichtbaren Datenfeldern. <!--more--><\/p>\n<p>Ich hatte den Geko weiterhin am Lenker und gleichzeitig die Vivoactive am Handgelenk. Die Aufzeichungen unterschieden sich zum Ende der Tour nur marginal. Hier mal 10 H\u00f6henmeter mehr, da eine 100 Meter l\u00e4ngere Strecke &#8211; auf \u00fcber 25 Kilometer finde ich das OK. Ist ja nicht um eine Karte zu zeichnen. Lediglich beim Kalorienverbrauch hat sich das Garmin Edge 520 wirklich extrem gro\u00dfz\u00fcgig gezeigt. <figure id=\"attachment_163376\" aria-describedby=\"caption-attachment-163376\" style=\"width: 470px\" class=\"wp-caption aligncenter\"><a href=\"http:\/\/www.andreas-edler.de\/blog\/wp-content\/uploads\/2018\/05\/20180513_uebersicht_edge520_vivoactiveHR.png\"><img loading=\"lazy\" decoding=\"async\" src=\"http:\/\/www.andreas-edler.de\/blog\/wp-content\/uploads\/2018\/05\/20180513_uebersicht_edge520_vivoactiveHR-470x48.png\" alt=\"\" width=\"470\" height=\"48\" class=\"size-large wp-image-163376\" srcset=\"https:\/\/www.andreas-edler.de\/blog\/wp-content\/uploads\/2018\/05\/20180513_uebersicht_edge520_vivoactiveHR-470x48.png 470w, https:\/\/www.andreas-edler.de\/blog\/wp-content\/uploads\/2018\/05\/20180513_uebersicht_edge520_vivoactiveHR-250x26.png 250w, https:\/\/www.andreas-edler.de\/blog\/wp-content\/uploads\/2018\/05\/20180513_uebersicht_edge520_vivoactiveHR-768x78.png 768w, https:\/\/www.andreas-edler.de\/blog\/wp-content\/uploads\/2018\/05\/20180513_uebersicht_edge520_vivoactiveHR-100x10.png 100w, https:\/\/www.andreas-edler.de\/blog\/wp-content\/uploads\/2018\/05\/20180513_uebersicht_edge520_vivoactiveHR-150x15.png 150w, https:\/\/www.andreas-edler.de\/blog\/wp-content\/uploads\/2018\/05\/20180513_uebersicht_edge520_vivoactiveHR-200x20.png 200w, https:\/\/www.andreas-edler.de\/blog\/wp-content\/uploads\/2018\/05\/20180513_uebersicht_edge520_vivoactiveHR-300x31.png 300w, https:\/\/www.andreas-edler.de\/blog\/wp-content\/uploads\/2018\/05\/20180513_uebersicht_edge520_vivoactiveHR-450x46.png 450w, https:\/\/www.andreas-edler.de\/blog\/wp-content\/uploads\/2018\/05\/20180513_uebersicht_edge520_vivoactiveHR-600x61.png 600w, https:\/\/www.andreas-edler.de\/blog\/wp-content\/uploads\/2018\/05\/20180513_uebersicht_edge520_vivoactiveHR-900x92.png 900w, https:\/\/www.andreas-edler.de\/blog\/wp-content\/uploads\/2018\/05\/20180513_uebersicht_edge520_vivoactiveHR.png 989w\" sizes=\"auto, (max-width: 470px) 100vw, 470px\" \/><\/a><figcaption id=\"caption-attachment-163376\" class=\"wp-caption-text\">Fast doppelt soviele Kalorien wie die Armbanduhr :-o<\/figcaption><\/figure> Ich kann mir nicht vorstellen, dass der ermittelte Energieverbrauch so stimmen kann. Da vertraue ich doch lieber der kleinen Uhr am Handgelenk, die gleichzeitig auch noch den Puls misst. Muss ich bei gespeicherten Aktivit\u00e4ten die Kalorienzahl eben halbieren.<\/p>\n<p>Bin einmal rauf nach Bergkirchen, weil der Nachbar mir seine ungef\u00e4hre Zeit bis oben genannt hat. Offensichtlich ist er nicht so richtig langsam. Ich bin nicht ganz rangekommen ;-) Von da nach Wulferdingsen, nach Werste, dort auf die Nordumgehung bis Eidinghausen, runter zur Werre und dann an der Werre zur\u00fcck bis Eidinghausen. Angefangen zu regnen ist es allerdings nicht, nur der Schwei\u00df lief mir in Str\u00f6men von der Stirn.<\/p>\n<p>27,1 Km | 53,7 Km\/h max. | 23,7 Km\/h Schnitt | 193 H\u00f6henmeter<\/p>\n<p><iframe src='https:\/\/connect.garmin.com\/modern\/activity\/embed\/2695436055' title='Bergkirchen, Wulferdingsen, Werste und Werre' width='465' height='500' frameborder='0'><\/iframe><\/p>\n","protected":false},"excerpt":{"rendered":"<p>Heute morgen bin ich &#8222;kurz&#8220; vor dem angek\u00fcndigten Unwetter mit dem Fahrrad los. Einmal wegen dem klasse Wetter und zum anderen, weil ich mein neues Spielzeug ausprobieren musste. Ich habe mir f\u00fcr Touren einen Garmin Edge 520 gekauft. Der alte &hellip;<\/p>\n<p class=\"read-more\"> <a class=\"more-link\" href=\"https:\/\/www.andreas-edler.de\/blog\/2018\/05\/drei-garmins\/\"> <span class=\"screen-reader-text\">Drei Garmins<\/span> Weiterlesen &raquo;<\/a><\/p>\n","protected":false},"author":1,"featured_media":0,"comment_status":"open","ping_status":"open","sticky":false,"template":"","format":"standard","meta":{"ngg_post_thumbnail":0,"activitypub_content_warning":"","activitypub_content_visibility":"","activitypub_max_image_attachments":2,"activitypub_interaction_policy_quote":"anyone","activitypub_status":"","footnotes":""},"categories":[15],"tags":[297,46,28,27],"class_list":["post-163369","post","type-post","status-publish","format-standard","hentry","category-fahrrad","tag-garmin","tag-technik","tag-test","tag-tools"],"share_on_mastodon":{"url":"","error":""},"_links":{"self":[{"href":"https:\/\/www.andreas-edler.de\/blog\/wp-json\/wp\/v2\/posts\/163369","targetHints":{"allow":["GET"]}}],"collection":[{"href":"https:\/\/www.andreas-edler.de\/blog\/wp-json\/wp\/v2\/posts"}],"about":[{"href":"https:\/\/www.andreas-edler.de\/blog\/wp-json\/wp\/v2\/types\/post"}],"author":[{"embeddable":true,"href":"https:\/\/www.andreas-edler.de\/blog\/wp-json\/wp\/v2\/users\/1"}],"replies":[{"embeddable":true,"href":"https:\/\/www.andreas-edler.de\/blog\/wp-json\/wp\/v2\/comments?post=163369"}],"version-history":[{"count":0,"href":"https:\/\/www.andreas-edler.de\/blog\/wp-json\/wp\/v2\/posts\/163369\/revisions"}],"wp:attachment":[{"href":"https:\/\/www.andreas-edler.de\/blog\/wp-json\/wp\/v2\/media?parent=163369"}],"wp:term":[{"taxonomy":"category","embeddable":true,"href":"https:\/\/www.andreas-edler.de\/blog\/wp-json\/wp\/v2\/categories?post=163369"},{"taxonomy":"post_tag","embeddable":true,"href":"https:\/\/www.andreas-edler.de\/blog\/wp-json\/wp\/v2\/tags?post=163369"}],"curies":[{"name":"wp","href":"https:\/\/api.w.org\/{rel}","templated":true}]}}