{"id":163342,"date":"2018-05-09T13:45:46","date_gmt":"2018-05-09T11:45:46","guid":{"rendered":"http:\/\/www.andreas-edler.de\/blog\/?p=163342"},"modified":"2018-05-09T13:45:46","modified_gmt":"2018-05-09T11:45:46","slug":"regelauslegung-durch-rad-und-autofahrende","status":"publish","type":"post","link":"https:\/\/www.andreas-edler.de\/blog\/2018\/05\/regelauslegung-durch-rad-und-autofahrende\/","title":{"rendered":"Regelauslegung durch Rad- und Autofahrende"},"content":{"rendered":"<div class=\"bild\" style=\"font-size: smaller;\"><img decoding=\"async\" src=\"http:\/\/www.andreas-edler.de\/grafik\/logo_rad.png\" alt=\"Logo: Fahrrad\" title=\"Logo: Fahrrad\" width=\"250\" border=\"0\"><\/div>\n<p> Auf Facebook hat in einer lokalen Ortsgruppe eine Dame einen kleinen Aufruf an die Autofahrer gepostet, doch bitte etwas R\u00fccksicht zu nehmen. Es kamen nat\u00fcrlich gleich die zu erwartenden Reaktionen \u00e1 la &#8222;Aber die Radfahrer &#8230;&#8220;! Alle ganz schlimm, alle ohne Licht, alle bei rot. Klar, dass ich da auch was zu posten musste. Und weil es so lang geworden ist und auch wenn es hier schon tausendmal stand, ver\u00f6ffentliche ich es noch einmal. Das M\u00e4rchen vom Rad-Rambo wird ja auch alle zwei Wochen wiederholt. <!--more--><\/p>\n<hr>\n<p>&#8230; Ich stimme Dir vollst\u00e4ndig zu! Die Situation f\u00fcr Radfahrende ist in Bad Oeynhausen mehr als unbefriedigend &#8211; wir leben in einer reinen Autofahrerstadt. An den Einm\u00fcndungen der Stra\u00dfen (z.B. Eidinghausener Stra\u00dfe) steht eigentlich immer ein KFZ quer \u00fcber dem katastrophalen, benutzungspfllichtigen Radwegen. Allein in den letzten drei Wochen wei\u00df ich von 5 angefahrenen Radfahrenden (inkl. drei Kinder) allein an der Eidinghausener, weil Autofahrer schnell abbiegen wollten oder z.B. verbotenerweise die Fahrradstra\u00dfe zum abk\u00fcrzen benutzen wollten.<\/p>\n<p>Zu den F\u00fchrerscheinen: die allermeisten Radfahrenden haben einen F\u00fchrerschein. Es sei denn, sie sind unter 15 Jahre. Danach haben die meisten einen Mofa-\/Roller-\/Leichtkraftrad-\/Autof\u00fchrerschein. Die allermeisten kennen also die Regeln. Aber genau wie bei Autofahrenden gibt es auch Radfahrende, die sich nicht an Regeln halten. Und ja, mir gehen die Geisterfahrer auf der falschen Stra\u00dfenseite auch tierisch auf den Geist. Allerdings: liebe Autofahrer &#8230; die haben trotzdem Vorfahrt! Klingt komisch, ist aber so. Und weiterhin: es kann sogar sein, dass man auf der falschen Seite fahren muss (bzw. darf). So zum Beispiel an der Werster Stra\u00dfe, der K\u00f6nigstra\u00dfe, der Bergkirchener Stra\u00dfe, dem Alten Postweg etc. &#8230;<\/p>\n<p>Komm&#8216; mir bitte keiner der Autofahrenden, er w\u00fcsste genau, wo in Bad Oeynhausen welche Regelung gilt. Zudem gibt es beispielsweise im n\u00f6rdlichen Teil der Eidinghausener Stra\u00dfe ab dem Kreisel keine Benutzungspflicht mehr. Trotzdem werde ich dort von Autofahrenden angehupt, abgedr\u00e4ngt, angep\u00f6belt oder mit der Wisch-Wasch-Anlage nass gemacht. Und alle meinen, ich solle auf dem nicht vorhandenen Radweg fahren. Soviel zur Regelkunde.<\/p>\n<p>Im \u00dcbrigen haben bei den zweimal stattfinden Kontrollen der Polizei bei den Radfahrenden jedesmal ca. 10% mangelhaftes (nicht: gar kein!) Licht. 90% haben funktionierendes, eingeschaltetes Licht. Im Gegensatz zu den KFZ, bei denen am T\u00dcV-Termin regelm\u00e4\u00dfig \u00fcber 30% die Plakette nicht bekommen. Kann man alles sch\u00f6n in der Zeitung nachlesen, wenn man denn m\u00f6chte.<\/p>\n<p>Bei Rot fahren auch die allerwenigsten Radfahrer \u00fcber eine Fahrbahn &#8211; weil sie nicht lebensm\u00fcde sind. Aber bei jedem Ampelumlauf sehe ich mindestens einen LKW oder PKW, der an den Kreuzungen Mindener\/Steinstra\u00dfe oder Eidinghausener\/Werster Stra\u00dfe bei rot r\u00fcber rauscht. Auch hier: einfach mal die Meldungen der Polizei lesen.<\/p>\n<p>Zu guter Letzt: Fahrrad &#8211; ca. 1m\u00b2 Infrastrukturverbrauch und 15 Kg Gewicht, Auto &#8211; ca. 10 m\u00b2 Infrastrukturverbrauch und 1.500 Kg Gewicht (bei mehr als doppelter Geschwindigkeit). Das Gef\u00e4hrdungspotenzial mag sich jeder selbst ausmalen.<\/p>\n<p>Von daher ist Donatas &#8222;Rant&#8220; v\u00f6llig berechtigt: liebe Autofahrer, haltet euch einfach mal an die Regeln und passt auf. Tote Kinder will keiner sehen.<\/p>\n","protected":false},"excerpt":{"rendered":"<p>Auf Facebook hat in einer lokalen Ortsgruppe eine Dame einen kleinen Aufruf an die Autofahrer gepostet, doch bitte etwas R\u00fccksicht zu nehmen. Es kamen nat\u00fcrlich gleich die zu erwartenden Reaktionen \u00e1 la &#8222;Aber die Radfahrer &#8230;&#8220;! Alle ganz schlimm, alle &hellip;<\/p>\n<p class=\"read-more\"> <a class=\"more-link\" href=\"https:\/\/www.andreas-edler.de\/blog\/2018\/05\/regelauslegung-durch-rad-und-autofahrende\/\"> <span class=\"screen-reader-text\">Regelauslegung durch Rad- und Autofahrende<\/span> Weiterlesen &raquo;<\/a><\/p>\n","protected":false},"author":1,"featured_media":0,"comment_status":"open","ping_status":"open","sticky":false,"template":"","format":"standard","meta":{"ngg_post_thumbnail":0,"activitypub_content_warning":"","activitypub_content_visibility":"","activitypub_max_image_attachments":2,"activitypub_interaction_policy_quote":"anyone","activitypub_status":"","footnotes":""},"categories":[14,15,45,13],"tags":[109,37,63,110,251,34,207,71,76,103],"class_list":["post-163342","post","type-post","status-publish","format-standard","hentry","category-bad-oeynhausen","category-fahrrad","category-politik","category-verkehr","tag-adfc","tag-auto","tag-benehmen","tag-fahrradfreundliche-stadt","tag-infrastruktur","tag-kommunikation","tag-radweg","tag-regeln","tag-sicherheit","tag-social-net"],"share_on_mastodon":{"url":"","error":""},"_links":{"self":[{"href":"https:\/\/www.andreas-edler.de\/blog\/wp-json\/wp\/v2\/posts\/163342","targetHints":{"allow":["GET"]}}],"collection":[{"href":"https:\/\/www.andreas-edler.de\/blog\/wp-json\/wp\/v2\/posts"}],"about":[{"href":"https:\/\/www.andreas-edler.de\/blog\/wp-json\/wp\/v2\/types\/post"}],"author":[{"embeddable":true,"href":"https:\/\/www.andreas-edler.de\/blog\/wp-json\/wp\/v2\/users\/1"}],"replies":[{"embeddable":true,"href":"https:\/\/www.andreas-edler.de\/blog\/wp-json\/wp\/v2\/comments?post=163342"}],"version-history":[{"count":0,"href":"https:\/\/www.andreas-edler.de\/blog\/wp-json\/wp\/v2\/posts\/163342\/revisions"}],"wp:attachment":[{"href":"https:\/\/www.andreas-edler.de\/blog\/wp-json\/wp\/v2\/media?parent=163342"}],"wp:term":[{"taxonomy":"category","embeddable":true,"href":"https:\/\/www.andreas-edler.de\/blog\/wp-json\/wp\/v2\/categories?post=163342"},{"taxonomy":"post_tag","embeddable":true,"href":"https:\/\/www.andreas-edler.de\/blog\/wp-json\/wp\/v2\/tags?post=163342"}],"curies":[{"name":"wp","href":"https:\/\/api.w.org\/{rel}","templated":true}]}}