{"id":163260,"date":"2018-04-21T21:55:49","date_gmt":"2018-04-21T19:55:49","guid":{"rendered":"http:\/\/www.andreas-edler.de\/blog\/?p=163260"},"modified":"2018-04-21T21:55:49","modified_gmt":"2018-04-21T19:55:49","slug":"v-brake-gegen-magura-hs11-evo-getauscht","status":"publish","type":"post","link":"https:\/\/www.andreas-edler.de\/blog\/2018\/04\/v-brake-gegen-magura-hs11-evo-getauscht\/","title":{"rendered":"V-Brake gegen Magura HS11 evo getauscht"},"content":{"rendered":"<p><figure id=\"attachment_163261\" aria-describedby=\"caption-attachment-163261\" style=\"width: 250px\" class=\"wp-caption alignright\"><a href=\"http:\/\/www.andreas-edler.de\/blog\/wp-content\/uploads\/2018\/04\/20180421_tektro.jpg\"><img loading=\"lazy\" decoding=\"async\" src=\"http:\/\/www.andreas-edler.de\/blog\/wp-content\/uploads\/2018\/04\/20180421_tektro-250x131.jpg\" alt=\"\" width=\"250\" height=\"131\" class=\"size-medium wp-image-163261\" srcset=\"https:\/\/www.andreas-edler.de\/blog\/wp-content\/uploads\/2018\/04\/20180421_tektro-250x131.jpg 250w, https:\/\/www.andreas-edler.de\/blog\/wp-content\/uploads\/2018\/04\/20180421_tektro-768x401.jpg 768w, https:\/\/www.andreas-edler.de\/blog\/wp-content\/uploads\/2018\/04\/20180421_tektro-470x246.jpg 470w, https:\/\/www.andreas-edler.de\/blog\/wp-content\/uploads\/2018\/04\/20180421_tektro-100x52.jpg 100w, https:\/\/www.andreas-edler.de\/blog\/wp-content\/uploads\/2018\/04\/20180421_tektro-150x78.jpg 150w, https:\/\/www.andreas-edler.de\/blog\/wp-content\/uploads\/2018\/04\/20180421_tektro-200x105.jpg 200w, https:\/\/www.andreas-edler.de\/blog\/wp-content\/uploads\/2018\/04\/20180421_tektro-300x157.jpg 300w, https:\/\/www.andreas-edler.de\/blog\/wp-content\/uploads\/2018\/04\/20180421_tektro-450x235.jpg 450w, https:\/\/www.andreas-edler.de\/blog\/wp-content\/uploads\/2018\/04\/20180421_tektro-600x314.jpg 600w, https:\/\/www.andreas-edler.de\/blog\/wp-content\/uploads\/2018\/04\/20180421_tektro-900x470.jpg 900w, https:\/\/www.andreas-edler.de\/blog\/wp-content\/uploads\/2018\/04\/20180421_tektro.jpg 1280w\" sizes=\"auto, (max-width: 250px) 100vw, 250px\" \/><\/a><figcaption id=\"caption-attachment-163261\" class=\"wp-caption-text\">Tektro-Bremso vorne<\/figcaption><\/figure> Am Bergamont Sweep N8 EQ Gent ist vorne und hinten eine V-Brake von Tektro montiert. Die f\u00fchlt sich immer dann gut an, wenn sie ganz neue Belege hat. Sobald die ein bisschen runter sind, wird es irgendwie schwammig, schlecht zu dosieren und au\u00dferdem sind die Hebelarme merkw\u00fcrdich dicht beeinander, da ist gar kein Platz mehr zum zusammenziehen. <a href=\"http:\/\/www.andreas-edler.de\/blog\/2013\/02\/bremse-fehlkonstruiert-am-sweep-n8\/\">Hat mich von Anfang an genervt<\/a> (<a href=\"http:\/\/www.andreas-edler.de\/blog\/2012\/12\/bergamont_sweep_n8-fazit_nach_6-monaten\/\">wie<\/a> <a href=\"http:\/\/www.andreas-edler.de\/blog\/2015\/08\/neverending-story\/\">so<\/a> <a href=\"http:\/\/www.andreas-edler.de\/blog\/2016\/09\/wir-werden-keine-dicken-freunde\/\">einiges<\/a> <a href=\"http:\/\/www.andreas-edler.de\/blog\/2015\/07\/nie-wieder-ein-bergamont-fahrrad\/\">an<\/a> <a href=\"http:\/\/www.andreas-edler.de\/blog\/2015\/06\/bergamont-wieder-in-der-werkstatt\/\">dem<\/a> <a href=\"http:\/\/www.andreas-edler.de\/blog\/2015\/05\/leihrad-fahren\/\">Rad<\/a>). Besonders in den letzten Wochen ging es mir f\u00fcrchterlich auf den Senkel. Aber <a href=\"http:\/\/www.andreas-edler.de\/blog\/2018\/02\/das-wars-mit-dem-bergamont-sweep-n8-eq-gent-gabelbruch\/\">da es nun eine neue Gabel hat<\/a>, habe ich mich zum Aufr\u00fcsten entschieden. Im Zweifel kann ich die Teile ja auch an ein evtl. neues Fahrrad bauen. <!--more--><br \/>\n<figure id=\"attachment_163262\" aria-describedby=\"caption-attachment-163262\" style=\"width: 470px\" class=\"wp-caption aligncenter\"><a href=\"http:\/\/www.andreas-edler.de\/blog\/wp-content\/uploads\/2018\/04\/2018-04-21_magura_hs11_evo2_vorne.jpg\"><img loading=\"lazy\" decoding=\"async\" src=\"http:\/\/www.andreas-edler.de\/blog\/wp-content\/uploads\/2018\/04\/2018-04-21_magura_hs11_evo2_vorne-470x246.jpg\" alt=\"\" width=\"470\" height=\"246\" class=\"size-large wp-image-163262\" srcset=\"https:\/\/www.andreas-edler.de\/blog\/wp-content\/uploads\/2018\/04\/2018-04-21_magura_hs11_evo2_vorne-470x246.jpg 470w, https:\/\/www.andreas-edler.de\/blog\/wp-content\/uploads\/2018\/04\/2018-04-21_magura_hs11_evo2_vorne-250x131.jpg 250w, https:\/\/www.andreas-edler.de\/blog\/wp-content\/uploads\/2018\/04\/2018-04-21_magura_hs11_evo2_vorne-768x401.jpg 768w, https:\/\/www.andreas-edler.de\/blog\/wp-content\/uploads\/2018\/04\/2018-04-21_magura_hs11_evo2_vorne-100x52.jpg 100w, https:\/\/www.andreas-edler.de\/blog\/wp-content\/uploads\/2018\/04\/2018-04-21_magura_hs11_evo2_vorne-150x78.jpg 150w, https:\/\/www.andreas-edler.de\/blog\/wp-content\/uploads\/2018\/04\/2018-04-21_magura_hs11_evo2_vorne-200x105.jpg 200w, https:\/\/www.andreas-edler.de\/blog\/wp-content\/uploads\/2018\/04\/2018-04-21_magura_hs11_evo2_vorne-300x157.jpg 300w, https:\/\/www.andreas-edler.de\/blog\/wp-content\/uploads\/2018\/04\/2018-04-21_magura_hs11_evo2_vorne-450x235.jpg 450w, https:\/\/www.andreas-edler.de\/blog\/wp-content\/uploads\/2018\/04\/2018-04-21_magura_hs11_evo2_vorne-600x314.jpg 600w, https:\/\/www.andreas-edler.de\/blog\/wp-content\/uploads\/2018\/04\/2018-04-21_magura_hs11_evo2_vorne-900x470.jpg 900w, https:\/\/www.andreas-edler.de\/blog\/wp-content\/uploads\/2018\/04\/2018-04-21_magura_hs11_evo2_vorne.jpg 1280w\" sizes=\"auto, (max-width: 470px) 100vw, 470px\" \/><\/a><figcaption id=\"caption-attachment-163262\" class=\"wp-caption-text\">Magura HS11 vorne<\/figcaption><\/figure><br \/>\nIch habe mir n\u00e4mlich sehr spontan die Magura HS11 evo2 gekauft. Alex&#8216; hat die an ihrem neuen Rad auch dran und ich finde die bremsen ganz ausgezeichnet. An sowas gedacht habe ich schon des\u00f6fteren, aber ich hatte immer Sorge, wie ich die Hydraulikleitungen passig mache. Wenn etwas neu ist, ist das f\u00fcr mich erstmal schwierig. Aber der Nervfaktor der alten Bremse war gr\u00f6\u00dfer &#8211; also auf &#8222;bestellen&#8220; geklickt. Heute morgen nach einem kurzen Abstecher zur Arbeit f\u00fcr einen Test, habe ich das Material aus der Packstation geholt und montiert. Mehr muss man da auch irgendwie nicht erkl\u00e4ren. Das sind zwei Schrauben f\u00fcr die Befestigung und eine f\u00fcr die Hydraulikleitung je Set. Soviel kann man da nicht falsch machen.<br \/>\n<figure id=\"attachment_163264\" aria-describedby=\"caption-attachment-163264\" style=\"width: 470px\" class=\"wp-caption aligncenter\"><a href=\"http:\/\/www.andreas-edler.de\/blog\/wp-content\/uploads\/2018\/04\/2018-04-21_magura_hs11_evo2_hinten.jpg\"><img loading=\"lazy\" decoding=\"async\" src=\"http:\/\/www.andreas-edler.de\/blog\/wp-content\/uploads\/2018\/04\/2018-04-21_magura_hs11_evo2_hinten-470x246.jpg\" alt=\"\" width=\"470\" height=\"246\" class=\"size-large wp-image-163264\" srcset=\"https:\/\/www.andreas-edler.de\/blog\/wp-content\/uploads\/2018\/04\/2018-04-21_magura_hs11_evo2_hinten-470x246.jpg 470w, https:\/\/www.andreas-edler.de\/blog\/wp-content\/uploads\/2018\/04\/2018-04-21_magura_hs11_evo2_hinten-250x131.jpg 250w, https:\/\/www.andreas-edler.de\/blog\/wp-content\/uploads\/2018\/04\/2018-04-21_magura_hs11_evo2_hinten-768x401.jpg 768w, https:\/\/www.andreas-edler.de\/blog\/wp-content\/uploads\/2018\/04\/2018-04-21_magura_hs11_evo2_hinten-100x52.jpg 100w, https:\/\/www.andreas-edler.de\/blog\/wp-content\/uploads\/2018\/04\/2018-04-21_magura_hs11_evo2_hinten-150x78.jpg 150w, https:\/\/www.andreas-edler.de\/blog\/wp-content\/uploads\/2018\/04\/2018-04-21_magura_hs11_evo2_hinten-200x105.jpg 200w, https:\/\/www.andreas-edler.de\/blog\/wp-content\/uploads\/2018\/04\/2018-04-21_magura_hs11_evo2_hinten-300x157.jpg 300w, https:\/\/www.andreas-edler.de\/blog\/wp-content\/uploads\/2018\/04\/2018-04-21_magura_hs11_evo2_hinten-450x235.jpg 450w, https:\/\/www.andreas-edler.de\/blog\/wp-content\/uploads\/2018\/04\/2018-04-21_magura_hs11_evo2_hinten-600x314.jpg 600w, https:\/\/www.andreas-edler.de\/blog\/wp-content\/uploads\/2018\/04\/2018-04-21_magura_hs11_evo2_hinten-900x470.jpg 900w, https:\/\/www.andreas-edler.de\/blog\/wp-content\/uploads\/2018\/04\/2018-04-21_magura_hs11_evo2_hinten.jpg 1280w\" sizes=\"auto, (max-width: 470px) 100vw, 470px\" \/><\/a><figcaption id=\"caption-attachment-163264\" class=\"wp-caption-text\">Magura HS11 evo hinten<\/figcaption><\/figure><br \/>\nEinfach die alten V-Brake-Arme abschrauben, die Bremshebel demontieren und dann die neuen an die gleichen Stellen basteln, fertig. Die zu lange Leitung wird mit einem scharfen Teppichmesser gek\u00fcrzt, das ab Werk verbaute Ende aus der Bremse geschraubt, mit der beiligenden neuen \u00dcberwurfmutter und einer zu verpressenden kleinen Muffe wieder eingesetzt und fest gezogen. Fertig. Da l\u00e4uft auch kein Hydraulik\u00f6l raus.<\/p>\n<p>Ich bin sehr zufrieden mit der Bremsleistung und dem Druckgef\u00fchl. Wie immer: orrrr, warum habe ich das nicht schon fr\u00fcher gamcht!<\/p>\n","protected":false},"excerpt":{"rendered":"<p>Am Bergamont Sweep N8 EQ Gent ist vorne und hinten eine V-Brake von Tektro montiert. Die f\u00fchlt sich immer dann gut an, wenn sie ganz neue Belege hat. Sobald die ein bisschen runter sind, wird es irgendwie schwammig, schlecht zu &hellip;<\/p>\n<p class=\"read-more\"> <a class=\"more-link\" href=\"https:\/\/www.andreas-edler.de\/blog\/2018\/04\/v-brake-gegen-magura-hs11-evo-getauscht\/\"> <span class=\"screen-reader-text\">V-Brake gegen Magura HS11 evo getauscht<\/span> Weiterlesen &raquo;<\/a><\/p>\n","protected":false},"author":1,"featured_media":0,"comment_status":"open","ping_status":"open","sticky":false,"template":"","format":"standard","meta":{"ngg_post_thumbnail":0,"activitypub_content_warning":"","activitypub_content_visibility":"","activitypub_max_image_attachments":2,"activitypub_interaction_policy_quote":"anyone","activitypub_status":"","footnotes":""},"categories":[22,15],"tags":[49,76,46,28],"class_list":["post-163260","post","type-post","status-publish","format-standard","hentry","category-basteln","category-fahrrad","tag-hardware","tag-sicherheit","tag-technik","tag-test"],"share_on_mastodon":{"url":"","error":""},"_links":{"self":[{"href":"https:\/\/www.andreas-edler.de\/blog\/wp-json\/wp\/v2\/posts\/163260","targetHints":{"allow":["GET"]}}],"collection":[{"href":"https:\/\/www.andreas-edler.de\/blog\/wp-json\/wp\/v2\/posts"}],"about":[{"href":"https:\/\/www.andreas-edler.de\/blog\/wp-json\/wp\/v2\/types\/post"}],"author":[{"embeddable":true,"href":"https:\/\/www.andreas-edler.de\/blog\/wp-json\/wp\/v2\/users\/1"}],"replies":[{"embeddable":true,"href":"https:\/\/www.andreas-edler.de\/blog\/wp-json\/wp\/v2\/comments?post=163260"}],"version-history":[{"count":0,"href":"https:\/\/www.andreas-edler.de\/blog\/wp-json\/wp\/v2\/posts\/163260\/revisions"}],"wp:attachment":[{"href":"https:\/\/www.andreas-edler.de\/blog\/wp-json\/wp\/v2\/media?parent=163260"}],"wp:term":[{"taxonomy":"category","embeddable":true,"href":"https:\/\/www.andreas-edler.de\/blog\/wp-json\/wp\/v2\/categories?post=163260"},{"taxonomy":"post_tag","embeddable":true,"href":"https:\/\/www.andreas-edler.de\/blog\/wp-json\/wp\/v2\/tags?post=163260"}],"curies":[{"name":"wp","href":"https:\/\/api.w.org\/{rel}","templated":true}]}}