{"id":163245,"date":"2018-04-18T21:07:30","date_gmt":"2018-04-18T19:07:30","guid":{"rendered":"http:\/\/www.andreas-edler.de\/blog\/?p=163245"},"modified":"2018-04-18T21:07:30","modified_gmt":"2018-04-18T19:07:30","slug":"feierabendrunde-bad-oexen-wulferdingsen-loehne","status":"publish","type":"post","link":"https:\/\/www.andreas-edler.de\/blog\/2018\/04\/feierabendrunde-bad-oexen-wulferdingsen-loehne\/","title":{"rendered":"Feierabendrunde Bad Oexen, Wulferdingsen, L\u00f6hne"},"content":{"rendered":"<p>Nach der Ratssitzung habe ich am abschlie\u00dfenden Schnittchenessen nur im Vorbeigehen teilgenommen und mir eine Frikadelle und ein K\u00e4sebrot genommen &#8211; das Wetter war einfach zu gut, um es ungenutzt zu lassen. Schnell noch eine Runde drehen, dachte ich mir. Zu Hause hatte der Elan allerdings schon merklich nachgelassen und ich musste den inneren Schweinehund ein wenig treten, damit er mich die Radklamotten anziehen lie\u00df. <!--more--><\/p>\n<p>Ich wollte eigentlich nur ein bisschen quer durch die Eidinghausen und Dehme fahren, bin dann aber doch erst in Bad Oexen gelandet und irgendwie nach Volmerdingsen gefahren. Von dort ist man ja schon fast in Wulferdingsen und da bietet es sich an, runter nach Mennigh\u00fcffen zu fahren. Von dort dann die B\u00f6rstelstra\u00dfe nach Werste und weiter nach Hause. War trotz fast 21 Uhr noch sch\u00f6n warm und das T-Shirt mit kurzer Radhose reichte v\u00f6llig aus. Nimm das, Schweinehund!<\/p>\n<p>22,1 Km | 42,4 Km\/h max. | 24,7 Km\/h Schnitt | 129 H\u00f6henmeter<\/p>\n<p><iframe src='https:\/\/connect.garmin.com\/modern\/activity\/embed\/2633971087' title='Bad Oexen, Volmerdingsen, Wulferdingsen, Mennigh\u00fcffen, Werste' width='465' height='500' frameborder='0'><\/iframe><\/p>\n","protected":false},"excerpt":{"rendered":"<p>Nach der Ratssitzung habe ich am abschlie\u00dfenden Schnittchenessen nur im Vorbeigehen teilgenommen und mir eine Frikadelle und ein K\u00e4sebrot genommen &#8211; das Wetter war einfach zu gut, um es ungenutzt zu lassen. Schnell noch eine Runde drehen, dachte ich mir. &hellip;<\/p>\n<p class=\"read-more\"> <a class=\"more-link\" href=\"https:\/\/www.andreas-edler.de\/blog\/2018\/04\/feierabendrunde-bad-oexen-wulferdingsen-loehne\/\"> <span class=\"screen-reader-text\">Feierabendrunde Bad Oexen, Wulferdingsen, L\u00f6hne<\/span> Weiterlesen &raquo;<\/a><\/p>\n","protected":false},"author":1,"featured_media":0,"comment_status":"open","ping_status":"open","sticky":false,"template":"","format":"standard","meta":{"ngg_post_thumbnail":0,"activitypub_content_warning":"","activitypub_content_visibility":"","activitypub_max_image_attachments":2,"activitypub_interaction_policy_quote":"anyone","activitypub_status":"","footnotes":""},"categories":[15],"tags":[141,7,132],"class_list":["post-163245","post","type-post","status-publish","format-standard","hentry","category-fahrrad","tag-fitness","tag-gesundheit","tag-radtour"],"share_on_mastodon":{"url":"","error":""},"_links":{"self":[{"href":"https:\/\/www.andreas-edler.de\/blog\/wp-json\/wp\/v2\/posts\/163245","targetHints":{"allow":["GET"]}}],"collection":[{"href":"https:\/\/www.andreas-edler.de\/blog\/wp-json\/wp\/v2\/posts"}],"about":[{"href":"https:\/\/www.andreas-edler.de\/blog\/wp-json\/wp\/v2\/types\/post"}],"author":[{"embeddable":true,"href":"https:\/\/www.andreas-edler.de\/blog\/wp-json\/wp\/v2\/users\/1"}],"replies":[{"embeddable":true,"href":"https:\/\/www.andreas-edler.de\/blog\/wp-json\/wp\/v2\/comments?post=163245"}],"version-history":[{"count":0,"href":"https:\/\/www.andreas-edler.de\/blog\/wp-json\/wp\/v2\/posts\/163245\/revisions"}],"wp:attachment":[{"href":"https:\/\/www.andreas-edler.de\/blog\/wp-json\/wp\/v2\/media?parent=163245"}],"wp:term":[{"taxonomy":"category","embeddable":true,"href":"https:\/\/www.andreas-edler.de\/blog\/wp-json\/wp\/v2\/categories?post=163245"},{"taxonomy":"post_tag","embeddable":true,"href":"https:\/\/www.andreas-edler.de\/blog\/wp-json\/wp\/v2\/tags?post=163245"}],"curies":[{"name":"wp","href":"https:\/\/api.w.org\/{rel}","templated":true}]}}