{"id":163199,"date":"2018-04-07T17:05:55","date_gmt":"2018-04-07T15:05:55","guid":{"rendered":"http:\/\/www.andreas-edler.de\/blog\/?p=163199"},"modified":"2018-04-08T11:54:44","modified_gmt":"2018-04-08T09:54:44","slug":"nachmittagsrunde-zur-burg-vlotho-und-ebenoede","status":"publish","type":"post","link":"https:\/\/www.andreas-edler.de\/blog\/2018\/04\/nachmittagsrunde-zur-burg-vlotho-und-ebenoede\/","title":{"rendered":"Nachmittagsrunde zur Burg Vlotho und Eben\u00f6de"},"content":{"rendered":"<p>Nach der Gartenarbeit habe ich das super Wetter genutzt und bin noch schnell eine Runde mit dem Rad los. Weil ich um kurz vor 18 Uhr schon wieder in B\u00fcnde zum Handball sein wollte, diesmal eine etwas k\u00fcrzere Strecke nach Vlotho. Von dort hoch zur Burg Vlotho, einmal in die Runde gucken.<br \/>\n<figure id=\"attachment_163207\" aria-describedby=\"caption-attachment-163207\" style=\"width: 470px\" class=\"wp-caption aligncenter\"><a href=\"http:\/\/www.andreas-edler.de\/blog\/wp-content\/uploads\/2018\/04\/20180407_burg_vlotho.jpg\"><img loading=\"lazy\" decoding=\"async\" src=\"http:\/\/www.andreas-edler.de\/blog\/wp-content\/uploads\/2018\/04\/20180407_burg_vlotho-470x272.jpg\" alt=\"\" width=\"470\" height=\"272\" class=\"size-large wp-image-163207\" srcset=\"https:\/\/www.andreas-edler.de\/blog\/wp-content\/uploads\/2018\/04\/20180407_burg_vlotho-470x272.jpg 470w, https:\/\/www.andreas-edler.de\/blog\/wp-content\/uploads\/2018\/04\/20180407_burg_vlotho-250x145.jpg 250w, https:\/\/www.andreas-edler.de\/blog\/wp-content\/uploads\/2018\/04\/20180407_burg_vlotho-768x445.jpg 768w, https:\/\/www.andreas-edler.de\/blog\/wp-content\/uploads\/2018\/04\/20180407_burg_vlotho-100x58.jpg 100w, https:\/\/www.andreas-edler.de\/blog\/wp-content\/uploads\/2018\/04\/20180407_burg_vlotho-150x87.jpg 150w, https:\/\/www.andreas-edler.de\/blog\/wp-content\/uploads\/2018\/04\/20180407_burg_vlotho-200x116.jpg 200w, https:\/\/www.andreas-edler.de\/blog\/wp-content\/uploads\/2018\/04\/20180407_burg_vlotho-300x174.jpg 300w, https:\/\/www.andreas-edler.de\/blog\/wp-content\/uploads\/2018\/04\/20180407_burg_vlotho-450x261.jpg 450w, https:\/\/www.andreas-edler.de\/blog\/wp-content\/uploads\/2018\/04\/20180407_burg_vlotho-600x347.jpg 600w, https:\/\/www.andreas-edler.de\/blog\/wp-content\/uploads\/2018\/04\/20180407_burg_vlotho-900x521.jpg 900w, https:\/\/www.andreas-edler.de\/blog\/wp-content\/uploads\/2018\/04\/20180407_burg_vlotho.jpg 1280w\" sizes=\"auto, (max-width: 470px) 100vw, 470px\" \/><\/a><figcaption id=\"caption-attachment-163207\" class=\"wp-caption-text\">Blick von der Burg auf Vlotho<\/figcaption><\/figure> <!--more--><\/p>\n<p>Von dort kann man dann auch gleich ganz auf den H\u00fcgel rauf. Das steilste St\u00fcck hat man mit dem Aufstieg zur Burg bereits hinter sich. Die Strecke fahre ich eigentlich ganz gerne, auch wenn es nur auf normalen MIV-Fahrbahnen entlang geht. Ist halt wenig los dort.<br \/>\n<figure id=\"attachment_163208\" aria-describedby=\"caption-attachment-163208\" style=\"width: 470px\" class=\"wp-caption aligncenter\"><a href=\"http:\/\/www.andreas-edler.de\/blog\/wp-content\/uploads\/2018\/04\/20180407_ruetli.jpg\"><img loading=\"lazy\" decoding=\"async\" src=\"http:\/\/www.andreas-edler.de\/blog\/wp-content\/uploads\/2018\/04\/20180407_ruetli-470x329.jpg\" alt=\"\" width=\"470\" height=\"329\" class=\"size-large wp-image-163208\" srcset=\"https:\/\/www.andreas-edler.de\/blog\/wp-content\/uploads\/2018\/04\/20180407_ruetli-470x329.jpg 470w, https:\/\/www.andreas-edler.de\/blog\/wp-content\/uploads\/2018\/04\/20180407_ruetli-250x175.jpg 250w, https:\/\/www.andreas-edler.de\/blog\/wp-content\/uploads\/2018\/04\/20180407_ruetli-768x537.jpg 768w, https:\/\/www.andreas-edler.de\/blog\/wp-content\/uploads\/2018\/04\/20180407_ruetli-100x70.jpg 100w, https:\/\/www.andreas-edler.de\/blog\/wp-content\/uploads\/2018\/04\/20180407_ruetli-150x105.jpg 150w, https:\/\/www.andreas-edler.de\/blog\/wp-content\/uploads\/2018\/04\/20180407_ruetli-200x140.jpg 200w, https:\/\/www.andreas-edler.de\/blog\/wp-content\/uploads\/2018\/04\/20180407_ruetli-300x210.jpg 300w, https:\/\/www.andreas-edler.de\/blog\/wp-content\/uploads\/2018\/04\/20180407_ruetli-450x315.jpg 450w, https:\/\/www.andreas-edler.de\/blog\/wp-content\/uploads\/2018\/04\/20180407_ruetli-600x420.jpg 600w, https:\/\/www.andreas-edler.de\/blog\/wp-content\/uploads\/2018\/04\/20180407_ruetli-900x629.jpg 900w, https:\/\/www.andreas-edler.de\/blog\/wp-content\/uploads\/2018\/04\/20180407_ruetli.jpg 1280w\" sizes=\"auto, (max-width: 470px) 100vw, 470px\" \/><\/a><figcaption id=\"caption-attachment-163208\" class=\"wp-caption-text\">Ehemalige Bergsch\u00e4nke\/R\u00fctli<\/figcaption><\/figure><br \/>\nDie ehemalige Bergsch\u00e4nke bzw. das R\u00fctli sind leider schon lange keine Augenweide mehr. Da nutzen auch die farbigen Verkleidungen f\u00fcr die scheibenlosen Fenster und T\u00fcren nichts. Wom\u00f6glich ist das auch eher dem dort angesiedelten Waldkindergarten geschuldet, denn dem geneigten (Rad)Wanderer.<\/p>\n<p>Knappe 20 Kilometer mit einem schicken Anstieg. Macht fast mehr Spa\u00df, als bis nach Porta und zur\u00fcck.<\/p>\n<p>19,4 Km | 53 Km\/h max. | 19,4 Km\/h Schnitt | 214 H\u00f6henmeter<\/p>\n<p><iframe src='https:\/\/connect.garmin.com\/modern\/activity\/embed\/2607195958' title='Vlotho, Burg, Eben\u00f6de und zur\u00fcck' width='465' height='500' frameborder='0'><\/iframe><\/p>\n","protected":false},"excerpt":{"rendered":"<p>Nach der Gartenarbeit habe ich das super Wetter genutzt und bin noch schnell eine Runde mit dem Rad los. Weil ich um kurz vor 18 Uhr schon wieder in B\u00fcnde zum Handball sein wollte, diesmal eine etwas k\u00fcrzere Strecke nach &hellip;<\/p>\n<p class=\"read-more\"> <a class=\"more-link\" href=\"https:\/\/www.andreas-edler.de\/blog\/2018\/04\/nachmittagsrunde-zur-burg-vlotho-und-ebenoede\/\"> <span class=\"screen-reader-text\">Nachmittagsrunde zur Burg Vlotho und Eben\u00f6de<\/span> Weiterlesen &raquo;<\/a><\/p>\n","protected":false},"author":1,"featured_media":0,"comment_status":"open","ping_status":"open","sticky":false,"template":"","format":"standard","meta":{"ngg_post_thumbnail":0,"activitypub_content_warning":"","activitypub_content_visibility":"","activitypub_max_image_attachments":2,"activitypub_interaction_policy_quote":"anyone","activitypub_status":"","footnotes":""},"categories":[15],"tags":[141,5],"class_list":["post-163199","post","type-post","status-publish","format-standard","hentry","category-fahrrad","tag-fitness","tag-unterwegs"],"share_on_mastodon":{"url":"","error":""},"_links":{"self":[{"href":"https:\/\/www.andreas-edler.de\/blog\/wp-json\/wp\/v2\/posts\/163199","targetHints":{"allow":["GET"]}}],"collection":[{"href":"https:\/\/www.andreas-edler.de\/blog\/wp-json\/wp\/v2\/posts"}],"about":[{"href":"https:\/\/www.andreas-edler.de\/blog\/wp-json\/wp\/v2\/types\/post"}],"author":[{"embeddable":true,"href":"https:\/\/www.andreas-edler.de\/blog\/wp-json\/wp\/v2\/users\/1"}],"replies":[{"embeddable":true,"href":"https:\/\/www.andreas-edler.de\/blog\/wp-json\/wp\/v2\/comments?post=163199"}],"version-history":[{"count":0,"href":"https:\/\/www.andreas-edler.de\/blog\/wp-json\/wp\/v2\/posts\/163199\/revisions"}],"wp:attachment":[{"href":"https:\/\/www.andreas-edler.de\/blog\/wp-json\/wp\/v2\/media?parent=163199"}],"wp:term":[{"taxonomy":"category","embeddable":true,"href":"https:\/\/www.andreas-edler.de\/blog\/wp-json\/wp\/v2\/categories?post=163199"},{"taxonomy":"post_tag","embeddable":true,"href":"https:\/\/www.andreas-edler.de\/blog\/wp-json\/wp\/v2\/tags?post=163199"}],"curies":[{"name":"wp","href":"https:\/\/api.w.org\/{rel}","templated":true}]}}