{"id":163159,"date":"2018-03-30T15:27:56","date_gmt":"2018-03-30T13:27:56","guid":{"rendered":"http:\/\/www.andreas-edler.de\/blog\/?p=163159"},"modified":"2018-03-30T15:27:56","modified_gmt":"2018-03-30T13:27:56","slug":"trotz-feiertag-etwas-gewerkelt","status":"publish","type":"post","link":"https:\/\/www.andreas-edler.de\/blog\/2018\/03\/trotz-feiertag-etwas-gewerkelt\/","title":{"rendered":"Trotz Feiertag etwas gewerkelt"},"content":{"rendered":"<p>Gestern hat Tim netterweise etwas Blumenerde auf die <a href=\"http:\/\/www.andreas-edler.de\/blog\/2018\/03\/pflastersteine-neu-verlegen\/\">frisch umgegrabene Ecke<\/a> verteilt, die ich vor Tagen im OBI gekauft habe. Ich war einfach zu faul, zu meiner Mutter zu fahren und dort mit dem H\u00e4nger ein bisschen Erde aufzuladen :-) Und ich kann mir auch einreden, dass in der gekauften Erde schon ein bisschen D\u00fcnger ist, der dem einzus\u00e4enden Rasen Anschubhilfe gibt. Heute morgen habe ich das dann noch ein bisschen glatter geharkt &#8211; auch wenn der Nachwuchs das schon ganz ordentlich gemacht hatte &#8211; und dann das Gras per Hand ausges\u00e4t, noch mal eingeharkt und festgeklopft. Soll wohl irgendwas Gr\u00fcnes dabei raus kommen. <figure id=\"attachment_163166\" aria-describedby=\"caption-attachment-163166\" style=\"width: 470px\" class=\"wp-caption aligncenter\"><a href=\"http:\/\/www.andreas-edler.de\/blog\/wp-content\/uploads\/2018\/03\/20180330_eingesaeet.jpg\"><img loading=\"lazy\" decoding=\"async\" src=\"http:\/\/www.andreas-edler.de\/blog\/wp-content\/uploads\/2018\/03\/20180330_eingesaeet-470x304.jpg\" alt=\"\" width=\"470\" height=\"304\" class=\"size-large wp-image-163166\" srcset=\"https:\/\/www.andreas-edler.de\/blog\/wp-content\/uploads\/2018\/03\/20180330_eingesaeet-470x304.jpg 470w, https:\/\/www.andreas-edler.de\/blog\/wp-content\/uploads\/2018\/03\/20180330_eingesaeet-250x162.jpg 250w, https:\/\/www.andreas-edler.de\/blog\/wp-content\/uploads\/2018\/03\/20180330_eingesaeet-768x497.jpg 768w, https:\/\/www.andreas-edler.de\/blog\/wp-content\/uploads\/2018\/03\/20180330_eingesaeet-100x65.jpg 100w, https:\/\/www.andreas-edler.de\/blog\/wp-content\/uploads\/2018\/03\/20180330_eingesaeet-150x97.jpg 150w, https:\/\/www.andreas-edler.de\/blog\/wp-content\/uploads\/2018\/03\/20180330_eingesaeet-200x130.jpg 200w, https:\/\/www.andreas-edler.de\/blog\/wp-content\/uploads\/2018\/03\/20180330_eingesaeet-300x194.jpg 300w, https:\/\/www.andreas-edler.de\/blog\/wp-content\/uploads\/2018\/03\/20180330_eingesaeet-450x291.jpg 450w, https:\/\/www.andreas-edler.de\/blog\/wp-content\/uploads\/2018\/03\/20180330_eingesaeet-600x389.jpg 600w, https:\/\/www.andreas-edler.de\/blog\/wp-content\/uploads\/2018\/03\/20180330_eingesaeet-900x583.jpg 900w, https:\/\/www.andreas-edler.de\/blog\/wp-content\/uploads\/2018\/03\/20180330_eingesaeet.jpg 1280w\" sizes=\"auto, (max-width: 470px) 100vw, 470px\" \/><\/a><figcaption id=\"caption-attachment-163166\" class=\"wp-caption-text\">Frisch einges\u00e4t &#8230;<\/figcaption><\/figure> <!--more--><br \/>\nDanach musste noch ein Vogelh\u00e4uschen repariert werden, welches damals mein Papa noch gebaut hat. Die Teerpappe auf dem Dach war fadenscheinig geworden, der Stab f\u00fcr den Anflug vor dem Eingangsloch war zerbrochen und die Haltestange hinten gerissen. Alles nur Kleinigkeiten, die in 10 Minuten gerichtet waren. Mangels Teerpappe habe ich einen Rest PVC-Fu\u00dfboden genommen, das funktioniert auch beim Futterhaus vor dem Wohnzimmer seit Jahren super.<br \/>\n<figure id=\"attachment_163167\" aria-describedby=\"caption-attachment-163167\" style=\"width: 470px\" class=\"wp-caption aligncenter\"><a href=\"http:\/\/www.andreas-edler.de\/blog\/wp-content\/uploads\/2018\/03\/20180330_vogelhaeuschen.jpg\"><img loading=\"lazy\" decoding=\"async\" src=\"http:\/\/www.andreas-edler.de\/blog\/wp-content\/uploads\/2018\/03\/20180330_vogelhaeuschen-470x225.jpg\" alt=\"\" width=\"470\" height=\"225\" class=\"size-large wp-image-163167\" srcset=\"https:\/\/www.andreas-edler.de\/blog\/wp-content\/uploads\/2018\/03\/20180330_vogelhaeuschen-470x225.jpg 470w, https:\/\/www.andreas-edler.de\/blog\/wp-content\/uploads\/2018\/03\/20180330_vogelhaeuschen-250x120.jpg 250w, https:\/\/www.andreas-edler.de\/blog\/wp-content\/uploads\/2018\/03\/20180330_vogelhaeuschen-768x368.jpg 768w, https:\/\/www.andreas-edler.de\/blog\/wp-content\/uploads\/2018\/03\/20180330_vogelhaeuschen-100x48.jpg 100w, https:\/\/www.andreas-edler.de\/blog\/wp-content\/uploads\/2018\/03\/20180330_vogelhaeuschen-150x72.jpg 150w, https:\/\/www.andreas-edler.de\/blog\/wp-content\/uploads\/2018\/03\/20180330_vogelhaeuschen-200x96.jpg 200w, https:\/\/www.andreas-edler.de\/blog\/wp-content\/uploads\/2018\/03\/20180330_vogelhaeuschen-300x144.jpg 300w, https:\/\/www.andreas-edler.de\/blog\/wp-content\/uploads\/2018\/03\/20180330_vogelhaeuschen-450x216.jpg 450w, https:\/\/www.andreas-edler.de\/blog\/wp-content\/uploads\/2018\/03\/20180330_vogelhaeuschen-600x288.jpg 600w, https:\/\/www.andreas-edler.de\/blog\/wp-content\/uploads\/2018\/03\/20180330_vogelhaeuschen-900x432.jpg 900w, https:\/\/www.andreas-edler.de\/blog\/wp-content\/uploads\/2018\/03\/20180330_vogelhaeuschen.jpg 1280w\" sizes=\"auto, (max-width: 470px) 100vw, 470px\" \/><\/a><figcaption id=\"caption-attachment-163167\" class=\"wp-caption-text\">Vogelhaus wieder bezugsfertig<\/figcaption><\/figure><br \/>\nBen hat ganz genau dabei aufgepasst und hofft jetzt auch, dass vielleicht noch ein Vogelp\u00e4rchen eine Wohnung sucht und dann kleine Babys in der H\u00fctte aufzieht. Mal sehen.<\/p>\n","protected":false},"excerpt":{"rendered":"<p>Gestern hat Tim netterweise etwas Blumenerde auf die frisch umgegrabene Ecke verteilt, die ich vor Tagen im OBI gekauft habe. Ich war einfach zu faul, zu meiner Mutter zu fahren und dort mit dem H\u00e4nger ein bisschen Erde aufzuladen :-) &hellip;<\/p>\n<p class=\"read-more\"> <a class=\"more-link\" href=\"https:\/\/www.andreas-edler.de\/blog\/2018\/03\/trotz-feiertag-etwas-gewerkelt\/\"> <span class=\"screen-reader-text\">Trotz Feiertag etwas gewerkelt<\/span> Weiterlesen &raquo;<\/a><\/p>\n","protected":false},"author":1,"featured_media":0,"comment_status":"open","ping_status":"open","sticky":false,"template":"","format":"standard","meta":{"ngg_post_thumbnail":0,"activitypub_content_warning":"","activitypub_content_visibility":"","activitypub_max_image_attachments":2,"activitypub_interaction_policy_quote":"anyone","activitypub_status":"","footnotes":""},"categories":[22],"tags":[31,38],"class_list":["post-163159","post","type-post","status-publish","format-standard","hentry","category-basteln","tag-garten","tag-haus"],"share_on_mastodon":{"url":"","error":""},"_links":{"self":[{"href":"https:\/\/www.andreas-edler.de\/blog\/wp-json\/wp\/v2\/posts\/163159","targetHints":{"allow":["GET"]}}],"collection":[{"href":"https:\/\/www.andreas-edler.de\/blog\/wp-json\/wp\/v2\/posts"}],"about":[{"href":"https:\/\/www.andreas-edler.de\/blog\/wp-json\/wp\/v2\/types\/post"}],"author":[{"embeddable":true,"href":"https:\/\/www.andreas-edler.de\/blog\/wp-json\/wp\/v2\/users\/1"}],"replies":[{"embeddable":true,"href":"https:\/\/www.andreas-edler.de\/blog\/wp-json\/wp\/v2\/comments?post=163159"}],"version-history":[{"count":0,"href":"https:\/\/www.andreas-edler.de\/blog\/wp-json\/wp\/v2\/posts\/163159\/revisions"}],"wp:attachment":[{"href":"https:\/\/www.andreas-edler.de\/blog\/wp-json\/wp\/v2\/media?parent=163159"}],"wp:term":[{"taxonomy":"category","embeddable":true,"href":"https:\/\/www.andreas-edler.de\/blog\/wp-json\/wp\/v2\/categories?post=163159"},{"taxonomy":"post_tag","embeddable":true,"href":"https:\/\/www.andreas-edler.de\/blog\/wp-json\/wp\/v2\/tags?post=163159"}],"curies":[{"name":"wp","href":"https:\/\/api.w.org\/{rel}","templated":true}]}}