{"id":163123,"date":"2018-03-24T21:30:31","date_gmt":"2018-03-24T20:30:31","guid":{"rendered":"http:\/\/www.andreas-edler.de\/blog\/?p=163123"},"modified":"2018-03-25T10:54:01","modified_gmt":"2018-03-25T08:54:01","slug":"pflastersteine-neu-verlegen","status":"publish","type":"post","link":"https:\/\/www.andreas-edler.de\/blog\/2018\/03\/pflastersteine-neu-verlegen\/","title":{"rendered":"Pflastersteine neu verlegen"},"content":{"rendered":"<p>Ich glaube, der Winter ist tats\u00e4chlich vorbei. Vor ein paar Tagen habe ich den neuen K\u00e4rcher schon das erste Mal im Einsatz gehabt und heute haben mich die auf einem Stapel liegenden Pflastersteine dann so doll genervt, dass ich sie einfach mal dahin gelegt habe, wo ich sie haben wollte. Vor den neuen Holzunterstand n\u00e4mlich, damit man da auch halbwegs trockenen Fu\u00dfes hingehen kann, wenn man im useligen Winter- und Herbstwetter ein bisschen Nachschub holt. <!--more--><\/p>\n<p>Als wir vor 16 Jahren hier in das Haus eingezogen sind, sah das alles noch komplett anders aus! Die Vorbesitzer hatten einen richtigen Gem\u00fcsegarten hinter dem Haus, den Alex im ersten Jahr auch noch ein bisschen weiter pflegen wollte.<br \/>\n<figure id=\"attachment_163124\" aria-describedby=\"caption-attachment-163124\" style=\"width: 470px\" class=\"wp-caption aligncenter\"><a href=\"http:\/\/www.andreas-edler.de\/blog\/wp-content\/uploads\/2018\/03\/20180324_garten_2002.jpg\"><img loading=\"lazy\" decoding=\"async\" src=\"http:\/\/www.andreas-edler.de\/blog\/wp-content\/uploads\/2018\/03\/20180324_garten_2002-470x160.jpg\" alt=\"\" width=\"470\" height=\"160\" class=\"size-large wp-image-163124\" srcset=\"https:\/\/www.andreas-edler.de\/blog\/wp-content\/uploads\/2018\/03\/20180324_garten_2002-470x160.jpg 470w, https:\/\/www.andreas-edler.de\/blog\/wp-content\/uploads\/2018\/03\/20180324_garten_2002-250x85.jpg 250w, https:\/\/www.andreas-edler.de\/blog\/wp-content\/uploads\/2018\/03\/20180324_garten_2002-768x262.jpg 768w, https:\/\/www.andreas-edler.de\/blog\/wp-content\/uploads\/2018\/03\/20180324_garten_2002-100x34.jpg 100w, https:\/\/www.andreas-edler.de\/blog\/wp-content\/uploads\/2018\/03\/20180324_garten_2002-150x51.jpg 150w, https:\/\/www.andreas-edler.de\/blog\/wp-content\/uploads\/2018\/03\/20180324_garten_2002-200x68.jpg 200w, https:\/\/www.andreas-edler.de\/blog\/wp-content\/uploads\/2018\/03\/20180324_garten_2002-300x102.jpg 300w, https:\/\/www.andreas-edler.de\/blog\/wp-content\/uploads\/2018\/03\/20180324_garten_2002-450x153.jpg 450w, https:\/\/www.andreas-edler.de\/blog\/wp-content\/uploads\/2018\/03\/20180324_garten_2002-600x204.jpg 600w, https:\/\/www.andreas-edler.de\/blog\/wp-content\/uploads\/2018\/03\/20180324_garten_2002-900x307.jpg 900w, https:\/\/www.andreas-edler.de\/blog\/wp-content\/uploads\/2018\/03\/20180324_garten_2002.jpg 1280w\" sizes=\"auto, (max-width: 470px) 100vw, 470px\" \/><\/a><figcaption id=\"caption-attachment-163124\" class=\"wp-caption-text\">Gem\u00fcsegarten in 2002<\/figcaption><\/figure><br \/>\nDamals konnten wir auch noch zur Nachbarin schauen. Die B\u00fcsche und B\u00e4ume waren praktisch noch gar nicht vorhanden :-) Leider habe ich auf der Festplatte von 2003 bis 2012 keine (Panorama)-Bilder des Gartens gefunden und kann erst wieder mit 2012 dienen.<br \/>\n<figure id=\"attachment_163125\" aria-describedby=\"caption-attachment-163125\" style=\"width: 470px\" class=\"wp-caption aligncenter\"><a href=\"http:\/\/www.andreas-edler.de\/blog\/wp-content\/uploads\/2018\/03\/20180324_garten_2012.jpg\"><img loading=\"lazy\" decoding=\"async\" src=\"http:\/\/www.andreas-edler.de\/blog\/wp-content\/uploads\/2018\/03\/20180324_garten_2012-470x172.jpg\" alt=\"\" width=\"470\" height=\"172\" class=\"size-large wp-image-163125\" srcset=\"https:\/\/www.andreas-edler.de\/blog\/wp-content\/uploads\/2018\/03\/20180324_garten_2012-470x172.jpg 470w, https:\/\/www.andreas-edler.de\/blog\/wp-content\/uploads\/2018\/03\/20180324_garten_2012-250x92.jpg 250w, https:\/\/www.andreas-edler.de\/blog\/wp-content\/uploads\/2018\/03\/20180324_garten_2012-768x281.jpg 768w, https:\/\/www.andreas-edler.de\/blog\/wp-content\/uploads\/2018\/03\/20180324_garten_2012-100x37.jpg 100w, https:\/\/www.andreas-edler.de\/blog\/wp-content\/uploads\/2018\/03\/20180324_garten_2012-150x55.jpg 150w, https:\/\/www.andreas-edler.de\/blog\/wp-content\/uploads\/2018\/03\/20180324_garten_2012-200x73.jpg 200w, https:\/\/www.andreas-edler.de\/blog\/wp-content\/uploads\/2018\/03\/20180324_garten_2012-300x110.jpg 300w, https:\/\/www.andreas-edler.de\/blog\/wp-content\/uploads\/2018\/03\/20180324_garten_2012-450x165.jpg 450w, https:\/\/www.andreas-edler.de\/blog\/wp-content\/uploads\/2018\/03\/20180324_garten_2012-600x220.jpg 600w, https:\/\/www.andreas-edler.de\/blog\/wp-content\/uploads\/2018\/03\/20180324_garten_2012-900x330.jpg 900w, https:\/\/www.andreas-edler.de\/blog\/wp-content\/uploads\/2018\/03\/20180324_garten_2012.jpg 1280w\" sizes=\"auto, (max-width: 470px) 100vw, 470px\" \/><\/a><figcaption id=\"caption-attachment-163125\" class=\"wp-caption-text\">Zehn Jahre sp\u00e4ter ist die Hecke himmelhoch.<\/figcaption><\/figure><br \/>\nUnd der Gem\u00fcsegarten ist auch weg. Ebenso der Komposthaufen ganz hinten links im Garten. Dort hatte ich in 2012 bereits zwei Holzunterst\u00e4nde gebaut. Der <a href=\"http:\/\/www.andreas-edler.de\/blog\/2005\/04\/sandkasten-deluxe-opa-hat-gebastelt\/\">Sandkasten von meinem Vater<\/a> muss da gerade abgebaut worden sein.<br \/>\n<figure id=\"attachment_163126\" aria-describedby=\"caption-attachment-163126\" style=\"width: 470px\" class=\"wp-caption aligncenter\"><a href=\"http:\/\/www.andreas-edler.de\/blog\/wp-content\/uploads\/2018\/03\/20180324_garten_2016.jpg\"><img loading=\"lazy\" decoding=\"async\" src=\"http:\/\/www.andreas-edler.de\/blog\/wp-content\/uploads\/2018\/03\/20180324_garten_2016-470x169.jpg\" alt=\"\" width=\"470\" height=\"169\" class=\"size-large wp-image-163126\" srcset=\"https:\/\/www.andreas-edler.de\/blog\/wp-content\/uploads\/2018\/03\/20180324_garten_2016-470x169.jpg 470w, https:\/\/www.andreas-edler.de\/blog\/wp-content\/uploads\/2018\/03\/20180324_garten_2016-250x90.jpg 250w, https:\/\/www.andreas-edler.de\/blog\/wp-content\/uploads\/2018\/03\/20180324_garten_2016-768x275.jpg 768w, https:\/\/www.andreas-edler.de\/blog\/wp-content\/uploads\/2018\/03\/20180324_garten_2016-100x36.jpg 100w, https:\/\/www.andreas-edler.de\/blog\/wp-content\/uploads\/2018\/03\/20180324_garten_2016-150x54.jpg 150w, https:\/\/www.andreas-edler.de\/blog\/wp-content\/uploads\/2018\/03\/20180324_garten_2016-200x72.jpg 200w, https:\/\/www.andreas-edler.de\/blog\/wp-content\/uploads\/2018\/03\/20180324_garten_2016-300x108.jpg 300w, https:\/\/www.andreas-edler.de\/blog\/wp-content\/uploads\/2018\/03\/20180324_garten_2016-450x161.jpg 450w, https:\/\/www.andreas-edler.de\/blog\/wp-content\/uploads\/2018\/03\/20180324_garten_2016-600x215.jpg 600w, https:\/\/www.andreas-edler.de\/blog\/wp-content\/uploads\/2018\/03\/20180324_garten_2016-900x323.jpg 900w, https:\/\/www.andreas-edler.de\/blog\/wp-content\/uploads\/2018\/03\/20180324_garten_2016.jpg 1280w\" sizes=\"auto, (max-width: 470px) 100vw, 470px\" \/><\/a><figcaption id=\"caption-attachment-163126\" class=\"wp-caption-text\">Mit selbstgezogener Eiche :-)<\/figcaption><\/figure><br \/>\nVier Jahre sp\u00e4ter ist die Hecke des Nachbarn so dicht, dass man das Haus nicht mehr sehen kann und wir in einer sch\u00f6n eingeigelten Ecke im Garten sitzen k\u00f6nnen. Morgens ist die Sonne etwas sp\u00e4rlich zu sehen, aber kurz vor Mittag ist alles hell, weil die B\u00e4ume nach Osten stehen und im S\u00fcden nur ein recht flaches Dach ist. Die Eiche ist irgendwie aus einer Eichel gewachsen und ich wollte sie nie weg machen. Allerdings war es auch kein richtiger Baum, sondern eher ein Busch, den ich gezwungen habe, gerade hoch zu wachsen. Tat er dann ein bisschen zu eifrig und Alex wollte ihn lieber weg haben.<br \/>\n<figure id=\"attachment_163129\" aria-describedby=\"caption-attachment-163129\" style=\"width: 470px\" class=\"wp-caption aligncenter\"><a href=\"http:\/\/www.andreas-edler.de\/blog\/wp-content\/uploads\/2018\/03\/20180324_garten_2018-1.jpg\"><img loading=\"lazy\" decoding=\"async\" src=\"http:\/\/www.andreas-edler.de\/blog\/wp-content\/uploads\/2018\/03\/20180324_garten_2018-1-470x153.jpg\" alt=\"\" width=\"470\" height=\"153\" class=\"size-large wp-image-163129\" srcset=\"https:\/\/www.andreas-edler.de\/blog\/wp-content\/uploads\/2018\/03\/20180324_garten_2018-1-470x153.jpg 470w, https:\/\/www.andreas-edler.de\/blog\/wp-content\/uploads\/2018\/03\/20180324_garten_2018-1-250x81.jpg 250w, https:\/\/www.andreas-edler.de\/blog\/wp-content\/uploads\/2018\/03\/20180324_garten_2018-1-768x250.jpg 768w, https:\/\/www.andreas-edler.de\/blog\/wp-content\/uploads\/2018\/03\/20180324_garten_2018-1-100x33.jpg 100w, https:\/\/www.andreas-edler.de\/blog\/wp-content\/uploads\/2018\/03\/20180324_garten_2018-1-150x49.jpg 150w, https:\/\/www.andreas-edler.de\/blog\/wp-content\/uploads\/2018\/03\/20180324_garten_2018-1-200x65.jpg 200w, https:\/\/www.andreas-edler.de\/blog\/wp-content\/uploads\/2018\/03\/20180324_garten_2018-1-300x98.jpg 300w, https:\/\/www.andreas-edler.de\/blog\/wp-content\/uploads\/2018\/03\/20180324_garten_2018-1-450x147.jpg 450w, https:\/\/www.andreas-edler.de\/blog\/wp-content\/uploads\/2018\/03\/20180324_garten_2018-1-600x195.jpg 600w, https:\/\/www.andreas-edler.de\/blog\/wp-content\/uploads\/2018\/03\/20180324_garten_2018-1-900x293.jpg 900w, https:\/\/www.andreas-edler.de\/blog\/wp-content\/uploads\/2018\/03\/20180324_garten_2018-1.jpg 1280w\" sizes=\"auto, (max-width: 470px) 100vw, 470px\" \/><\/a><figcaption id=\"caption-attachment-163129\" class=\"wp-caption-text\">Kleiner Pfad zum Holz &#8230; und die hohe Hecke ist weg!<\/figcaption><\/figure><br \/>\nHeute morgen habe ich dann den allerletzten Rest des Gem\u00fcsegartens &#8222;entsorgt&#8220; und den Weg zum Holz mit Pflastersteinen versehen. Nach dem Umgraben muss jetzt noch ein wenig mehr Erde dahin, dann Rasensamen rein und warten. Das Nachbarhaus k\u00f6nnen wir auch wieder sehen und es ist deutlich heller geworden. Dem neuen Nacharn waren die Tannen zu hoch &#8211; und immerhin sind die f\u00fcr ihn ja auch im Westen gewesen, da kam abends bestimmt nicht mehr viel Licht auf die Terrasse. Das Holz wollte er aber selbst f\u00fcr seinen eigenen Ofen behalten ;-)<\/p>\n","protected":false},"excerpt":{"rendered":"<p>Ich glaube, der Winter ist tats\u00e4chlich vorbei. Vor ein paar Tagen habe ich den neuen K\u00e4rcher schon das erste Mal im Einsatz gehabt und heute haben mich die auf einem Stapel liegenden Pflastersteine dann so doll genervt, dass ich sie &hellip;<\/p>\n<p class=\"read-more\"> <a class=\"more-link\" href=\"https:\/\/www.andreas-edler.de\/blog\/2018\/03\/pflastersteine-neu-verlegen\/\"> <span class=\"screen-reader-text\">Pflastersteine neu verlegen<\/span> Weiterlesen &raquo;<\/a><\/p>\n","protected":false},"author":1,"featured_media":0,"comment_status":"open","ping_status":"open","sticky":false,"template":"","format":"standard","meta":{"ngg_post_thumbnail":0,"activitypub_content_warning":"","activitypub_content_visibility":"","activitypub_max_image_attachments":2,"activitypub_interaction_policy_quote":"anyone","activitypub_status":"","footnotes":""},"categories":[22],"tags":[31,38],"class_list":["post-163123","post","type-post","status-publish","format-standard","hentry","category-basteln","tag-garten","tag-haus"],"share_on_mastodon":{"url":"","error":""},"_links":{"self":[{"href":"https:\/\/www.andreas-edler.de\/blog\/wp-json\/wp\/v2\/posts\/163123","targetHints":{"allow":["GET"]}}],"collection":[{"href":"https:\/\/www.andreas-edler.de\/blog\/wp-json\/wp\/v2\/posts"}],"about":[{"href":"https:\/\/www.andreas-edler.de\/blog\/wp-json\/wp\/v2\/types\/post"}],"author":[{"embeddable":true,"href":"https:\/\/www.andreas-edler.de\/blog\/wp-json\/wp\/v2\/users\/1"}],"replies":[{"embeddable":true,"href":"https:\/\/www.andreas-edler.de\/blog\/wp-json\/wp\/v2\/comments?post=163123"}],"version-history":[{"count":0,"href":"https:\/\/www.andreas-edler.de\/blog\/wp-json\/wp\/v2\/posts\/163123\/revisions"}],"wp:attachment":[{"href":"https:\/\/www.andreas-edler.de\/blog\/wp-json\/wp\/v2\/media?parent=163123"}],"wp:term":[{"taxonomy":"category","embeddable":true,"href":"https:\/\/www.andreas-edler.de\/blog\/wp-json\/wp\/v2\/categories?post=163123"},{"taxonomy":"post_tag","embeddable":true,"href":"https:\/\/www.andreas-edler.de\/blog\/wp-json\/wp\/v2\/tags?post=163123"}],"curies":[{"name":"wp","href":"https:\/\/api.w.org\/{rel}","templated":true}]}}