{"id":163098,"date":"2018-03-17T10:30:05","date_gmt":"2018-03-17T09:30:05","guid":{"rendered":"http:\/\/www.andreas-edler.de\/blog\/?p=163098"},"modified":"2018-03-17T10:30:05","modified_gmt":"2018-03-17T09:30:05","slug":"silverlit-xtr-3-in-1-und-laeuft-und-laeuft","status":"publish","type":"post","link":"https:\/\/www.andreas-edler.de\/blog\/2018\/03\/silverlit-xtr-3-in-1-und-laeuft-und-laeuft\/","title":{"rendered":"Silverlit XTR 3 in 1 &#8230; und l\u00e4uft und l\u00e4uft"},"content":{"rendered":"<p><figure id=\"attachment_163099\" aria-describedby=\"caption-attachment-163099\" style=\"width: 250px\" class=\"wp-caption alignright\"><a href=\"http:\/\/www.andreas-edler.de\/blog\/wp-content\/uploads\/2018\/03\/20180317_silverlit_platine.jpg\"><img loading=\"lazy\" decoding=\"async\" src=\"http:\/\/www.andreas-edler.de\/blog\/wp-content\/uploads\/2018\/03\/20180317_silverlit_platine-250x140.jpg\" alt=\"\" width=\"250\" height=\"140\" class=\"size-medium wp-image-163099\" srcset=\"https:\/\/www.andreas-edler.de\/blog\/wp-content\/uploads\/2018\/03\/20180317_silverlit_platine-250x140.jpg 250w, https:\/\/www.andreas-edler.de\/blog\/wp-content\/uploads\/2018\/03\/20180317_silverlit_platine-768x431.jpg 768w, https:\/\/www.andreas-edler.de\/blog\/wp-content\/uploads\/2018\/03\/20180317_silverlit_platine-470x264.jpg 470w, https:\/\/www.andreas-edler.de\/blog\/wp-content\/uploads\/2018\/03\/20180317_silverlit_platine-100x56.jpg 100w, https:\/\/www.andreas-edler.de\/blog\/wp-content\/uploads\/2018\/03\/20180317_silverlit_platine-150x84.jpg 150w, https:\/\/www.andreas-edler.de\/blog\/wp-content\/uploads\/2018\/03\/20180317_silverlit_platine-200x112.jpg 200w, https:\/\/www.andreas-edler.de\/blog\/wp-content\/uploads\/2018\/03\/20180317_silverlit_platine-300x169.jpg 300w, https:\/\/www.andreas-edler.de\/blog\/wp-content\/uploads\/2018\/03\/20180317_silverlit_platine-450x253.jpg 450w, https:\/\/www.andreas-edler.de\/blog\/wp-content\/uploads\/2018\/03\/20180317_silverlit_platine-600x337.jpg 600w, https:\/\/www.andreas-edler.de\/blog\/wp-content\/uploads\/2018\/03\/20180317_silverlit_platine-900x506.jpg 900w, https:\/\/www.andreas-edler.de\/blog\/wp-content\/uploads\/2018\/03\/20180317_silverlit_platine.jpg 1280w\" sizes=\"auto, (max-width: 250px) 100vw, 250px\" \/><\/a><figcaption id=\"caption-attachment-163099\" class=\"wp-caption-text\">Platine im Rennauto<\/figcaption><\/figure> Der Start mit <a href=\"https:\/\/www.andreas-edler.de\/blog\/2010\/12\/silverlit-xtr-3-in-1\/\">dem kleinen ferngesteuerten Auto<\/a> war damals etwas holprig. Funktionierte nicht besonders gut und es gab ganz lange Gesichter. Wir haben das Ger\u00e4t an Amazon zur\u00fcck geschickt und ein neues bekommen. Davon habe ich putzigerweise gar nichts mehr verlauten lassen. Dabei ist es eines der Spielzeuge, die in ziemlich ausgiebiger Benutzung sind &#8211; durchaus ruppig &#8211; und immer noch benutzt werden. <!--more--><\/p>\n<p>Angesichts des Preise finde ich das ganz erstaunlich. Da habe ich deutlich h\u00f6herpreisige Gimmicks, die nach wesentlich pfleglicher Nutzung und k\u00fcrzerer Nutzungsdauer schon nicht mehr in Betrieb sind. Nach etwas mehr als sieben Jahren hat es aber nun auch den XTR 3 in 1 erwischt: die Antenne war abgebrochen und man konnte nur noch damit fahren, wenn man die Steuerung direkt an das Auto hielt.<br \/>\n<figure id=\"attachment_163100\" aria-describedby=\"caption-attachment-163100\" style=\"width: 470px\" class=\"wp-caption aligncenter\"><a href=\"http:\/\/www.andreas-edler.de\/blog\/wp-content\/uploads\/2018\/03\/20180317_silverlit_renner.jpg\"><img loading=\"lazy\" decoding=\"async\" src=\"http:\/\/www.andreas-edler.de\/blog\/wp-content\/uploads\/2018\/03\/20180317_silverlit_renner-470x296.jpg\" alt=\"\" width=\"470\" height=\"296\" class=\"size-large wp-image-163100\" srcset=\"https:\/\/www.andreas-edler.de\/blog\/wp-content\/uploads\/2018\/03\/20180317_silverlit_renner-470x296.jpg 470w, https:\/\/www.andreas-edler.de\/blog\/wp-content\/uploads\/2018\/03\/20180317_silverlit_renner-250x158.jpg 250w, https:\/\/www.andreas-edler.de\/blog\/wp-content\/uploads\/2018\/03\/20180317_silverlit_renner-768x484.jpg 768w, https:\/\/www.andreas-edler.de\/blog\/wp-content\/uploads\/2018\/03\/20180317_silverlit_renner-100x63.jpg 100w, https:\/\/www.andreas-edler.de\/blog\/wp-content\/uploads\/2018\/03\/20180317_silverlit_renner-150x95.jpg 150w, https:\/\/www.andreas-edler.de\/blog\/wp-content\/uploads\/2018\/03\/20180317_silverlit_renner-200x126.jpg 200w, https:\/\/www.andreas-edler.de\/blog\/wp-content\/uploads\/2018\/03\/20180317_silverlit_renner-300x189.jpg 300w, https:\/\/www.andreas-edler.de\/blog\/wp-content\/uploads\/2018\/03\/20180317_silverlit_renner-450x284.jpg 450w, https:\/\/www.andreas-edler.de\/blog\/wp-content\/uploads\/2018\/03\/20180317_silverlit_renner-600x378.jpg 600w, https:\/\/www.andreas-edler.de\/blog\/wp-content\/uploads\/2018\/03\/20180317_silverlit_renner-900x567.jpg 900w, https:\/\/www.andreas-edler.de\/blog\/wp-content\/uploads\/2018\/03\/20180317_silverlit_renner.jpg 1280w\" sizes=\"auto, (max-width: 470px) 100vw, 470px\" \/><\/a><figcaption id=\"caption-attachment-163100\" class=\"wp-caption-text\">Reperaturwerkstatt<\/figcaption><\/figure><br \/>\nDa ich das lange Gesicht &#8211; diesmal von Nachwuchs 2.0 &#8211; nicht labge ertragen kann, bin ich schnell in den Keller und habe die wenigen Schrauben am Geh\u00e4use gel\u00f6st. Darunter war auch sofort zu sehen, wie die Antenne befestigt ist. Einfach nur ein zu einer Schlaufe gebogener Draht, der mit einer Schraube auf der Platine befestigt ist. Losgeschraubt, das kurze St\u00fcck entsorgt, an den Rest der Antenne eine neue Schlaufe gewickelt und die Schraube wieder drauf. Den Ein- und Ausschalter und den W\u00e4hlhebel f\u00fcr den Kanal habe ich leider nicht viel g\u00e4ngiger bekommen. Da hat der Staub und Dreck inzwischen soviel Material abgetragen, dass es einfach hakt. Aber wir trennen eh immer den Akku, insofern ist das kein Problem.<\/p>\n<p>Jedenfalls f\u00e4hrt das Teil nun wieder wie der Teufel :-) Eine sehr gute Investition!<\/p>\n","protected":false},"excerpt":{"rendered":"<p>Der Start mit dem kleinen ferngesteuerten Auto war damals etwas holprig. Funktionierte nicht besonders gut und es gab ganz lange Gesichter. Wir haben das Ger\u00e4t an Amazon zur\u00fcck geschickt und ein neues bekommen. Davon habe ich putzigerweise gar nichts mehr &hellip;<\/p>\n<p class=\"read-more\"> <a class=\"more-link\" href=\"https:\/\/www.andreas-edler.de\/blog\/2018\/03\/silverlit-xtr-3-in-1-und-laeuft-und-laeuft\/\"> <span class=\"screen-reader-text\">Silverlit XTR 3 in 1 &#8230; und l\u00e4uft und l\u00e4uft<\/span> Weiterlesen &raquo;<\/a><\/p>\n","protected":false},"author":1,"featured_media":0,"comment_status":"open","ping_status":"open","sticky":false,"template":"","format":"standard","meta":{"ngg_post_thumbnail":0,"activitypub_content_warning":"","activitypub_content_visibility":"","activitypub_max_image_attachments":2,"activitypub_interaction_policy_quote":"anyone","activitypub_status":"","footnotes":""},"categories":[22],"tags":[37,64,36,316,30],"class_list":["post-163098","post","type-post","status-publish","format-standard","hentry","category-basteln","tag-auto","tag-konsum","tag-modell","tag-reparieren","tag-spielen"],"share_on_mastodon":{"url":"","error":""},"_links":{"self":[{"href":"https:\/\/www.andreas-edler.de\/blog\/wp-json\/wp\/v2\/posts\/163098","targetHints":{"allow":["GET"]}}],"collection":[{"href":"https:\/\/www.andreas-edler.de\/blog\/wp-json\/wp\/v2\/posts"}],"about":[{"href":"https:\/\/www.andreas-edler.de\/blog\/wp-json\/wp\/v2\/types\/post"}],"author":[{"embeddable":true,"href":"https:\/\/www.andreas-edler.de\/blog\/wp-json\/wp\/v2\/users\/1"}],"replies":[{"embeddable":true,"href":"https:\/\/www.andreas-edler.de\/blog\/wp-json\/wp\/v2\/comments?post=163098"}],"version-history":[{"count":0,"href":"https:\/\/www.andreas-edler.de\/blog\/wp-json\/wp\/v2\/posts\/163098\/revisions"}],"wp:attachment":[{"href":"https:\/\/www.andreas-edler.de\/blog\/wp-json\/wp\/v2\/media?parent=163098"}],"wp:term":[{"taxonomy":"category","embeddable":true,"href":"https:\/\/www.andreas-edler.de\/blog\/wp-json\/wp\/v2\/categories?post=163098"},{"taxonomy":"post_tag","embeddable":true,"href":"https:\/\/www.andreas-edler.de\/blog\/wp-json\/wp\/v2\/tags?post=163098"}],"curies":[{"name":"wp","href":"https:\/\/api.w.org\/{rel}","templated":true}]}}