{"id":162825,"date":"2017-12-24T11:44:01","date_gmt":"2017-12-24T10:44:01","guid":{"rendered":"http:\/\/www.andreas-edler.de\/blog\/?p=162825"},"modified":"2017-12-24T11:44:01","modified_gmt":"2017-12-24T10:44:01","slug":"weihnachten-ist-mir-egal","status":"publish","type":"post","link":"https:\/\/www.andreas-edler.de\/blog\/2017\/12\/weihnachten-ist-mir-egal\/","title":{"rendered":"Weihnachten ist mir egal"},"content":{"rendered":"<p><figure id=\"attachment_162826\" aria-describedby=\"caption-attachment-162826\" style=\"width: 136px\" class=\"wp-caption alignright\"><a href=\"http:\/\/www.andreas-edler.de\/blog\/wp-content\/uploads\/2017\/12\/20171224_weihnachtsbaum.jpg\"><img loading=\"lazy\" decoding=\"async\" src=\"http:\/\/www.andreas-edler.de\/blog\/wp-content\/uploads\/2017\/12\/20171224_weihnachtsbaum-136x250.jpg\" alt=\"\" width=\"136\" height=\"250\" class=\"size-medium wp-image-162826\" srcset=\"https:\/\/www.andreas-edler.de\/blog\/wp-content\/uploads\/2017\/12\/20171224_weihnachtsbaum-136x250.jpg 136w, https:\/\/www.andreas-edler.de\/blog\/wp-content\/uploads\/2017\/12\/20171224_weihnachtsbaum-256x470.jpg 256w, https:\/\/www.andreas-edler.de\/blog\/wp-content\/uploads\/2017\/12\/20171224_weihnachtsbaum-100x184.jpg 100w, https:\/\/www.andreas-edler.de\/blog\/wp-content\/uploads\/2017\/12\/20171224_weihnachtsbaum-150x276.jpg 150w, https:\/\/www.andreas-edler.de\/blog\/wp-content\/uploads\/2017\/12\/20171224_weihnachtsbaum-200x368.jpg 200w, https:\/\/www.andreas-edler.de\/blog\/wp-content\/uploads\/2017\/12\/20171224_weihnachtsbaum-300x552.jpg 300w, https:\/\/www.andreas-edler.de\/blog\/wp-content\/uploads\/2017\/12\/20171224_weihnachtsbaum-450x827.jpg 450w, https:\/\/www.andreas-edler.de\/blog\/wp-content\/uploads\/2017\/12\/20171224_weihnachtsbaum.jpg 557w\" sizes=\"auto, (max-width: 136px) 100vw, 136px\" \/><\/a><figcaption id=\"caption-attachment-162826\" class=\"wp-caption-text\">Weihnachtsbaum &#8211; der Rest der Familie findet das ja toll ;-)<\/figcaption><\/figure> Ich glaube nicht an Gott. Wahrscheinlich bin ich fast ganz Atheist, ein bisschen Agnostiker &#8211; irgendwas dazwischen mit sehr deutlicher Tendenz zu &#8222;gibt es nicht&#8220;. In jedem Fall halte ich Religion f\u00fcr den Anfang allen \u00dcbels. Dass ich damit nicht ganz allein bin, meine ich an der Art wie diese Zeit begangen wird, zu erkennen. Es ist doch nur noch Konsum und freie Tage.<\/p>\n<p>Letzteres auch nur f\u00fcr einige Menschen, denn damit diese sich tolle Tage machen k\u00f6nnen, muss es andere geben, die arbeiten. Die arbeiten \u00fcbrigens auch ganz oft im Jahr zu Zeiten, an denen der &#8222;normale&#8220; B\u00fcromensch die Beine hochlegt (und haben auch oft zu Zeiten frei, an denen ich im B\u00fcro sitze). Nur wird das dann nicht so prominent runter gebetet, wie gerade in der Weihnachtszeit. <!--more--><\/p>\n<p>&#8222;Du musst dann ja nicht frei nehmen, geh&#8216; doch arbeiten!&#8220; habe ich dann schon geh\u00f6rt. Ich war auch schon an Sonntagen im B\u00fcro &#8211; und auch an Feiertagen. Und wenn wir an religi\u00f6sen Feiertagen ge\u00f6ffnet h\u00e4tten, w\u00e4re das f\u00fcr mich auch kein Problem. Warum auch? Damit man das f\u00fcr alle &#8222;gerecht&#8220; l\u00f6st, ist eine einfache M\u00f6glichkeit, alle religi\u00f6sen Feier- bzw. besser &#8222;Frei&#8220;tage zu streichen und jedem 6 oder 7 zus\u00e4tzliche Urlaubstage zu geben. Mir fallen genug Tage ein, die ich auch ohne religi\u00f6sen Grund zum Andenken an irgendwas nutzen k\u00f6nnte. Und zum anderen h\u00e4tte man damit <b>alle<\/b> Religionen abgedeckt. Dann nimmt sich jeder an dem Gedenktag frei, den er braucht.<\/p>\n<p>Ganz ehrlich? Niemand w\u00fcrde sich dann Christi Himmelfahrt oder Fronleichnam einen Tag Urlaub nehmen. Am Pfingstmontag w\u00e4ren die B\u00fcros voll wie immer und ich wette, auch Ostermontag w\u00fcrde niemand wegen christlicher Gr\u00fcnde Urlaub nehmen. Nein, die zus\u00e4tzlichen Tage w\u00fcrde auf Malle oder an der Nordsee verbracht. So sieht es n\u00e4mlich aus. Genau deswegen bin ich irgendwie gar kein Weihnachtsmensch. An den Grund glaube ich schlicht und ergreifend nicht und was daraus gemacht wurde, gef\u00e4llt mir nicht.<\/p>\n","protected":false},"excerpt":{"rendered":"<p>Ich glaube nicht an Gott. Wahrscheinlich bin ich fast ganz Atheist, ein bisschen Agnostiker &#8211; irgendwas dazwischen mit sehr deutlicher Tendenz zu &#8222;gibt es nicht&#8220;. In jedem Fall halte ich Religion f\u00fcr den Anfang allen \u00dcbels. Dass ich damit nicht &hellip;<\/p>\n<p class=\"read-more\"> <a class=\"more-link\" href=\"https:\/\/www.andreas-edler.de\/blog\/2017\/12\/weihnachten-ist-mir-egal\/\"> <span class=\"screen-reader-text\">Weihnachten ist mir egal<\/span> Weiterlesen &raquo;<\/a><\/p>\n","protected":false},"author":1,"featured_media":0,"comment_status":"open","ping_status":"open","sticky":false,"template":"","format":"standard","meta":{"ngg_post_thumbnail":0,"activitypub_content_warning":"","activitypub_content_visibility":"","activitypub_max_image_attachments":2,"activitypub_interaction_policy_quote":"anyone","activitypub_status":"","footnotes":""},"categories":[1],"tags":[146,21,74,102],"class_list":["post-162825","post","type-post","status-publish","format-standard","hentry","category-allgemein","tag-familie","tag-feier","tag-religion","tag-urlaub"],"share_on_mastodon":{"url":"","error":""},"_links":{"self":[{"href":"https:\/\/www.andreas-edler.de\/blog\/wp-json\/wp\/v2\/posts\/162825","targetHints":{"allow":["GET"]}}],"collection":[{"href":"https:\/\/www.andreas-edler.de\/blog\/wp-json\/wp\/v2\/posts"}],"about":[{"href":"https:\/\/www.andreas-edler.de\/blog\/wp-json\/wp\/v2\/types\/post"}],"author":[{"embeddable":true,"href":"https:\/\/www.andreas-edler.de\/blog\/wp-json\/wp\/v2\/users\/1"}],"replies":[{"embeddable":true,"href":"https:\/\/www.andreas-edler.de\/blog\/wp-json\/wp\/v2\/comments?post=162825"}],"version-history":[{"count":0,"href":"https:\/\/www.andreas-edler.de\/blog\/wp-json\/wp\/v2\/posts\/162825\/revisions"}],"wp:attachment":[{"href":"https:\/\/www.andreas-edler.de\/blog\/wp-json\/wp\/v2\/media?parent=162825"}],"wp:term":[{"taxonomy":"category","embeddable":true,"href":"https:\/\/www.andreas-edler.de\/blog\/wp-json\/wp\/v2\/categories?post=162825"},{"taxonomy":"post_tag","embeddable":true,"href":"https:\/\/www.andreas-edler.de\/blog\/wp-json\/wp\/v2\/tags?post=162825"}],"curies":[{"name":"wp","href":"https:\/\/api.w.org\/{rel}","templated":true}]}}