{"id":162817,"date":"2017-12-21T07:54:08","date_gmt":"2017-12-21T06:54:08","guid":{"rendered":"http:\/\/www.andreas-edler.de\/blog\/?p=162817"},"modified":"2017-12-21T07:54:08","modified_gmt":"2017-12-21T06:54:08","slug":"helle-kleidung-nuetzt-gar-nichts","status":"publish","type":"post","link":"https:\/\/www.andreas-edler.de\/blog\/2017\/12\/helle-kleidung-nuetzt-gar-nichts\/","title":{"rendered":"Helle Kleidung n\u00fctzt &#8230; gar nichts!"},"content":{"rendered":"<p>Das erz\u00e4hle ich schon seit Jahrzehnten. Ich habe rund um die Uhr Licht am Rad an, meine Hosenb\u00e4nder reflektieren und an meiner Jacke sind ebenfalls Reflektorstreifen. Trotzdem wird mir nachts im Winter genauso oft die Vorfahrt genommen, sprich: ich wurde &#8222;\u00fcbersehen&#8220;, wie am Tag im Sommer. Trotzdem wird die Polizei nicht m\u00fcde, die Wahnweste zu predigen und gerade diejenigen zu <s>g\u00e4ngeln<\/s> kontrollieren, die zum \u00fcberw\u00e4ltigenden Teil nicht an den Unf\u00e4llen schuld sind, in denen sie umgefahren werden. <cite>Westfalen-Blatt vom 20.12.2017: <b><a href=\"http:\/\/www.westfalen-blatt.de\/OWL\/Kreis-Lippe\/Kreis-Lippe\/3098072-65-Jaehriger-bei-Strassenueberquerung-in-Detmold-verletzt-Trotz-Warnweste-Auto-faehrt-Fussgaenger-an\">Trotz Warnweste: Auto f\u00e4hrt Fu\u00dfg\u00e4nger an<\/a><\/b><br \/>\n&#8230; Dabei erfasste sie den Fu\u00dfg\u00e4nger, der bei Gr\u00fcnlicht die Fu\u00dfg\u00e4ngerfurt aus Richtung Parkhaus auf die gegen\u00fcberliegende Seite \u00fcberquerte. Er trug zur Unfallzeit eine Warnweste &#8230;<\/cite> <!--more--><br \/>\nBei gr\u00fcn eine Ampelquerung genutzt und noch eine Warnweste getragen. Der Mann hat sich an die Regeln gehalten und zus\u00e4tzlich noch alles getan, was an sinnlosem Voodoo empfohlen wird. Trotzdem wurde er angefahren. Nicht weil er nicht zu sehen war, sondern weil eine Autofahrerin nicht aufgepasst hat. Wenn die Sichtverh\u00e4ltnisse schlecht sind, dann hat man im Auto langsamer zu fahren. Punkt! Sowas steht leider *nie* in Meldungen der Polizei.<\/p>\n<p>Die Gr\u00fcnde f\u00fcr das &#8222;\u00dcbersehen&#8220; und &#8222;Touchieren&#8220; liegen jedenfalls nicht bei fehlender Wahnweste oder magelhafter Beleuchtung. Das ist ein M\u00e4rchen, damit Autofahrer mit dem Finger auf andere zeigen k\u00f6nnen. Das Auto hat nunmal einfach durch die Masse und die Un\u00fcbersichtlichkeit ein Gefahrenpotential, welches von der Allgemeinheit ganz schlicht und ergreifend ausgeblendet wird. Und darum muss man die Schuld f\u00fcr alles, was das Auto anrichtet, auch woanders suchen.<\/p>\n<p>Wann denkt mal endlich mehr als ein kleiner Haufen Idealisten um?<\/p>\n","protected":false},"excerpt":{"rendered":"<p>Das erz\u00e4hle ich schon seit Jahrzehnten. Ich habe rund um die Uhr Licht am Rad an, meine Hosenb\u00e4nder reflektieren und an meiner Jacke sind ebenfalls Reflektorstreifen. Trotzdem wird mir nachts im Winter genauso oft die Vorfahrt genommen, sprich: ich wurde &hellip;<\/p>\n<p class=\"read-more\"> <a class=\"more-link\" href=\"https:\/\/www.andreas-edler.de\/blog\/2017\/12\/helle-kleidung-nuetzt-gar-nichts\/\"> <span class=\"screen-reader-text\">Helle Kleidung n\u00fctzt &#8230; gar nichts!<\/span> Weiterlesen &raquo;<\/a><\/p>\n","protected":false},"author":1,"featured_media":0,"comment_status":"open","ping_status":"open","sticky":false,"template":"","format":"standard","meta":{"ngg_post_thumbnail":0,"activitypub_content_warning":"","activitypub_content_visibility":"","activitypub_max_image_attachments":2,"activitypub_interaction_policy_quote":"anyone","activitypub_status":"","footnotes":""},"categories":[15,18,13],"tags":[37,63,71,76],"class_list":["post-162817","post","type-post","status-publish","format-standard","hentry","category-fahrrad","category-fraglich","category-verkehr","tag-auto","tag-benehmen","tag-regeln","tag-sicherheit"],"share_on_mastodon":{"url":"","error":""},"_links":{"self":[{"href":"https:\/\/www.andreas-edler.de\/blog\/wp-json\/wp\/v2\/posts\/162817","targetHints":{"allow":["GET"]}}],"collection":[{"href":"https:\/\/www.andreas-edler.de\/blog\/wp-json\/wp\/v2\/posts"}],"about":[{"href":"https:\/\/www.andreas-edler.de\/blog\/wp-json\/wp\/v2\/types\/post"}],"author":[{"embeddable":true,"href":"https:\/\/www.andreas-edler.de\/blog\/wp-json\/wp\/v2\/users\/1"}],"replies":[{"embeddable":true,"href":"https:\/\/www.andreas-edler.de\/blog\/wp-json\/wp\/v2\/comments?post=162817"}],"version-history":[{"count":0,"href":"https:\/\/www.andreas-edler.de\/blog\/wp-json\/wp\/v2\/posts\/162817\/revisions"}],"wp:attachment":[{"href":"https:\/\/www.andreas-edler.de\/blog\/wp-json\/wp\/v2\/media?parent=162817"}],"wp:term":[{"taxonomy":"category","embeddable":true,"href":"https:\/\/www.andreas-edler.de\/blog\/wp-json\/wp\/v2\/categories?post=162817"},{"taxonomy":"post_tag","embeddable":true,"href":"https:\/\/www.andreas-edler.de\/blog\/wp-json\/wp\/v2\/tags?post=162817"}],"curies":[{"name":"wp","href":"https:\/\/api.w.org\/{rel}","templated":true}]}}