{"id":162730,"date":"2017-11-26T00:12:02","date_gmt":"2017-11-25T23:12:02","guid":{"rendered":"http:\/\/www.andreas-edler.de\/blog\/?p=162730"},"modified":"2017-11-26T00:12:21","modified_gmt":"2017-11-25T23:12:21","slug":"parkstreifen-an-der-hermann-loens-strasse","status":"publish","type":"post","link":"https:\/\/www.andreas-edler.de\/blog\/2017\/11\/parkstreifen-an-der-hermann-loens-strasse\/","title":{"rendered":"Parkstreifen an der Hermann-L\u00f6ns-Stra\u00dfe"},"content":{"rendered":"<p>Auf der Hermann-L\u00f6ns-Stra\u00dfe ist zwischen Bl\u00fccher- und K\u00f6nigstra\u00dfe auf der \u00f6stlichen Seite ein Streifen markiert. Durchg\u00e4ngig und mit wei\u00dfen Fahrradpiktogrammen in der Mitte. Ich halte das f\u00fcr alles m\u00f6gliche, <a href=\"http:\/\/www.andreas-edler.de\/blog\/2017\/03\/hermann-loens-strasse-das-ist-kein-radweg\/\">nur nicht f\u00fcr einen Radstreifen<\/a>. Autofahrende sehen das anders und dr\u00e4ngeln schon mal, wenn ich den an der Stelle nicht benutze. Sind ja auch reichlich Schlagl\u00f6cher drin und auch genug Dreck drauf. Ich bin auf dem St\u00fcck auch schon angehupt worden, wenn ich links der Linie mit dem Rad unterwegs war. <figure id=\"attachment_162731\" aria-describedby=\"caption-attachment-162731\" style=\"width: 470px\" class=\"wp-caption aligncenter\"><a href=\"http:\/\/www.andreas-edler.de\/blog\/wp-content\/uploads\/2017\/11\/20171125_hermann_loens_strasse.png\"><img loading=\"lazy\" decoding=\"async\" src=\"http:\/\/www.andreas-edler.de\/blog\/wp-content\/uploads\/2017\/11\/20171125_hermann_loens_strasse-470x213.png\" alt=\"\" width=\"470\" height=\"213\" class=\"size-large wp-image-162731\" srcset=\"https:\/\/www.andreas-edler.de\/blog\/wp-content\/uploads\/2017\/11\/20171125_hermann_loens_strasse-470x213.png 470w, https:\/\/www.andreas-edler.de\/blog\/wp-content\/uploads\/2017\/11\/20171125_hermann_loens_strasse-250x113.png 250w, https:\/\/www.andreas-edler.de\/blog\/wp-content\/uploads\/2017\/11\/20171125_hermann_loens_strasse-768x349.png 768w, https:\/\/www.andreas-edler.de\/blog\/wp-content\/uploads\/2017\/11\/20171125_hermann_loens_strasse-100x45.png 100w, https:\/\/www.andreas-edler.de\/blog\/wp-content\/uploads\/2017\/11\/20171125_hermann_loens_strasse-150x68.png 150w, https:\/\/www.andreas-edler.de\/blog\/wp-content\/uploads\/2017\/11\/20171125_hermann_loens_strasse-200x91.png 200w, https:\/\/www.andreas-edler.de\/blog\/wp-content\/uploads\/2017\/11\/20171125_hermann_loens_strasse-300x136.png 300w, https:\/\/www.andreas-edler.de\/blog\/wp-content\/uploads\/2017\/11\/20171125_hermann_loens_strasse-450x204.png 450w, https:\/\/www.andreas-edler.de\/blog\/wp-content\/uploads\/2017\/11\/20171125_hermann_loens_strasse-600x272.png 600w, https:\/\/www.andreas-edler.de\/blog\/wp-content\/uploads\/2017\/11\/20171125_hermann_loens_strasse-900x409.png 900w, https:\/\/www.andreas-edler.de\/blog\/wp-content\/uploads\/2017\/11\/20171125_hermann_loens_strasse.png 1280w\" sizes=\"auto, (max-width: 470px) 100vw, 470px\" \/><\/a><figcaption id=\"caption-attachment-162731\" class=\"wp-caption-text\">Radstreifen wird als Parkstreifen genutzt<\/figcaption><\/figure> <!--more--> Das wird sich aber immer gerade so gedreht, wie man es im Auto braucht. Sobald bei dem gro\u00dfen Blumenh\u00e4ndler ein Event ist, dann ist das selbstverst\u00e4ndlich kein Streifen f\u00fcr Radfahrende, dann geh\u00f6rt er auch den Menschen, die dort ihre platzverschwendenden Fahrzeuge abstellen m\u00fcssen. Wenn ein Autofahrer auf einem Radweg nicht parken m\u00f6chte, dann habe ich ihn als Radfahrer gef\u00e4lligst zu benutzen. M\u00f6chte er jedoch darauf parken, dann kann ich zusehen, wo ich bleibe. So ist n\u00e4mlich das Denken.<\/p>\n<p>Liebe Verwaltung, fr\u00e4st diesen Streifen dort weg. Auch n\u00f6rdlich der Bahnlinie!<\/p>\n","protected":false},"excerpt":{"rendered":"<p>Auf der Hermann-L\u00f6ns-Stra\u00dfe ist zwischen Bl\u00fccher- und K\u00f6nigstra\u00dfe auf der \u00f6stlichen Seite ein Streifen markiert. Durchg\u00e4ngig und mit wei\u00dfen Fahrradpiktogrammen in der Mitte. Ich halte das f\u00fcr alles m\u00f6gliche, nur nicht f\u00fcr einen Radstreifen. Autofahrende sehen das anders und dr\u00e4ngeln &hellip;<\/p>\n<p class=\"read-more\"> <a class=\"more-link\" href=\"https:\/\/www.andreas-edler.de\/blog\/2017\/11\/parkstreifen-an-der-hermann-loens-strasse\/\"> <span class=\"screen-reader-text\">Parkstreifen an der Hermann-L\u00f6ns-Stra\u00dfe<\/span> Weiterlesen &raquo;<\/a><\/p>\n","protected":false},"author":1,"featured_media":0,"comment_status":"open","ping_status":"open","sticky":false,"template":"","format":"standard","meta":{"ngg_post_thumbnail":0,"activitypub_content_warning":"","activitypub_content_visibility":"","activitypub_max_image_attachments":2,"activitypub_interaction_policy_quote":"anyone","activitypub_status":"","footnotes":""},"categories":[14,15,45,13],"tags":[109,37,110,75,251,241,207,108,72],"class_list":["post-162730","post","type-post","status-publish","format-standard","hentry","category-bad-oeynhausen","category-fahrrad","category-politik","category-verkehr","tag-adfc","tag-auto","tag-fahrradfreundliche-stadt","tag-grun","tag-infrastruktur","tag-radverkehrsanlagen","tag-radweg","tag-radwegparker","tag-verwaltung"],"share_on_mastodon":{"url":"","error":""},"_links":{"self":[{"href":"https:\/\/www.andreas-edler.de\/blog\/wp-json\/wp\/v2\/posts\/162730","targetHints":{"allow":["GET"]}}],"collection":[{"href":"https:\/\/www.andreas-edler.de\/blog\/wp-json\/wp\/v2\/posts"}],"about":[{"href":"https:\/\/www.andreas-edler.de\/blog\/wp-json\/wp\/v2\/types\/post"}],"author":[{"embeddable":true,"href":"https:\/\/www.andreas-edler.de\/blog\/wp-json\/wp\/v2\/users\/1"}],"replies":[{"embeddable":true,"href":"https:\/\/www.andreas-edler.de\/blog\/wp-json\/wp\/v2\/comments?post=162730"}],"version-history":[{"count":0,"href":"https:\/\/www.andreas-edler.de\/blog\/wp-json\/wp\/v2\/posts\/162730\/revisions"}],"wp:attachment":[{"href":"https:\/\/www.andreas-edler.de\/blog\/wp-json\/wp\/v2\/media?parent=162730"}],"wp:term":[{"taxonomy":"category","embeddable":true,"href":"https:\/\/www.andreas-edler.de\/blog\/wp-json\/wp\/v2\/categories?post=162730"},{"taxonomy":"post_tag","embeddable":true,"href":"https:\/\/www.andreas-edler.de\/blog\/wp-json\/wp\/v2\/tags?post=162730"}],"curies":[{"name":"wp","href":"https:\/\/api.w.org\/{rel}","templated":true}]}}