{"id":162691,"date":"2017-11-15T17:26:29","date_gmt":"2017-11-15T16:26:29","guid":{"rendered":"http:\/\/www.andreas-edler.de\/blog\/?p=162691"},"modified":"2017-11-15T17:26:29","modified_gmt":"2017-11-15T16:26:29","slug":"kontrolle-in-der-fahrradstrasse","status":"publish","type":"post","link":"https:\/\/www.andreas-edler.de\/blog\/2017\/11\/kontrolle-in-der-fahrradstrasse\/","title":{"rendered":"Kontrolle in der Fahrradstra\u00dfe"},"content":{"rendered":"<p><figure id=\"attachment_162692\" aria-describedby=\"caption-attachment-162692\" style=\"width: 250px\" class=\"wp-caption alignright\"><a href=\"http:\/\/www.andreas-edler.de\/blog\/wp-content\/uploads\/2017\/11\/20171115_antwort_anfrage_fahrradstrasse.png\"><img loading=\"lazy\" decoding=\"async\" src=\"http:\/\/www.andreas-edler.de\/blog\/wp-content\/uploads\/2017\/11\/20171115_antwort_anfrage_fahrradstrasse-250x110.png\" alt=\"\" width=\"250\" height=\"110\" class=\"size-medium wp-image-162692\" srcset=\"https:\/\/www.andreas-edler.de\/blog\/wp-content\/uploads\/2017\/11\/20171115_antwort_anfrage_fahrradstrasse-250x110.png 250w, https:\/\/www.andreas-edler.de\/blog\/wp-content\/uploads\/2017\/11\/20171115_antwort_anfrage_fahrradstrasse-768x337.png 768w, https:\/\/www.andreas-edler.de\/blog\/wp-content\/uploads\/2017\/11\/20171115_antwort_anfrage_fahrradstrasse-470x206.png 470w, https:\/\/www.andreas-edler.de\/blog\/wp-content\/uploads\/2017\/11\/20171115_antwort_anfrage_fahrradstrasse-100x44.png 100w, https:\/\/www.andreas-edler.de\/blog\/wp-content\/uploads\/2017\/11\/20171115_antwort_anfrage_fahrradstrasse-150x66.png 150w, https:\/\/www.andreas-edler.de\/blog\/wp-content\/uploads\/2017\/11\/20171115_antwort_anfrage_fahrradstrasse-200x88.png 200w, https:\/\/www.andreas-edler.de\/blog\/wp-content\/uploads\/2017\/11\/20171115_antwort_anfrage_fahrradstrasse-300x132.png 300w, https:\/\/www.andreas-edler.de\/blog\/wp-content\/uploads\/2017\/11\/20171115_antwort_anfrage_fahrradstrasse-450x197.png 450w, https:\/\/www.andreas-edler.de\/blog\/wp-content\/uploads\/2017\/11\/20171115_antwort_anfrage_fahrradstrasse-600x263.png 600w, https:\/\/www.andreas-edler.de\/blog\/wp-content\/uploads\/2017\/11\/20171115_antwort_anfrage_fahrradstrasse.png 814w\" sizes=\"auto, (max-width: 250px) 100vw, 250px\" \/><\/a><figcaption id=\"caption-attachment-162692\" class=\"wp-caption-text\">Antwort auf die Anfrage zu Kontrollen in Fahrradstra\u00dfen<\/figcaption><\/figure> In der letzten Ratssitzung habe unter anderem ich das Verhalten von Autofahrern in den Fahrradstra\u00dfen von Bad Oeynhausen moniert. In der Praxis habe ich den Eindruck, dass es allen schlicht egal ist, wer dort wie f\u00e4hrt. Kontrollen habe ich bisher noch nicht erlebt.<\/p>\n<p>Im Rat wurde uns zugesichert, man werde mit der Polizei Kontakt aufnehmen und in der letzten Ratspost war dann die Erweiterung, dass dies nun geschehen sei und der Leiter der Polizeidienststelle Bad Oeynhausen gebeten wurde, Kontrollen durchzuf\u00fchren. <!--more--> Zus\u00e4tzlich wurde irgendwann in den letzten Tagen an der Einm\u00fcndung des Leingarten in die Eidinghausener Stra\u00dfe ein weiteres Schild &#8222;Fahrradstra\u00dfe&#8220; aufgestellt, so dass man nun rechts und links der Fahrbahn ziemlich deutlich auf die Regelung hingewiesen wird. Allein: auch das hat niemanden interessiert. <figure id=\"attachment_162693\" aria-describedby=\"caption-attachment-162693\" style=\"width: 470px\" class=\"wp-caption aligncenter\"><a href=\"http:\/\/www.andreas-edler.de\/blog\/wp-content\/uploads\/2017\/11\/20171115_kontrolle_fahrradstrasse.jpg\"><img loading=\"lazy\" decoding=\"async\" src=\"http:\/\/www.andreas-edler.de\/blog\/wp-content\/uploads\/2017\/11\/20171115_kontrolle_fahrradstrasse-470x247.jpg\" alt=\"\" width=\"470\" height=\"247\" class=\"size-large wp-image-162693\" srcset=\"https:\/\/www.andreas-edler.de\/blog\/wp-content\/uploads\/2017\/11\/20171115_kontrolle_fahrradstrasse-470x247.jpg 470w, https:\/\/www.andreas-edler.de\/blog\/wp-content\/uploads\/2017\/11\/20171115_kontrolle_fahrradstrasse-250x132.jpg 250w, https:\/\/www.andreas-edler.de\/blog\/wp-content\/uploads\/2017\/11\/20171115_kontrolle_fahrradstrasse-768x404.jpg 768w, https:\/\/www.andreas-edler.de\/blog\/wp-content\/uploads\/2017\/11\/20171115_kontrolle_fahrradstrasse-100x53.jpg 100w, https:\/\/www.andreas-edler.de\/blog\/wp-content\/uploads\/2017\/11\/20171115_kontrolle_fahrradstrasse-150x79.jpg 150w, https:\/\/www.andreas-edler.de\/blog\/wp-content\/uploads\/2017\/11\/20171115_kontrolle_fahrradstrasse-200x105.jpg 200w, https:\/\/www.andreas-edler.de\/blog\/wp-content\/uploads\/2017\/11\/20171115_kontrolle_fahrradstrasse-300x158.jpg 300w, https:\/\/www.andreas-edler.de\/blog\/wp-content\/uploads\/2017\/11\/20171115_kontrolle_fahrradstrasse-450x237.jpg 450w, https:\/\/www.andreas-edler.de\/blog\/wp-content\/uploads\/2017\/11\/20171115_kontrolle_fahrradstrasse-600x316.jpg 600w, https:\/\/www.andreas-edler.de\/blog\/wp-content\/uploads\/2017\/11\/20171115_kontrolle_fahrradstrasse-900x474.jpg 900w, https:\/\/www.andreas-edler.de\/blog\/wp-content\/uploads\/2017\/11\/20171115_kontrolle_fahrradstrasse.jpg 1280w\" sizes=\"auto, (max-width: 470px) 100vw, 470px\" \/><\/a><figcaption id=\"caption-attachment-162693\" class=\"wp-caption-text\">Durchfahrende Autofahrer werden kontrolliert<\/figcaption><\/figure> Umso mehr musste ich grinsen, als ich heute morgen einen kleinen Stau im Leingarten sah. Da wurde doch tats\u00e4chlich kontrolliert! Eine Polizistin nahm die Personalien auf und stellte Tickets aus (glaube ich) und ein weiterer Polizist informierte die Wartenden, was dort gerade passierte. Und obwohl man von der Eidinghausener Stra\u00dfe sehr deutlich sehen konnte, was dort geschah, sind trotzdem alle wie gewohnt in die Fahrradstra\u00dfe gefahren und haben sich angestellt.<\/p>\n<p>Einem der Papas, der augenscheinlich seine beiden Kinder zur Schule bringen wollte, habe ich w\u00e4hrend er dort ratlos wartete, erkl\u00e4rt, dass er hier eigentlich nichts zu suchen hat und daher nun kontrolliert wurde. Konnte sich gar nicht vorstellen warum. Wie lange die Regelung denn schon best\u00fcnde? Woran er das erkennen k\u00f6nne? Und \u00fcberhaupt w\u00e4re er das erste Mal in der Stra\u00dfe! Ist klar und meine Mutter ist die Kaiserin von China und die Erde ist eine Scheibe. Ein besonders schlauer Autofahrer dachte sogar, er m\u00fcsse nicht warten, scherte aus und fuhr an den Wartenden vorbei. Jedenfalls bis ihn die Polizei dann stoppte und bat sich halt vorne in der Schlange anzustellen. Leider kostet das Ignorieren der Fahrradstra\u00dfe lediglich 10 Euro. Das werden die meisten schmollend zahlen und dann weiterhin durchfahren. Die Polizei steht dort ja wahrscheinlich erst in einem Jahr wieder.<\/p>\n<p>Aber bis dahin: Danke f\u00fcr die Kontrolle! Hoffentlich haben sich das dann doch ein paar Menschen gemerkt und halten sich an die Regelungen. Ich fahre mit dem Auto auch nicht mehr durch die H\u00fcffe, die Bachstra\u00dfe oder die Bl\u00fccherstra\u00dfe. Man kann diese Stra\u00dfen bequem umfahren und muss nicht durch die Fahrradstra\u00dfe fahren. Wirklich, es geht. Und ja, ich wohne hier auch und bin gerade durch den Leingarten durchaus \u00f6fter gefahren. Das lasse ich jetzt eben sein. Wie gesagt, funktioniert.<\/p>\n","protected":false},"excerpt":{"rendered":"<p>In der letzten Ratssitzung habe unter anderem ich das Verhalten von Autofahrern in den Fahrradstra\u00dfen von Bad Oeynhausen moniert. In der Praxis habe ich den Eindruck, dass es allen schlicht egal ist, wer dort wie f\u00e4hrt. Kontrollen habe ich bisher &hellip;<\/p>\n<p class=\"read-more\"> <a class=\"more-link\" href=\"https:\/\/www.andreas-edler.de\/blog\/2017\/11\/kontrolle-in-der-fahrradstrasse\/\"> <span class=\"screen-reader-text\">Kontrolle in der Fahrradstra\u00dfe<\/span> Weiterlesen &raquo;<\/a><\/p>\n","protected":false},"author":1,"featured_media":0,"comment_status":"open","ping_status":"open","sticky":false,"template":"","format":"standard","meta":{"ngg_post_thumbnail":0,"activitypub_content_warning":"","activitypub_content_visibility":"","activitypub_max_image_attachments":2,"activitypub_interaction_policy_quote":"anyone","activitypub_status":"","footnotes":""},"categories":[14,15,45,13],"tags":[109,237,37,110,271,251,158,127,241,207,71,76,77,72],"class_list":["post-162691","post","type-post","status-publish","format-standard","hentry","category-bad-oeynhausen","category-fahrrad","category-politik","category-verkehr","tag-adfc","tag-ausschuss-fuer-stadtentwicklung","tag-auto","tag-fahrradfreundliche-stadt","tag-fahrradstrasse","tag-infrastruktur","tag-mit-dem-rad-zur-arbeit","tag-polizei","tag-radverkehrsanlagen","tag-radweg","tag-regeln","tag-sicherheit","tag-stadtrat","tag-verwaltung"],"share_on_mastodon":{"url":"","error":""},"_links":{"self":[{"href":"https:\/\/www.andreas-edler.de\/blog\/wp-json\/wp\/v2\/posts\/162691","targetHints":{"allow":["GET"]}}],"collection":[{"href":"https:\/\/www.andreas-edler.de\/blog\/wp-json\/wp\/v2\/posts"}],"about":[{"href":"https:\/\/www.andreas-edler.de\/blog\/wp-json\/wp\/v2\/types\/post"}],"author":[{"embeddable":true,"href":"https:\/\/www.andreas-edler.de\/blog\/wp-json\/wp\/v2\/users\/1"}],"replies":[{"embeddable":true,"href":"https:\/\/www.andreas-edler.de\/blog\/wp-json\/wp\/v2\/comments?post=162691"}],"version-history":[{"count":0,"href":"https:\/\/www.andreas-edler.de\/blog\/wp-json\/wp\/v2\/posts\/162691\/revisions"}],"wp:attachment":[{"href":"https:\/\/www.andreas-edler.de\/blog\/wp-json\/wp\/v2\/media?parent=162691"}],"wp:term":[{"taxonomy":"category","embeddable":true,"href":"https:\/\/www.andreas-edler.de\/blog\/wp-json\/wp\/v2\/categories?post=162691"},{"taxonomy":"post_tag","embeddable":true,"href":"https:\/\/www.andreas-edler.de\/blog\/wp-json\/wp\/v2\/tags?post=162691"}],"curies":[{"name":"wp","href":"https:\/\/api.w.org\/{rel}","templated":true}]}}