{"id":162662,"date":"2017-11-05T21:44:10","date_gmt":"2017-11-05T20:44:10","guid":{"rendered":"http:\/\/www.andreas-edler.de\/blog\/?p=162662"},"modified":"2017-11-05T21:44:10","modified_gmt":"2017-11-05T20:44:10","slug":"kurzurlaub-in-norddeich","status":"publish","type":"post","link":"https:\/\/www.andreas-edler.de\/blog\/2017\/11\/kurzurlaub-in-norddeich\/","title":{"rendered":"Kurzurlaub in Norddeich"},"content":{"rendered":"<p>Donnerstag, Freitag und Samstag waren wir ein bisschen auf Schl\u00fcr an der Nordseek\u00fcste. Haben kurzfristig ein Hotel in Norddeich gebucht und uns dort etwas erholt. Diesmal hat die Frau sogar schneller was geschrieben als ich :-) <a href=\"http:\/\/www.alex-edler.de\/blog\/2017\/11\/norddeich\/\">Norddeich erster Tag<\/a>, <a href=\"http:\/\/www.alex-edler.de\/blog\/2017\/11\/norddeich-zweiter-tag\/\">Norddeich zweiter Tag<\/a>. <figure id=\"attachment_162663\" aria-describedby=\"caption-attachment-162663\" style=\"width: 470px\" class=\"wp-caption aligncenter\"><a href=\"http:\/\/www.andreas-edler.de\/blog\/wp-content\/uploads\/2017\/11\/20171102_watt.jpg\"><img loading=\"lazy\" decoding=\"async\" src=\"http:\/\/www.andreas-edler.de\/blog\/wp-content\/uploads\/2017\/11\/20171102_watt-470x247.jpg\" alt=\"\" width=\"470\" height=\"247\" class=\"size-large wp-image-162663\" srcset=\"https:\/\/www.andreas-edler.de\/blog\/wp-content\/uploads\/2017\/11\/20171102_watt-470x247.jpg 470w, https:\/\/www.andreas-edler.de\/blog\/wp-content\/uploads\/2017\/11\/20171102_watt-250x131.jpg 250w, https:\/\/www.andreas-edler.de\/blog\/wp-content\/uploads\/2017\/11\/20171102_watt-768x404.jpg 768w, https:\/\/www.andreas-edler.de\/blog\/wp-content\/uploads\/2017\/11\/20171102_watt-100x53.jpg 100w, https:\/\/www.andreas-edler.de\/blog\/wp-content\/uploads\/2017\/11\/20171102_watt-150x79.jpg 150w, https:\/\/www.andreas-edler.de\/blog\/wp-content\/uploads\/2017\/11\/20171102_watt-200x105.jpg 200w, https:\/\/www.andreas-edler.de\/blog\/wp-content\/uploads\/2017\/11\/20171102_watt-300x158.jpg 300w, https:\/\/www.andreas-edler.de\/blog\/wp-content\/uploads\/2017\/11\/20171102_watt-450x237.jpg 450w, https:\/\/www.andreas-edler.de\/blog\/wp-content\/uploads\/2017\/11\/20171102_watt-600x315.jpg 600w, https:\/\/www.andreas-edler.de\/blog\/wp-content\/uploads\/2017\/11\/20171102_watt-900x473.jpg 900w, https:\/\/www.andreas-edler.de\/blog\/wp-content\/uploads\/2017\/11\/20171102_watt.jpg 1280w\" sizes=\"auto, (max-width: 470px) 100vw, 470px\" \/><\/a><figcaption id=\"caption-attachment-162663\" class=\"wp-caption-text\">Wattenmeer<\/figcaption><\/figure> <!--more--> Tats\u00e4chlich hatte ich auch schon ein paar S\u00e4tze aufgeschrieben und die eben gerade vervollst\u00e4ndigt. <a href=\"http:\/\/www.andreas-edler.de\/blog\/urlaub\/norddeich-02-bis-04-11-2017\/\">Kann man hier nachlesen.<\/a><\/p>\n","protected":false},"excerpt":{"rendered":"<p>Donnerstag, Freitag und Samstag waren wir ein bisschen auf Schl\u00fcr an der Nordseek\u00fcste. Haben kurzfristig ein Hotel in Norddeich gebucht und uns dort etwas erholt. Diesmal hat die Frau sogar schneller was geschrieben als ich :-) Norddeich erster Tag, Norddeich &hellip;<\/p>\n<p class=\"read-more\"> <a class=\"more-link\" href=\"https:\/\/www.andreas-edler.de\/blog\/2017\/11\/kurzurlaub-in-norddeich\/\"> <span class=\"screen-reader-text\">Kurzurlaub in Norddeich<\/span> Weiterlesen &raquo;<\/a><\/p>\n","protected":false},"author":1,"featured_media":0,"comment_status":"open","ping_status":"open","sticky":false,"template":"","format":"standard","meta":{"ngg_post_thumbnail":0,"activitypub_content_warning":"","activitypub_content_visibility":"","activitypub_max_image_attachments":2,"activitypub_interaction_policy_quote":"anyone","activitypub_status":"","footnotes":""},"categories":[1],"tags":[17,150,182,186,5,102],"class_list":["post-162662","post","type-post","status-publish","format-standard","hentry","category-allgemein","tag-auf-der-piste","tag-nachwuchs","tag-nachwuchs-1-0","tag-nachwuchs-2-0","tag-unterwegs","tag-urlaub"],"share_on_mastodon":{"url":"","error":""},"_links":{"self":[{"href":"https:\/\/www.andreas-edler.de\/blog\/wp-json\/wp\/v2\/posts\/162662","targetHints":{"allow":["GET"]}}],"collection":[{"href":"https:\/\/www.andreas-edler.de\/blog\/wp-json\/wp\/v2\/posts"}],"about":[{"href":"https:\/\/www.andreas-edler.de\/blog\/wp-json\/wp\/v2\/types\/post"}],"author":[{"embeddable":true,"href":"https:\/\/www.andreas-edler.de\/blog\/wp-json\/wp\/v2\/users\/1"}],"replies":[{"embeddable":true,"href":"https:\/\/www.andreas-edler.de\/blog\/wp-json\/wp\/v2\/comments?post=162662"}],"version-history":[{"count":0,"href":"https:\/\/www.andreas-edler.de\/blog\/wp-json\/wp\/v2\/posts\/162662\/revisions"}],"wp:attachment":[{"href":"https:\/\/www.andreas-edler.de\/blog\/wp-json\/wp\/v2\/media?parent=162662"}],"wp:term":[{"taxonomy":"category","embeddable":true,"href":"https:\/\/www.andreas-edler.de\/blog\/wp-json\/wp\/v2\/categories?post=162662"},{"taxonomy":"post_tag","embeddable":true,"href":"https:\/\/www.andreas-edler.de\/blog\/wp-json\/wp\/v2\/tags?post=162662"}],"curies":[{"name":"wp","href":"https:\/\/api.w.org\/{rel}","templated":true}]}}