{"id":162622,"date":"2017-10-30T12:09:35","date_gmt":"2017-10-30T11:09:35","guid":{"rendered":"http:\/\/www.andreas-edler.de\/blog\/?p=162622"},"modified":"2017-11-11T19:45:59","modified_gmt":"2017-11-11T18:45:59","slug":"nur-mal-eben","status":"publish","type":"post","link":"https:\/\/www.andreas-edler.de\/blog\/2017\/10\/nur-mal-eben\/","title":{"rendered":"Nur mal eben &#8230;"},"content":{"rendered":"<p>Genau das ist die Ausrede aller Autofahrer, die auf Rad- und Gehwegen parken. Ich will doch &#8222;nur mal eben &#8230;&#8220; zum B\u00e4cker, zum Geldautomaten, eine Bratwurst kaufen, ein Rezept abholen, die Oma raus lassen oder z.B. telefonieren. <figure id=\"attachment_162623\" aria-describedby=\"caption-attachment-162623\" style=\"width: 470px\" class=\"wp-caption aligncenter\"><a href=\"http:\/\/www.andreas-edler.de\/blog\/wp-content\/uploads\/2017\/10\/20171026_nur_mal_eben.jpg\"><img loading=\"lazy\" decoding=\"async\" src=\"http:\/\/www.andreas-edler.de\/blog\/wp-content\/uploads\/2017\/10\/20171026_nur_mal_eben-470x189.jpg\" alt=\"\" width=\"470\" height=\"189\" class=\"size-large wp-image-162623\" srcset=\"https:\/\/www.andreas-edler.de\/blog\/wp-content\/uploads\/2017\/10\/20171026_nur_mal_eben-470x189.jpg 470w, https:\/\/www.andreas-edler.de\/blog\/wp-content\/uploads\/2017\/10\/20171026_nur_mal_eben-250x100.jpg 250w, https:\/\/www.andreas-edler.de\/blog\/wp-content\/uploads\/2017\/10\/20171026_nur_mal_eben-768x308.jpg 768w, https:\/\/www.andreas-edler.de\/blog\/wp-content\/uploads\/2017\/10\/20171026_nur_mal_eben-100x40.jpg 100w, https:\/\/www.andreas-edler.de\/blog\/wp-content\/uploads\/2017\/10\/20171026_nur_mal_eben-150x60.jpg 150w, https:\/\/www.andreas-edler.de\/blog\/wp-content\/uploads\/2017\/10\/20171026_nur_mal_eben-200x80.jpg 200w, https:\/\/www.andreas-edler.de\/blog\/wp-content\/uploads\/2017\/10\/20171026_nur_mal_eben-300x120.jpg 300w, https:\/\/www.andreas-edler.de\/blog\/wp-content\/uploads\/2017\/10\/20171026_nur_mal_eben-450x181.jpg 450w, https:\/\/www.andreas-edler.de\/blog\/wp-content\/uploads\/2017\/10\/20171026_nur_mal_eben-600x241.jpg 600w, https:\/\/www.andreas-edler.de\/blog\/wp-content\/uploads\/2017\/10\/20171026_nur_mal_eben-900x361.jpg 900w, https:\/\/www.andreas-edler.de\/blog\/wp-content\/uploads\/2017\/10\/20171026_nur_mal_eben.jpg 1280w\" sizes=\"auto, (max-width: 470px) 100vw, 470px\" \/><\/a><figcaption id=\"caption-attachment-162623\" class=\"wp-caption-text\">Nur mal eben telefonieren<\/figcaption><\/figure> <!--more--> Letzteres war das Anliegen des Fahrers vom abgebildeten Lieferwagen. Jedenfalls stand er dort auf dem Radweg mit dem Handy am Ohr. Hat nur widerwillig das Beifahrerfenster runter gemacht und ich habe ihn ganz freundlich gebeten, vom Radweg zu fahren. Interessierte ihn nicht und er guckte einfach weg. Merkw\u00fcrdigerweis hat er auf das deutliche und energische &#8222;Jetzt!&#8220; reagiert und den Bulli tats\u00e4chlich auf den gegen\u00fcberliegenden Parkplatz gestellt :-o<\/p>\n<p>Ich hoffe der Verantwortliche, den ich neulich anmailte, dass seine Fahrer doch bitte nicht mehr auf Radwegen parken &#8211; auch nicht &#8222;nur kurz&#8220; wie mir in der Mail geantwortet wurde &#8211; sollten, nimmt sich das wirklich zu Herzen. Er hat jedenfalls entsprechende Gespr\u00e4che versprochen. Ansonsten geht das n\u00e4chste Bild halt nicht an ihn, sondern an das Ordnungsamt. <figure id=\"attachment_162624\" aria-describedby=\"caption-attachment-162624\" style=\"width: 470px\" class=\"wp-caption aligncenter\"><a href=\"http:\/\/www.andreas-edler.de\/blog\/wp-content\/uploads\/2017\/10\/20171029_tambararebrunnen.jpg\"><img loading=\"lazy\" decoding=\"async\" src=\"http:\/\/www.andreas-edler.de\/blog\/wp-content\/uploads\/2017\/10\/20171029_tambararebrunnen-470x225.jpg\" alt=\"\" width=\"470\" height=\"225\" class=\"size-large wp-image-162624\" srcset=\"https:\/\/www.andreas-edler.de\/blog\/wp-content\/uploads\/2017\/10\/20171029_tambararebrunnen-470x225.jpg 470w, https:\/\/www.andreas-edler.de\/blog\/wp-content\/uploads\/2017\/10\/20171029_tambararebrunnen-250x120.jpg 250w, https:\/\/www.andreas-edler.de\/blog\/wp-content\/uploads\/2017\/10\/20171029_tambararebrunnen-768x368.jpg 768w, https:\/\/www.andreas-edler.de\/blog\/wp-content\/uploads\/2017\/10\/20171029_tambararebrunnen-100x48.jpg 100w, https:\/\/www.andreas-edler.de\/blog\/wp-content\/uploads\/2017\/10\/20171029_tambararebrunnen-150x72.jpg 150w, https:\/\/www.andreas-edler.de\/blog\/wp-content\/uploads\/2017\/10\/20171029_tambararebrunnen-200x96.jpg 200w, https:\/\/www.andreas-edler.de\/blog\/wp-content\/uploads\/2017\/10\/20171029_tambararebrunnen-300x144.jpg 300w, https:\/\/www.andreas-edler.de\/blog\/wp-content\/uploads\/2017\/10\/20171029_tambararebrunnen-450x216.jpg 450w, https:\/\/www.andreas-edler.de\/blog\/wp-content\/uploads\/2017\/10\/20171029_tambararebrunnen-600x288.jpg 600w, https:\/\/www.andreas-edler.de\/blog\/wp-content\/uploads\/2017\/10\/20171029_tambararebrunnen-900x432.jpg 900w, https:\/\/www.andreas-edler.de\/blog\/wp-content\/uploads\/2017\/10\/20171029_tambararebrunnen.jpg 1280w\" sizes=\"auto, (max-width: 470px) 100vw, 470px\" \/><\/a><figcaption id=\"caption-attachment-162624\" class=\"wp-caption-text\">Parken am Tambararebrunnen<\/figcaption><\/figure> Apropos, liebes Ordnungsamt: ist der Tambararebrunnen inzwischen zum Parkplatz umgewidmet? Dass am Sonntag in Bad Oeynhausen niemand schaut &#8230; naja. Aber mindestens der wei\u00dfe Wagen stand da eben immer noch oder schon wieder. Nur weil man mit einem KFZ durch die Absperrpfosten durch passt heisst das doch nicht, dass man es auch darf, oder?<\/p>\n","protected":false},"excerpt":{"rendered":"<p>Genau das ist die Ausrede aller Autofahrer, die auf Rad- und Gehwegen parken. Ich will doch &#8222;nur mal eben &#8230;&#8220; zum B\u00e4cker, zum Geldautomaten, eine Bratwurst kaufen, ein Rezept abholen, die Oma raus lassen oder z.B. telefonieren.<\/p>\n","protected":false},"author":1,"featured_media":0,"comment_status":"open","ping_status":"open","sticky":false,"template":"","format":"standard","meta":{"ngg_post_thumbnail":0,"activitypub_content_warning":"","activitypub_content_visibility":"","activitypub_max_image_attachments":2,"activitypub_interaction_policy_quote":"anyone","activitypub_status":"","footnotes":""},"categories":[14,15,13],"tags":[37,214,216,108,71,72],"class_list":["post-162622","post","type-post","status-publish","format-standard","hentry","category-bad-oeynhausen","category-fahrrad","category-verkehr","tag-auto","tag-parken","tag-parkhaeuser","tag-radwegparker","tag-regeln","tag-verwaltung"],"share_on_mastodon":{"url":"","error":""},"_links":{"self":[{"href":"https:\/\/www.andreas-edler.de\/blog\/wp-json\/wp\/v2\/posts\/162622","targetHints":{"allow":["GET"]}}],"collection":[{"href":"https:\/\/www.andreas-edler.de\/blog\/wp-json\/wp\/v2\/posts"}],"about":[{"href":"https:\/\/www.andreas-edler.de\/blog\/wp-json\/wp\/v2\/types\/post"}],"author":[{"embeddable":true,"href":"https:\/\/www.andreas-edler.de\/blog\/wp-json\/wp\/v2\/users\/1"}],"replies":[{"embeddable":true,"href":"https:\/\/www.andreas-edler.de\/blog\/wp-json\/wp\/v2\/comments?post=162622"}],"version-history":[{"count":0,"href":"https:\/\/www.andreas-edler.de\/blog\/wp-json\/wp\/v2\/posts\/162622\/revisions"}],"wp:attachment":[{"href":"https:\/\/www.andreas-edler.de\/blog\/wp-json\/wp\/v2\/media?parent=162622"}],"wp:term":[{"taxonomy":"category","embeddable":true,"href":"https:\/\/www.andreas-edler.de\/blog\/wp-json\/wp\/v2\/categories?post=162622"},{"taxonomy":"post_tag","embeddable":true,"href":"https:\/\/www.andreas-edler.de\/blog\/wp-json\/wp\/v2\/tags?post=162622"}],"curies":[{"name":"wp","href":"https:\/\/api.w.org\/{rel}","templated":true}]}}