{"id":162575,"date":"2017-10-11T08:41:13","date_gmt":"2017-10-11T06:41:13","guid":{"rendered":"http:\/\/www.andreas-edler.de\/blog\/?p=162575"},"modified":"2017-10-11T09:19:34","modified_gmt":"2017-10-11T07:19:34","slug":"schild-der-fahrradstrasse-versetzt","status":"publish","type":"post","link":"https:\/\/www.andreas-edler.de\/blog\/2017\/10\/schild-der-fahrradstrasse-versetzt\/","title":{"rendered":"Schild der Fahrradstra\u00dfe versetzt"},"content":{"rendered":"<p>Na, das ging ja fix. Offensichtlich fand die Verwaltung den Hinweis auf die Fahrradstra\u00dfe hinter einer Litfa\u00dfs\u00e4ule wohl auch zu versteckt und hat angeordnet, dass es versetzt wird.<\/p>\n<figure id=\"attachment_162576\" aria-describedby=\"caption-attachment-162576\" style=\"width: 470px\" class=\"wp-caption aligncenter\"><a href=\"http:\/\/www.andreas-edler.de\/blog\/wp-content\/uploads\/2017\/10\/20171011_im_leingarten_schild_vorne.jpg\"><img loading=\"lazy\" decoding=\"async\" src=\"http:\/\/www.andreas-edler.de\/blog\/wp-content\/uploads\/2017\/10\/20171011_im_leingarten_schild_vorne-470x228.jpg\" alt=\"\" width=\"470\" height=\"228\" class=\"size-large wp-image-162576\" srcset=\"https:\/\/www.andreas-edler.de\/blog\/wp-content\/uploads\/2017\/10\/20171011_im_leingarten_schild_vorne-470x228.jpg 470w, https:\/\/www.andreas-edler.de\/blog\/wp-content\/uploads\/2017\/10\/20171011_im_leingarten_schild_vorne-250x121.jpg 250w, https:\/\/www.andreas-edler.de\/blog\/wp-content\/uploads\/2017\/10\/20171011_im_leingarten_schild_vorne-768x373.jpg 768w, https:\/\/www.andreas-edler.de\/blog\/wp-content\/uploads\/2017\/10\/20171011_im_leingarten_schild_vorne-100x49.jpg 100w, https:\/\/www.andreas-edler.de\/blog\/wp-content\/uploads\/2017\/10\/20171011_im_leingarten_schild_vorne-150x73.jpg 150w, https:\/\/www.andreas-edler.de\/blog\/wp-content\/uploads\/2017\/10\/20171011_im_leingarten_schild_vorne-200x97.jpg 200w, https:\/\/www.andreas-edler.de\/blog\/wp-content\/uploads\/2017\/10\/20171011_im_leingarten_schild_vorne-300x146.jpg 300w, https:\/\/www.andreas-edler.de\/blog\/wp-content\/uploads\/2017\/10\/20171011_im_leingarten_schild_vorne-450x219.jpg 450w, https:\/\/www.andreas-edler.de\/blog\/wp-content\/uploads\/2017\/10\/20171011_im_leingarten_schild_vorne-600x292.jpg 600w, https:\/\/www.andreas-edler.de\/blog\/wp-content\/uploads\/2017\/10\/20171011_im_leingarten_schild_vorne-900x437.jpg 900w, https:\/\/www.andreas-edler.de\/blog\/wp-content\/uploads\/2017\/10\/20171011_im_leingarten_schild_vorne.jpg 1280w\" sizes=\"auto, (max-width: 470px) 100vw, 470px\" \/><\/a><figcaption id=\"caption-attachment-162576\" class=\"wp-caption-text\">Schild &#8222;Fahrradstra\u00dfe&#8220; an der Einm\u00fcndung in die Eidinghausener Stra\u00dfe<\/figcaption><\/figure>\n<p><!--more--><\/p>\n<p>Ich wei\u00df nicht, wie die Prozesse zum Aufstellen einer solchen Beschilderung sind, aber es gibt sicher Vorgaben, wo die zu stehen haben. Da wird ja nicht einfach jemand gesagt bekommen &#8222;Bau das mal irgendwo auf!&#8220;. Und ich h\u00e4tte auch erwartet, dass sowas kontrolliert wird, <b>bevor<\/b> es f\u00fcr den den Stra\u00dfenverkehr freigegeben wird. Sprich: bevor die M\u00fcllt\u00fcten von den Schildern entfernt werden. Und es ist ja nicht so, dass das eine v\u00f6llig aus der Luft gegriffene Kritik ist, es sieht ein Blinder mit dem Kr\u00fcckstock, dass sowas nicht hinter einer Litfa\u00dfs\u00e4ule versteckt sein sollte oder darf!<\/p>\n<p>R\u00fcckmeldungen auf Mails, Blogposts oder den Zeitungsartikel habe ich \u00fcbrigens &#8211; au\u00dfer durch Taten &#8211; nicht bekommen ;-)<\/p>\n","protected":false},"excerpt":{"rendered":"<p>Na, das ging ja fix. Offensichtlich fand die Verwaltung den Hinweis auf die Fahrradstra\u00dfe hinter einer Litfa\u00dfs\u00e4ule wohl auch zu versteckt und hat angeordnet, dass es versetzt wird.<\/p>\n","protected":false},"author":1,"featured_media":0,"comment_status":"open","ping_status":"open","sticky":false,"template":"","format":"standard","meta":{"ngg_post_thumbnail":0,"activitypub_content_warning":"","activitypub_content_visibility":"","activitypub_max_image_attachments":2,"activitypub_interaction_policy_quote":"anyone","activitypub_status":"","footnotes":""},"categories":[14,15,45,13],"tags":[109,237,262,110,271,251,34,241,71,76,72],"class_list":["post-162575","post","type-post","status-publish","format-standard","hentry","category-bad-oeynhausen","category-fahrrad","category-politik","category-verkehr","tag-adfc","tag-ausschuss-fuer-stadtentwicklung","tag-eidinghausener-strasse","tag-fahrradfreundliche-stadt","tag-fahrradstrasse","tag-infrastruktur","tag-kommunikation","tag-radverkehrsanlagen","tag-regeln","tag-sicherheit","tag-verwaltung"],"share_on_mastodon":{"url":"","error":""},"_links":{"self":[{"href":"https:\/\/www.andreas-edler.de\/blog\/wp-json\/wp\/v2\/posts\/162575","targetHints":{"allow":["GET"]}}],"collection":[{"href":"https:\/\/www.andreas-edler.de\/blog\/wp-json\/wp\/v2\/posts"}],"about":[{"href":"https:\/\/www.andreas-edler.de\/blog\/wp-json\/wp\/v2\/types\/post"}],"author":[{"embeddable":true,"href":"https:\/\/www.andreas-edler.de\/blog\/wp-json\/wp\/v2\/users\/1"}],"replies":[{"embeddable":true,"href":"https:\/\/www.andreas-edler.de\/blog\/wp-json\/wp\/v2\/comments?post=162575"}],"version-history":[{"count":0,"href":"https:\/\/www.andreas-edler.de\/blog\/wp-json\/wp\/v2\/posts\/162575\/revisions"}],"wp:attachment":[{"href":"https:\/\/www.andreas-edler.de\/blog\/wp-json\/wp\/v2\/media?parent=162575"}],"wp:term":[{"taxonomy":"category","embeddable":true,"href":"https:\/\/www.andreas-edler.de\/blog\/wp-json\/wp\/v2\/categories?post=162575"},{"taxonomy":"post_tag","embeddable":true,"href":"https:\/\/www.andreas-edler.de\/blog\/wp-json\/wp\/v2\/tags?post=162575"}],"curies":[{"name":"wp","href":"https:\/\/api.w.org\/{rel}","templated":true}]}}