{"id":162450,"date":"2017-09-17T21:44:54","date_gmt":"2017-09-17T19:44:54","guid":{"rendered":"http:\/\/www.andreas-edler.de\/blog\/?p=162450"},"modified":"2017-09-17T21:44:54","modified_gmt":"2017-09-17T19:44:54","slug":"wochenende-3","status":"publish","type":"post","link":"https:\/\/www.andreas-edler.de\/blog\/2017\/09\/wochenende-3\/","title":{"rendered":"Wochenende"},"content":{"rendered":"<p>Freitag war ich fast den ganzen Tag im Amtsgericht Herford und gegen Mittag habe ich von dem etwas muffigen (es gab da einen Wasserrohrbruch) Geruch im Besprechungszimmer und der stickigen Luft im Gerichtssaal leichte Kopfschmerzen. Die wurden am sp\u00e4teren Nachmittag im B\u00fcro schlimmer und bei der folgenden Besprechung bei uns im Fraktionsraum noch schlimmer. Abends zu Hause habe ich dann eine Dosis Sumatriptan genommen. <!--more--><\/p>\n<p>Samstagmorgen ging&#8217;s mir auch noch ganz gut und wir haben den <a href=\"http:\/\/www.gruene-badoeynhausen.de\/wp\/2017\/09\/endspurt-im-wahlkampf\/\">Wahlkampfstand am Inowroclaw-Platz<\/a> aufgebaut. Hatten ganz sch\u00f6n Gl\u00fcck mit dem Wetter und unsere Waffeln waren verbl\u00fcffend lecker. Aber schon kurz vor Mittag meldete sich mein Kopf wieder. Beim Abbauen war es schon ein stechender Schmerz hinter dem Auge. Zu Hause habe ich mich erstmal hingelegt, wollte aber nicht gleich wieder Pillen einwerfen.<br \/>\n<figure id=\"attachment_162451\" aria-describedby=\"caption-attachment-162451\" style=\"width: 470px\" class=\"wp-caption aligncenter\"><a href=\"http:\/\/www.andreas-edler.de\/blog\/wp-content\/uploads\/2017\/09\/20170904_holzunterstand.jpg\"><img loading=\"lazy\" decoding=\"async\" src=\"http:\/\/www.andreas-edler.de\/blog\/wp-content\/uploads\/2017\/09\/20170904_holzunterstand-470x202.jpg\" alt=\"\" width=\"470\" height=\"202\" class=\"size-large wp-image-162451\" srcset=\"https:\/\/www.andreas-edler.de\/blog\/wp-content\/uploads\/2017\/09\/20170904_holzunterstand-470x202.jpg 470w, https:\/\/www.andreas-edler.de\/blog\/wp-content\/uploads\/2017\/09\/20170904_holzunterstand-250x107.jpg 250w, https:\/\/www.andreas-edler.de\/blog\/wp-content\/uploads\/2017\/09\/20170904_holzunterstand-768x330.jpg 768w, https:\/\/www.andreas-edler.de\/blog\/wp-content\/uploads\/2017\/09\/20170904_holzunterstand-100x43.jpg 100w, https:\/\/www.andreas-edler.de\/blog\/wp-content\/uploads\/2017\/09\/20170904_holzunterstand-150x64.jpg 150w, https:\/\/www.andreas-edler.de\/blog\/wp-content\/uploads\/2017\/09\/20170904_holzunterstand-200x86.jpg 200w, https:\/\/www.andreas-edler.de\/blog\/wp-content\/uploads\/2017\/09\/20170904_holzunterstand-300x129.jpg 300w, https:\/\/www.andreas-edler.de\/blog\/wp-content\/uploads\/2017\/09\/20170904_holzunterstand-450x193.jpg 450w, https:\/\/www.andreas-edler.de\/blog\/wp-content\/uploads\/2017\/09\/20170904_holzunterstand-600x258.jpg 600w, https:\/\/www.andreas-edler.de\/blog\/wp-content\/uploads\/2017\/09\/20170904_holzunterstand-900x387.jpg 900w, https:\/\/www.andreas-edler.de\/blog\/wp-content\/uploads\/2017\/09\/20170904_holzunterstand.jpg 1280w\" sizes=\"auto, (max-width: 470px) 100vw, 470px\" \/><\/a><figcaption id=\"caption-attachment-162451\" class=\"wp-caption-text\">Neuer Holzunterstand<\/figcaption><\/figure><br \/>\nIn den letzten Wochen habe ich nebenbei immer mal wieder ein bisschen am neuen Holzunterstand gebastelt, der jetzt ein paar Tage fertig ist und auf Bef\u00fcllung wartet. Trotz der Kopfschmerzen bin ich gegen 16 Uhr doch noch angefangen Holz zu s\u00e4gen und Alex hat weg gestapelt &#8211; trotz Erk\u00e4ltung.<br \/>\n<figure id=\"attachment_162452\" aria-describedby=\"caption-attachment-162452\" style=\"width: 470px\" class=\"wp-caption aligncenter\"><a href=\"http:\/\/www.andreas-edler.de\/blog\/wp-content\/uploads\/2017\/09\/20170904_paletten.jpg\"><img loading=\"lazy\" decoding=\"async\" src=\"http:\/\/www.andreas-edler.de\/blog\/wp-content\/uploads\/2017\/09\/20170904_paletten-470x217.jpg\" alt=\"\" width=\"470\" height=\"217\" class=\"size-large wp-image-162452\" srcset=\"https:\/\/www.andreas-edler.de\/blog\/wp-content\/uploads\/2017\/09\/20170904_paletten-470x217.jpg 470w, https:\/\/www.andreas-edler.de\/blog\/wp-content\/uploads\/2017\/09\/20170904_paletten-250x115.jpg 250w, https:\/\/www.andreas-edler.de\/blog\/wp-content\/uploads\/2017\/09\/20170904_paletten-768x354.jpg 768w, https:\/\/www.andreas-edler.de\/blog\/wp-content\/uploads\/2017\/09\/20170904_paletten-100x46.jpg 100w, https:\/\/www.andreas-edler.de\/blog\/wp-content\/uploads\/2017\/09\/20170904_paletten-150x69.jpg 150w, https:\/\/www.andreas-edler.de\/blog\/wp-content\/uploads\/2017\/09\/20170904_paletten-200x92.jpg 200w, https:\/\/www.andreas-edler.de\/blog\/wp-content\/uploads\/2017\/09\/20170904_paletten-300x138.jpg 300w, https:\/\/www.andreas-edler.de\/blog\/wp-content\/uploads\/2017\/09\/20170904_paletten-450x207.jpg 450w, https:\/\/www.andreas-edler.de\/blog\/wp-content\/uploads\/2017\/09\/20170904_paletten-600x277.jpg 600w, https:\/\/www.andreas-edler.de\/blog\/wp-content\/uploads\/2017\/09\/20170904_paletten-900x415.jpg 900w, https:\/\/www.andreas-edler.de\/blog\/wp-content\/uploads\/2017\/09\/20170904_paletten.jpg 1280w\" sizes=\"auto, (max-width: 470px) 100vw, 470px\" \/><\/a><figcaption id=\"caption-attachment-162452\" class=\"wp-caption-text\">Paletten auf dem Wagen<\/figcaption><\/figure><br \/>\nWir haben durch einen gl\u00fccklichen Zufall einen H\u00e4nger voll alter Paletten bekommen, die im Carport Platz weggenommen haben. Ging mir auf den Keks und die Kopfschmerzen haben nicht gereicht, um mich am S\u00e4gen zu hindern. Die <a href=\"http:\/\/www.andreas-edler.de\/blog\/2017\/09\/hand-kaputt\/\">Manschette an der Hand<\/a> habe ich abgenommen, weil ich damit nicht so richtig greifen konnte. Ich habe mit Stichen in der Schl\u00e4fe und &#8217;ner lahmen Hand die Paletten zerkleinert und Alex hat mit Husten und R\u00f6cheln alles im Unterstand gestapelt. Tolles Team.<br \/>\n<figure id=\"attachment_162453\" aria-describedby=\"caption-attachment-162453\" style=\"width: 470px\" class=\"wp-caption aligncenter\"><a href=\"http:\/\/www.andreas-edler.de\/blog\/wp-content\/uploads\/2017\/09\/20170904_paletten_klein.jpg\"><img loading=\"lazy\" decoding=\"async\" src=\"http:\/\/www.andreas-edler.de\/blog\/wp-content\/uploads\/2017\/09\/20170904_paletten_klein-470x243.jpg\" alt=\"\" width=\"470\" height=\"243\" class=\"size-large wp-image-162453\" srcset=\"https:\/\/www.andreas-edler.de\/blog\/wp-content\/uploads\/2017\/09\/20170904_paletten_klein-470x243.jpg 470w, https:\/\/www.andreas-edler.de\/blog\/wp-content\/uploads\/2017\/09\/20170904_paletten_klein-250x129.jpg 250w, https:\/\/www.andreas-edler.de\/blog\/wp-content\/uploads\/2017\/09\/20170904_paletten_klein-768x397.jpg 768w, https:\/\/www.andreas-edler.de\/blog\/wp-content\/uploads\/2017\/09\/20170904_paletten_klein-100x52.jpg 100w, https:\/\/www.andreas-edler.de\/blog\/wp-content\/uploads\/2017\/09\/20170904_paletten_klein-150x78.jpg 150w, https:\/\/www.andreas-edler.de\/blog\/wp-content\/uploads\/2017\/09\/20170904_paletten_klein-200x103.jpg 200w, https:\/\/www.andreas-edler.de\/blog\/wp-content\/uploads\/2017\/09\/20170904_paletten_klein-300x155.jpg 300w, https:\/\/www.andreas-edler.de\/blog\/wp-content\/uploads\/2017\/09\/20170904_paletten_klein-450x233.jpg 450w, https:\/\/www.andreas-edler.de\/blog\/wp-content\/uploads\/2017\/09\/20170904_paletten_klein-600x310.jpg 600w, https:\/\/www.andreas-edler.de\/blog\/wp-content\/uploads\/2017\/09\/20170904_paletten_klein-900x465.jpg 900w, https:\/\/www.andreas-edler.de\/blog\/wp-content\/uploads\/2017\/09\/20170904_paletten_klein.jpg 1280w\" sizes=\"auto, (max-width: 470px) 100vw, 470px\" \/><\/a><figcaption id=\"caption-attachment-162453\" class=\"wp-caption-text\">Im Unterstand wirkt es gar nicht mehr so viel<\/figcaption><\/figure><br \/>\nMusste dann doch eine Sumatriptan nehmen und war v\u00f6llig groggy. Musste gerade Nachwuchs 1.0 fragen, was wir gestern abend gemacht haben. Er hat jedenfalls Xbox gespielt, wir haben wohl nur im Bett gelegen und schon vor 20 Uhr geschlafen. Irgendwann bin ich wach geworden und habe mich gefreut, dass ich keine Kopfschmerzen hatte. Sah heute morgen leider schon wieder anders aus :-\/ Bloss kein Licht an die Augen! Das mag ja was werden. Kurz vor Mittag sind wir mit Tim los zu einem Handballspiel und ich habe Zeitnehmer gemacht, danach war noch ein kleiner Markt in Eidinghausen und wir haben das Wetter falsch eingesch\u00e4tzt. Gut dass der Fahrradanh\u00e4nger ein wasserdichtes Verdeck hat, so wurden nur wir ein bisschen nass. <\/p>\n<p>Nachdem ich dann noch in der Halle war, um mir das erste Heimspiel der 1. Herren des HCE anzuschauen, musste ich zu Hause doch noch eine Sumatriptan nehmen. Im Moment geht&#8217;s so im Kopf. Hoffe, dass es morgen so bleibt &#8230;<\/p>\n","protected":false},"excerpt":{"rendered":"<p>Freitag war ich fast den ganzen Tag im Amtsgericht Herford und gegen Mittag habe ich von dem etwas muffigen (es gab da einen Wasserrohrbruch) Geruch im Besprechungszimmer und der stickigen Luft im Gerichtssaal leichte Kopfschmerzen. Die wurden am sp\u00e4teren Nachmittag &hellip;<\/p>\n<p class=\"read-more\"> <a class=\"more-link\" href=\"https:\/\/www.andreas-edler.de\/blog\/2017\/09\/wochenende-3\/\"> <span class=\"screen-reader-text\">Wochenende<\/span> Weiterlesen &raquo;<\/a><\/p>\n","protected":false},"author":1,"featured_media":0,"comment_status":"open","ping_status":"open","sticky":false,"template":"","format":"standard","meta":{"ngg_post_thumbnail":0,"activitypub_content_warning":"","activitypub_content_visibility":"","activitypub_max_image_attachments":2,"activitypub_interaction_policy_quote":"anyone","activitypub_status":"","footnotes":""},"categories":[22,1],"tags":[7,38,105,10,5],"class_list":["post-162450","post","type-post","status-publish","format-standard","hentry","category-basteln","category-allgemein","tag-gesundheit","tag-haus","tag-holz","tag-kopfschmerzen","tag-unterwegs"],"share_on_mastodon":{"url":"","error":""},"_links":{"self":[{"href":"https:\/\/www.andreas-edler.de\/blog\/wp-json\/wp\/v2\/posts\/162450","targetHints":{"allow":["GET"]}}],"collection":[{"href":"https:\/\/www.andreas-edler.de\/blog\/wp-json\/wp\/v2\/posts"}],"about":[{"href":"https:\/\/www.andreas-edler.de\/blog\/wp-json\/wp\/v2\/types\/post"}],"author":[{"embeddable":true,"href":"https:\/\/www.andreas-edler.de\/blog\/wp-json\/wp\/v2\/users\/1"}],"replies":[{"embeddable":true,"href":"https:\/\/www.andreas-edler.de\/blog\/wp-json\/wp\/v2\/comments?post=162450"}],"version-history":[{"count":0,"href":"https:\/\/www.andreas-edler.de\/blog\/wp-json\/wp\/v2\/posts\/162450\/revisions"}],"wp:attachment":[{"href":"https:\/\/www.andreas-edler.de\/blog\/wp-json\/wp\/v2\/media?parent=162450"}],"wp:term":[{"taxonomy":"category","embeddable":true,"href":"https:\/\/www.andreas-edler.de\/blog\/wp-json\/wp\/v2\/categories?post=162450"},{"taxonomy":"post_tag","embeddable":true,"href":"https:\/\/www.andreas-edler.de\/blog\/wp-json\/wp\/v2\/tags?post=162450"}],"curies":[{"name":"wp","href":"https:\/\/api.w.org\/{rel}","templated":true}]}}