{"id":162420,"date":"2017-09-11T07:45:13","date_gmt":"2017-09-11T05:45:13","guid":{"rendered":"http:\/\/www.andreas-edler.de\/blog\/?p=162420"},"modified":"2017-09-11T07:45:13","modified_gmt":"2017-09-11T05:45:13","slug":"naechster-unfall-an-einem-poller-des-weserradweg","status":"publish","type":"post","link":"https:\/\/www.andreas-edler.de\/blog\/2017\/09\/naechster-unfall-an-einem-poller-des-weserradweg\/","title":{"rendered":"N\u00e4chster Unfall an einem Poller des Weserradweg"},"content":{"rendered":"<p>Im Juni hatte ich im Ausschuss f\u00fcr Stadtentwicklung <a href=\"https:\/\/www.andreas-edler.de\/blog\/2017\/07\/poller-im-weserradweg-anfrage-im-ase-am-27-06-2017\/\">die gef\u00e4hrlichen Poller im Weserrradweg in der N\u00e4he des Drachenfliegerlandeplatz angesprochen<\/a>. Eine Freundin ist dort wenige Tage zuvor dran h\u00e4ngen geblieben und hatte einige Wochen mit den Folgen zu k\u00e4mpfen. Die sind wirklich ziemlich d\u00e4mlich aufgestellt und das &#8211; wie schon mehrfach geschrieben &#8211; nur, weil Autofahrer sich nicht an Regeln halten k\u00f6nnen. <!--more--><\/p>\n<p>Nun ist es erneut zu einem Unfall gekommen. In der Samstagsausgabe der Neuen-Westf\u00e4lischen berichtet ein Radfahrer in einem halbseitigen Artikel von einem Totalschaden an seinem Fahrrad und Verletzungen, welche er an eben diesem Poller erlitt.<\/p>\n<p><cite>NW \/ MT vom 09.09.2017: <b><a href=\"http:\/\/www.mt.de\/lokales\/porta_westfalica\/21908793_Poller-am-Weserradweg-Gefahr-zwischen-den-Kurven.html\">Gefahr zwischen den Kurven<\/a><\/b><br \/>\n&#8230;  sieht die Liegendfahrer hinter der n\u00e4chsten Linkskurve verschwinden. Er bemerkt nicht den Poller mitten auf dem Weserradweg, gegen den er mit knapp 20 Stundenkilometern kracht &#8230;.<\/cite><\/p>\n<p>Auf meine Anfrage vor 2 1\/2 Monaten wurde mir von der Verwaltung leider nur der von mir bereits in der Anfrage geschilderte Status Quo wiederholt. Eine L\u00f6sung oder gar Einsicht der Gefahrenstelle schien nicht gegeben. Nun wird wenigstens mit einem Pinsel die Stelle weiter versch\u00f6nert und Linien auf den Weserradweg gemalt. H\u00e4tte man ja auch damals schon anregen k\u00f6nnen. Aber es muss ja immer erst richtig was passieren :-\/<\/p>\n","protected":false},"excerpt":{"rendered":"<p>Im Juni hatte ich im Ausschuss f\u00fcr Stadtentwicklung die gef\u00e4hrlichen Poller im Weserrradweg in der N\u00e4he des Drachenfliegerlandeplatz angesprochen. Eine Freundin ist dort wenige Tage zuvor dran h\u00e4ngen geblieben und hatte einige Wochen mit den Folgen zu k\u00e4mpfen. Die sind &hellip;<\/p>\n<p class=\"read-more\"> <a class=\"more-link\" href=\"https:\/\/www.andreas-edler.de\/blog\/2017\/09\/naechster-unfall-an-einem-poller-des-weserradweg\/\"> <span class=\"screen-reader-text\">N\u00e4chster Unfall an einem Poller des Weserradweg<\/span> Weiterlesen &raquo;<\/a><\/p>\n","protected":false},"author":1,"featured_media":0,"comment_status":"open","ping_status":"open","sticky":false,"template":"","format":"standard","meta":{"ngg_post_thumbnail":0,"activitypub_content_warning":"","activitypub_content_visibility":"","activitypub_max_image_attachments":2,"activitypub_interaction_policy_quote":"anyone","activitypub_status":"","footnotes":""},"categories":[14,15,18,45,13],"tags":[109,110,71,76,301],"class_list":["post-162420","post","type-post","status-publish","format-standard","hentry","category-bad-oeynhausen","category-fahrrad","category-fraglich","category-politik","category-verkehr","tag-adfc","tag-fahrradfreundliche-stadt","tag-regeln","tag-sicherheit","tag-weserradweg"],"share_on_mastodon":{"url":"","error":""},"_links":{"self":[{"href":"https:\/\/www.andreas-edler.de\/blog\/wp-json\/wp\/v2\/posts\/162420","targetHints":{"allow":["GET"]}}],"collection":[{"href":"https:\/\/www.andreas-edler.de\/blog\/wp-json\/wp\/v2\/posts"}],"about":[{"href":"https:\/\/www.andreas-edler.de\/blog\/wp-json\/wp\/v2\/types\/post"}],"author":[{"embeddable":true,"href":"https:\/\/www.andreas-edler.de\/blog\/wp-json\/wp\/v2\/users\/1"}],"replies":[{"embeddable":true,"href":"https:\/\/www.andreas-edler.de\/blog\/wp-json\/wp\/v2\/comments?post=162420"}],"version-history":[{"count":0,"href":"https:\/\/www.andreas-edler.de\/blog\/wp-json\/wp\/v2\/posts\/162420\/revisions"}],"wp:attachment":[{"href":"https:\/\/www.andreas-edler.de\/blog\/wp-json\/wp\/v2\/media?parent=162420"}],"wp:term":[{"taxonomy":"category","embeddable":true,"href":"https:\/\/www.andreas-edler.de\/blog\/wp-json\/wp\/v2\/categories?post=162420"},{"taxonomy":"post_tag","embeddable":true,"href":"https:\/\/www.andreas-edler.de\/blog\/wp-json\/wp\/v2\/tags?post=162420"}],"curies":[{"name":"wp","href":"https:\/\/api.w.org\/{rel}","templated":true}]}}