{"id":162414,"date":"2017-09-06T18:33:53","date_gmt":"2017-09-06T16:33:53","guid":{"rendered":"http:\/\/www.andreas-edler.de\/blog\/?p=162414"},"modified":"2017-09-06T18:37:03","modified_gmt":"2017-09-06T16:37:03","slug":"chaiselongue-abzugeben","status":"publish","type":"post","link":"https:\/\/www.andreas-edler.de\/blog\/2017\/09\/chaiselongue-abzugeben\/","title":{"rendered":"Chaiselongue abzugeben"},"content":{"rendered":"<p>Falls jemand zuf\u00e4llig ein Chaiselongue sucht &#8230; wir haben eins abzugeben!<br \/>\n<figure id=\"attachment_162415\" aria-describedby=\"caption-attachment-162415\" style=\"width: 470px\" class=\"wp-caption aligncenter\"><a href=\"http:\/\/www.andreas-edler.de\/blog\/wp-content\/uploads\/2017\/09\/2017-09-06-17.11.00.jpg\"><img loading=\"lazy\" decoding=\"async\" src=\"http:\/\/www.andreas-edler.de\/blog\/wp-content\/uploads\/2017\/09\/2017-09-06-17.11.00-470x221.jpg\" alt=\"\" width=\"470\" height=\"221\" class=\"size-large wp-image-162415\" srcset=\"https:\/\/www.andreas-edler.de\/blog\/wp-content\/uploads\/2017\/09\/2017-09-06-17.11.00-470x221.jpg 470w, https:\/\/www.andreas-edler.de\/blog\/wp-content\/uploads\/2017\/09\/2017-09-06-17.11.00-250x118.jpg 250w, https:\/\/www.andreas-edler.de\/blog\/wp-content\/uploads\/2017\/09\/2017-09-06-17.11.00-768x361.jpg 768w, https:\/\/www.andreas-edler.de\/blog\/wp-content\/uploads\/2017\/09\/2017-09-06-17.11.00-100x47.jpg 100w, https:\/\/www.andreas-edler.de\/blog\/wp-content\/uploads\/2017\/09\/2017-09-06-17.11.00-150x71.jpg 150w, https:\/\/www.andreas-edler.de\/blog\/wp-content\/uploads\/2017\/09\/2017-09-06-17.11.00-200x94.jpg 200w, https:\/\/www.andreas-edler.de\/blog\/wp-content\/uploads\/2017\/09\/2017-09-06-17.11.00-300x141.jpg 300w, https:\/\/www.andreas-edler.de\/blog\/wp-content\/uploads\/2017\/09\/2017-09-06-17.11.00-450x212.jpg 450w, https:\/\/www.andreas-edler.de\/blog\/wp-content\/uploads\/2017\/09\/2017-09-06-17.11.00-600x282.jpg 600w, https:\/\/www.andreas-edler.de\/blog\/wp-content\/uploads\/2017\/09\/2017-09-06-17.11.00-900x423.jpg 900w, https:\/\/www.andreas-edler.de\/blog\/wp-content\/uploads\/2017\/09\/2017-09-06-17.11.00.jpg 1280w\" sizes=\"auto, (max-width: 470px) 100vw, 470px\" \/><\/a><figcaption id=\"caption-attachment-162415\" class=\"wp-caption-text\">Chaiselongue von Oma<\/figcaption><\/figure> <!--more--><\/p>\n<p>Wir geben unser Chaiselongue ab, da das Zimmer vom Nachwuchs neu renoviert wird. Das M\u00f6bel diente uns als Liege, wenn der Kleine nicht einschlafen wollte und wir dann zum H\u00e4ndchenhalten kurz daneben gelegen haben. Wurde gl\u00fccklicherweise wenig benutzt und ist in einem guten Zustand. Davor geh\u00f6rte es meiner Oma, die es extra f\u00fcr ihre kleine Wohnk\u00fcche hat anfertigen lassen und dann leider nicht mehr so richtig nutzen konnte.<\/p>\n<figure id=\"attachment_162418\" aria-describedby=\"caption-attachment-162418\" style=\"width: 470px\" class=\"wp-caption aligncenter\"><a href=\"http:\/\/www.andreas-edler.de\/blog\/wp-content\/uploads\/2017\/09\/2017-09-06-17.10.38.jpg\"><img loading=\"lazy\" decoding=\"async\" src=\"http:\/\/www.andreas-edler.de\/blog\/wp-content\/uploads\/2017\/09\/2017-09-06-17.10.38-470x194.jpg\" alt=\"\" width=\"470\" height=\"194\" class=\"size-large wp-image-162418\" srcset=\"https:\/\/www.andreas-edler.de\/blog\/wp-content\/uploads\/2017\/09\/2017-09-06-17.10.38-470x194.jpg 470w, https:\/\/www.andreas-edler.de\/blog\/wp-content\/uploads\/2017\/09\/2017-09-06-17.10.38-250x103.jpg 250w, https:\/\/www.andreas-edler.de\/blog\/wp-content\/uploads\/2017\/09\/2017-09-06-17.10.38-768x317.jpg 768w, https:\/\/www.andreas-edler.de\/blog\/wp-content\/uploads\/2017\/09\/2017-09-06-17.10.38-100x41.jpg 100w, https:\/\/www.andreas-edler.de\/blog\/wp-content\/uploads\/2017\/09\/2017-09-06-17.10.38-150x62.jpg 150w, https:\/\/www.andreas-edler.de\/blog\/wp-content\/uploads\/2017\/09\/2017-09-06-17.10.38-200x83.jpg 200w, https:\/\/www.andreas-edler.de\/blog\/wp-content\/uploads\/2017\/09\/2017-09-06-17.10.38-300x124.jpg 300w, https:\/\/www.andreas-edler.de\/blog\/wp-content\/uploads\/2017\/09\/2017-09-06-17.10.38-450x186.jpg 450w, https:\/\/www.andreas-edler.de\/blog\/wp-content\/uploads\/2017\/09\/2017-09-06-17.10.38-600x248.jpg 600w, https:\/\/www.andreas-edler.de\/blog\/wp-content\/uploads\/2017\/09\/2017-09-06-17.10.38-900x372.jpg 900w, https:\/\/www.andreas-edler.de\/blog\/wp-content\/uploads\/2017\/09\/2017-09-06-17.10.38.jpg 1280w\" sizes=\"auto, (max-width: 470px) 100vw, 470px\" \/><\/a><figcaption id=\"caption-attachment-162418\" class=\"wp-caption-text\">Nochmal mit runter geklapptem Kopfteil<\/figcaption><\/figure>\n<p>Das Chaiselongue ist 187 cm (inkl. Kopfteil) lang, Unterbau bis zum Kopfteil ist 140 cm. Breite 80cm, H\u00f6he der Liegefl\u00e4che 40 cm, das Kopfteil runter geklappt ist 56 cm hoch und aufgestellt 79 cm.<\/p>\n<p>Nur Abholung!<\/p>\n<p>Wir stellen uns 30 Euro vor &#8230; oder eine Flasche Laphroaig Quarter Cask.<\/p>\n<p><a href=\"https:\/\/www.ebay-kleinanzeigen.de\/s-anzeige\/chaiselongue-1-90-x-0-80\/712703225-88-1239\">Link zu ebay-Kleinanzeigen<\/a><\/p>\n","protected":false},"excerpt":{"rendered":"<p>Falls jemand zuf\u00e4llig ein Chaiselongue sucht &#8230; wir haben eins abzugeben!<\/p>\n","protected":false},"author":1,"featured_media":0,"comment_status":"open","ping_status":"open","sticky":false,"template":"","format":"standard","meta":{"ngg_post_thumbnail":0,"activitypub_content_warning":"","activitypub_content_visibility":"","activitypub_max_image_attachments":2,"activitypub_interaction_policy_quote":"anyone","activitypub_status":"","footnotes":""},"categories":[14,1],"tags":[64],"class_list":["post-162414","post","type-post","status-publish","format-standard","hentry","category-bad-oeynhausen","category-allgemein","tag-konsum"],"share_on_mastodon":{"url":"","error":""},"_links":{"self":[{"href":"https:\/\/www.andreas-edler.de\/blog\/wp-json\/wp\/v2\/posts\/162414","targetHints":{"allow":["GET"]}}],"collection":[{"href":"https:\/\/www.andreas-edler.de\/blog\/wp-json\/wp\/v2\/posts"}],"about":[{"href":"https:\/\/www.andreas-edler.de\/blog\/wp-json\/wp\/v2\/types\/post"}],"author":[{"embeddable":true,"href":"https:\/\/www.andreas-edler.de\/blog\/wp-json\/wp\/v2\/users\/1"}],"replies":[{"embeddable":true,"href":"https:\/\/www.andreas-edler.de\/blog\/wp-json\/wp\/v2\/comments?post=162414"}],"version-history":[{"count":0,"href":"https:\/\/www.andreas-edler.de\/blog\/wp-json\/wp\/v2\/posts\/162414\/revisions"}],"wp:attachment":[{"href":"https:\/\/www.andreas-edler.de\/blog\/wp-json\/wp\/v2\/media?parent=162414"}],"wp:term":[{"taxonomy":"category","embeddable":true,"href":"https:\/\/www.andreas-edler.de\/blog\/wp-json\/wp\/v2\/categories?post=162414"},{"taxonomy":"post_tag","embeddable":true,"href":"https:\/\/www.andreas-edler.de\/blog\/wp-json\/wp\/v2\/tags?post=162414"}],"curies":[{"name":"wp","href":"https:\/\/api.w.org\/{rel}","templated":true}]}}