{"id":162400,"date":"2017-09-06T07:38:27","date_gmt":"2017-09-06T05:38:27","guid":{"rendered":"http:\/\/www.andreas-edler.de\/blog\/?p=162400"},"modified":"2017-09-06T09:08:09","modified_gmt":"2017-09-06T07:08:09","slug":"spielplatz-am-wilhelmsplatz","status":"publish","type":"post","link":"https:\/\/www.andreas-edler.de\/blog\/2017\/09\/spielplatz-am-wilhelmsplatz\/","title":{"rendered":"Spielplatz am Wilhelmsplatz"},"content":{"rendered":"<p>Die Wellen schlagen hoch, seitdem die Neue-Westf\u00e4lische in einem Anflug von Sommerlochlangeweile einen kleinen Teilaspekt eines langen Vortrags in einem Ausschuss f\u00fcr Stadtentwicklung vor der Sommerpause zum Thema machte und andeutete, die Politik wolle den Parkplatz auf dem Wilhelmsplatz in einen Spielplatz umwandeln. <!--more--><\/p>\n<p>Allein: das hat niemand beschlossen. Es wurde nicht einmal ernsthaft in Erw\u00e4gung gezogen. Wenn man bei der Sitzung anwesend war &#8211; wie z.B. die Redakteure der Neuen-Westf\u00e4lischen &#8211; dann w\u00fcsste man das. Aber anstatt dies klarzustellen, ver\u00f6ffentlicht die Zeitung lieber w\u00fctende Leserbriefe, die der Politik Steuergeldverschwendung und nicht \u00fcberlegtes Handeln vorwerfen.<\/p>\n<p>Es gab eine Pr\u00e4sentation der &#8222;Stadtkinder&#8220; im Rahmen des ISEK-Programmes, in welchem  auch Spielger\u00e4te auf dem Wilhelmsplatz thematisiert wurden (Kann jedenfalls sein, konkret kann ich mich daran nicht erinnern. Daran sieht man schon, wie intensiv wir \u00fcber den Wilhelmsplatz gesprochen haben.) Als Wunsch der Kinder, welche die Exkursion durchgef\u00fchrt haben. Den Vortrag fanden fraktions\u00fcbergreifend alle gut und erg\u00e4nzten gleichzeitig, das l\u00e4ngst nicht alles davon umsetzbar ist. Aber ganz ehrlich, wenn man von den fast 10 Dutzend Parkpl\u00e4tzen f\u00fcr Autos drei bis vier f\u00fcr Spielger\u00e4te f\u00fcr Kinder nutzen w\u00fcrde, dann h\u00e4tte ich da auch absolut keine Bedenken. Mir sind Kinder lieber, als Autos. Aber niemand hatte oder hat jemals vor, den (in den Leserbriefen inzwischen schon &#8222;historischen&#8220;!) Parkplatz Wilhelmsplatz komplett wegfallen zu lassen. Es wurde bisher nicht einmal dar\u00fcber gesprochen dort <b>irgendetwas<\/b> zu \u00e4ndern.<\/p>\n<p>Ganz viel hei\u00dfe Luft, welche die Neue-Westf\u00e4lische hier &#8211; wahrscheinlich im Hinterzimmer grinsend &#8211; produzieren l\u00e4sst. Qualit\u00e4tsjournalismus.<\/p>\n","protected":false},"excerpt":{"rendered":"<p>Die Wellen schlagen hoch, seitdem die Neue-Westf\u00e4lische in einem Anflug von Sommerlochlangeweile einen kleinen Teilaspekt eines langen Vortrags in einem Ausschuss f\u00fcr Stadtentwicklung vor der Sommerpause zum Thema machte und andeutete, die Politik wolle den Parkplatz auf dem Wilhelmsplatz in &hellip;<\/p>\n<p class=\"read-more\"> <a class=\"more-link\" href=\"https:\/\/www.andreas-edler.de\/blog\/2017\/09\/spielplatz-am-wilhelmsplatz\/\"> <span class=\"screen-reader-text\">Spielplatz am Wilhelmsplatz<\/span> Weiterlesen &raquo;<\/a><\/p>\n","protected":false},"author":1,"featured_media":0,"comment_status":"open","ping_status":"open","sticky":false,"template":"","format":"standard","meta":{"ngg_post_thumbnail":0,"activitypub_content_warning":"","activitypub_content_visibility":"","activitypub_max_image_attachments":2,"activitypub_interaction_policy_quote":"anyone","activitypub_status":"","footnotes":""},"categories":[14,18,45],"tags":[34,59,77,72],"class_list":["post-162400","post","type-post","status-publish","format-standard","hentry","category-bad-oeynhausen","category-fraglich","category-politik","tag-kommunikation","tag-presse","tag-stadtrat","tag-verwaltung"],"share_on_mastodon":{"url":"","error":""},"_links":{"self":[{"href":"https:\/\/www.andreas-edler.de\/blog\/wp-json\/wp\/v2\/posts\/162400","targetHints":{"allow":["GET"]}}],"collection":[{"href":"https:\/\/www.andreas-edler.de\/blog\/wp-json\/wp\/v2\/posts"}],"about":[{"href":"https:\/\/www.andreas-edler.de\/blog\/wp-json\/wp\/v2\/types\/post"}],"author":[{"embeddable":true,"href":"https:\/\/www.andreas-edler.de\/blog\/wp-json\/wp\/v2\/users\/1"}],"replies":[{"embeddable":true,"href":"https:\/\/www.andreas-edler.de\/blog\/wp-json\/wp\/v2\/comments?post=162400"}],"version-history":[{"count":0,"href":"https:\/\/www.andreas-edler.de\/blog\/wp-json\/wp\/v2\/posts\/162400\/revisions"}],"wp:attachment":[{"href":"https:\/\/www.andreas-edler.de\/blog\/wp-json\/wp\/v2\/media?parent=162400"}],"wp:term":[{"taxonomy":"category","embeddable":true,"href":"https:\/\/www.andreas-edler.de\/blog\/wp-json\/wp\/v2\/categories?post=162400"},{"taxonomy":"post_tag","embeddable":true,"href":"https:\/\/www.andreas-edler.de\/blog\/wp-json\/wp\/v2\/tags?post=162400"}],"curies":[{"name":"wp","href":"https:\/\/api.w.org\/{rel}","templated":true}]}}