{"id":162343,"date":"2017-08-19T21:19:14","date_gmt":"2017-08-19T19:19:14","guid":{"rendered":"http:\/\/www.andreas-edler.de\/blog\/?p=162343"},"modified":"2017-08-21T21:47:26","modified_gmt":"2017-08-21T19:47:26","slug":"urlaub-fuer-dieses-jahr-endgueltig-zu-ende","status":"publish","type":"post","link":"https:\/\/www.andreas-edler.de\/blog\/2017\/08\/urlaub-fuer-dieses-jahr-endgueltig-zu-ende\/","title":{"rendered":"Urlaub f\u00fcr dieses Jahr endg\u00fcltig zu Ende"},"content":{"rendered":"<p>Wir holen den Wohnwagen immer so zwei bis drei Wochen vor Urlaubsbeginn bei uns auf den Hof und machen ihn reisefein. durchl\u00fcften, staubsaugen, den Wassertank reinigen und desinfizieren und jedesmal das Vorzelt probeweise aufstellen &#8211; nichts w\u00e4re wohl d\u00f6siger, als auf dem Platz zu stehen und nicht alle Stangen dabei zu haben. Und nach dem Urlaub haben wir den Wagen dann auch noch immer ein bisschen auf dem Hof &#8211; weil wir ja noch so super ein- oder zweimal darin \u00fcbernachten k\u00f6nnten. Gemacht haben wir das bisher nie. Einmal hat Tim mit einem Kumpel drin geschlafen, aber sonst?<br \/>\n<figure id=\"attachment_162344\" aria-describedby=\"caption-attachment-162344\" style=\"width: 470px\" class=\"wp-caption aligncenter\"><a href=\"https:\/\/www.andreas-edler.de\/blog\/wp-content\/uploads\/2017\/08\/20170819_eriba_sauber.jpg\"><img loading=\"lazy\" decoding=\"async\" src=\"https:\/\/www.andreas-edler.de\/blog\/wp-content\/uploads\/2017\/08\/20170819_eriba_sauber-470x248.jpg\" alt=\"\" width=\"470\" height=\"248\" class=\"size-large wp-image-162344\" srcset=\"https:\/\/www.andreas-edler.de\/blog\/wp-content\/uploads\/2017\/08\/20170819_eriba_sauber-470x248.jpg 470w, https:\/\/www.andreas-edler.de\/blog\/wp-content\/uploads\/2017\/08\/20170819_eriba_sauber-250x132.jpg 250w, https:\/\/www.andreas-edler.de\/blog\/wp-content\/uploads\/2017\/08\/20170819_eriba_sauber-768x405.jpg 768w, https:\/\/www.andreas-edler.de\/blog\/wp-content\/uploads\/2017\/08\/20170819_eriba_sauber-100x53.jpg 100w, https:\/\/www.andreas-edler.de\/blog\/wp-content\/uploads\/2017\/08\/20170819_eriba_sauber-150x79.jpg 150w, https:\/\/www.andreas-edler.de\/blog\/wp-content\/uploads\/2017\/08\/20170819_eriba_sauber-200x105.jpg 200w, https:\/\/www.andreas-edler.de\/blog\/wp-content\/uploads\/2017\/08\/20170819_eriba_sauber-300x158.jpg 300w, https:\/\/www.andreas-edler.de\/blog\/wp-content\/uploads\/2017\/08\/20170819_eriba_sauber-450x237.jpg 450w, https:\/\/www.andreas-edler.de\/blog\/wp-content\/uploads\/2017\/08\/20170819_eriba_sauber-600x316.jpg 600w, https:\/\/www.andreas-edler.de\/blog\/wp-content\/uploads\/2017\/08\/20170819_eriba_sauber-900x475.jpg 900w, https:\/\/www.andreas-edler.de\/blog\/wp-content\/uploads\/2017\/08\/20170819_eriba_sauber.jpg 1280w\" sizes=\"auto, (max-width: 470px) 100vw, 470px\" \/><\/a><figcaption id=\"caption-attachment-162344\" class=\"wp-caption-text\">Eriba Nova GL vor&#8217;m Einmotten<\/figcaption><\/figure> <!--more--><br \/>\nHeute morgen haben wir den Camper dann wieder zu meiner Mama und meiner Schwester gezogen, weil er da netterweise sch\u00f6n trocken im Schuppen stehen darf. Ciao, bis zum n\u00e4chsten Jahr. Dann kriegt er neue Reifen und frischen T\u00dcV. Bis dahin wird geschlafen &#8230;<\/p>\n","protected":false},"excerpt":{"rendered":"<p>Wir holen den Wohnwagen immer so zwei bis drei Wochen vor Urlaubsbeginn bei uns auf den Hof und machen ihn reisefein. durchl\u00fcften, staubsaugen, den Wassertank reinigen und desinfizieren und jedesmal das Vorzelt probeweise aufstellen &#8211; nichts w\u00e4re wohl d\u00f6siger, als &hellip;<\/p>\n<p class=\"read-more\"> <a class=\"more-link\" href=\"https:\/\/www.andreas-edler.de\/blog\/2017\/08\/urlaub-fuer-dieses-jahr-endgueltig-zu-ende\/\"> <span class=\"screen-reader-text\">Urlaub f\u00fcr dieses Jahr endg\u00fcltig zu Ende<\/span> Weiterlesen &raquo;<\/a><\/p>\n","protected":false},"author":1,"featured_media":0,"comment_status":"open","ping_status":"open","sticky":false,"template":"","format":"standard","meta":{"ngg_post_thumbnail":0,"activitypub_content_warning":"","activitypub_content_visibility":"","activitypub_max_image_attachments":2,"activitypub_interaction_policy_quote":"anyone","activitypub_status":"","footnotes":""},"categories":[1],"tags":[255,102],"class_list":["post-162343","post","type-post","status-publish","format-standard","hentry","category-allgemein","tag-eriba-nova","tag-urlaub"],"share_on_mastodon":{"url":"","error":""},"_links":{"self":[{"href":"https:\/\/www.andreas-edler.de\/blog\/wp-json\/wp\/v2\/posts\/162343","targetHints":{"allow":["GET"]}}],"collection":[{"href":"https:\/\/www.andreas-edler.de\/blog\/wp-json\/wp\/v2\/posts"}],"about":[{"href":"https:\/\/www.andreas-edler.de\/blog\/wp-json\/wp\/v2\/types\/post"}],"author":[{"embeddable":true,"href":"https:\/\/www.andreas-edler.de\/blog\/wp-json\/wp\/v2\/users\/1"}],"replies":[{"embeddable":true,"href":"https:\/\/www.andreas-edler.de\/blog\/wp-json\/wp\/v2\/comments?post=162343"}],"version-history":[{"count":0,"href":"https:\/\/www.andreas-edler.de\/blog\/wp-json\/wp\/v2\/posts\/162343\/revisions"}],"wp:attachment":[{"href":"https:\/\/www.andreas-edler.de\/blog\/wp-json\/wp\/v2\/media?parent=162343"}],"wp:term":[{"taxonomy":"category","embeddable":true,"href":"https:\/\/www.andreas-edler.de\/blog\/wp-json\/wp\/v2\/categories?post=162343"},{"taxonomy":"post_tag","embeddable":true,"href":"https:\/\/www.andreas-edler.de\/blog\/wp-json\/wp\/v2\/tags?post=162343"}],"curies":[{"name":"wp","href":"https:\/\/api.w.org\/{rel}","templated":true}]}}