{"id":162340,"date":"2017-08-21T07:38:55","date_gmt":"2017-08-21T05:38:55","guid":{"rendered":"http:\/\/www.andreas-edler.de\/blog\/?p=162340"},"modified":"2017-08-21T21:55:26","modified_gmt":"2017-08-21T19:55:26","slug":"helm-nicht-auf-zack-umgefahren","status":"publish","type":"post","link":"https:\/\/www.andreas-edler.de\/blog\/2017\/08\/helm-nicht-auf-zack-umgefahren\/","title":{"rendered":"Helm nicht auf, zack wird man umgefahren"},"content":{"rendered":"<p>Wenn man in einem Kreisel f\u00e4hrt, hat man Vorfahrt. Die in den Kreisel Einfahrenden d\u00fcrfen sich nicht rein dr\u00e4ngeln und diejenigen welche herausfahren, m\u00fcssen den im Kreisel Fahrenden ebenfalls Vorfahrt gew\u00e4hren. Das gilt f\u00fcr den motorisierten Verkehr genauso wie f\u00fcr Radfahrer.<\/p>\n<p><cite>NW vom 18.08.2017: <b><a href=\"http:\/\/www.nw.de\/lokal\/kreis_guetersloh\/rheda_wiedenbrueck\/rheda_wiedenbrueck\/21889039_Radfahrer-nach-Zusammenstoss-in-Rheda-Wiedenbrueck-schwer-verletzt.html\">Radfahrer nach Zusammensto\u00df in Rheda-Wiedenbr\u00fcck schwer verletzt<\/a><\/b><br \/>\n&#8230; Der Rheda-Wiedenbr\u00fccker fuhr auf dem Geh- und Radweg zwischen Ring- und der Bahnhofstra\u00dfe. Er wollte \u00fcber die Stra\u00dfe zur Wilhelmstra\u00dfe zu fahren. Ein 32-j\u00e4hriger Opel-Fahrer beabsichtigte, in diesem Moment aus dem Kreisverkehr in die Bahnhofstra\u00dfe abzubiegen.<br \/>\n<br \/>\nDabei kam es zu dem Zusammensto\u00df mit dem Fahrradfahrer, der st\u00fcrzte und sich schwer verletzte. Er trug keinen Helm &#8230;<\/cite> <!--more--><\/p>\n<p>Ein Autofahrer ist also unter Missachtung der vorgeschriebenen R\u00fccksichtnahme einfach abgebogen und f\u00e4hrt einen Radfahrer um, wobei er ihn schwer verletzt.<\/p>\n<p>Das einzige was der Neuen-Westf\u00e4lischen &#8211; bzw. der Polizei, \u00fcblicherweise schreibt die NW das wortw\u00f6rtlich ab &#8211; einf\u00e4llt ist: <i>23-J\u00e4hriger trug keinen Helm<\/i>, Nicht <strong>&#8222;Autofahrer beachtet Grundregeln nicht&#8220;<\/strong>. Der Radfahrer hat sich dabei nat\u00fcrlich selbst verletzt (wobei sich die Meldung dabei nicht sicher ist, er k\u00f6nnte auch verletzt worden sein). Niemals hat dies jedoch explizit der KFZ-Fahrer getan! Und das ist nat\u00fcrlich nur mal wieder exemplarisch ein Beispiel nach langer Zeit. Diese Meldungen findet man in der Form t\u00e4glich. Der aktive Part ist der Radfahrer: Victim-Blaming par excellence.<\/p>\n<p>Liebe Neue-Westf\u00e4lische, warum weist ihr nicht darauf hin, dass Autofahrer sich gef\u00e4lligst an die Regeln halten sollen? Der Helm h\u00e4tte den Unfall nicht verhindert. Und genau letzteres sollte das Ziel sein. Kein Aufr\u00fcsten und damit ein Verschieben der Verantwortlichkeiten.<\/p>\n","protected":false},"excerpt":{"rendered":"<p>Wenn man in einem Kreisel f\u00e4hrt, hat man Vorfahrt. Die in den Kreisel Einfahrenden d\u00fcrfen sich nicht rein dr\u00e4ngeln und diejenigen welche herausfahren, m\u00fcssen den im Kreisel Fahrenden ebenfalls Vorfahrt gew\u00e4hren. Das gilt f\u00fcr den motorisierten Verkehr genauso wie f\u00fcr &hellip;<\/p>\n<p class=\"read-more\"> <a class=\"more-link\" href=\"https:\/\/www.andreas-edler.de\/blog\/2017\/08\/helm-nicht-auf-zack-umgefahren\/\"> <span class=\"screen-reader-text\">Helm nicht auf, zack wird man umgefahren<\/span> Weiterlesen &raquo;<\/a><\/p>\n","protected":false},"author":1,"featured_media":0,"comment_status":"open","ping_status":"open","sticky":false,"template":"","format":"standard","meta":{"ngg_post_thumbnail":0,"activitypub_content_warning":"","activitypub_content_visibility":"","activitypub_max_image_attachments":2,"activitypub_interaction_policy_quote":"anyone","activitypub_status":"","footnotes":""},"categories":[15,18,13],"tags":[34,127,59],"class_list":["post-162340","post","type-post","status-publish","format-standard","hentry","category-fahrrad","category-fraglich","category-verkehr","tag-kommunikation","tag-polizei","tag-presse"],"share_on_mastodon":{"url":"","error":""},"_links":{"self":[{"href":"https:\/\/www.andreas-edler.de\/blog\/wp-json\/wp\/v2\/posts\/162340","targetHints":{"allow":["GET"]}}],"collection":[{"href":"https:\/\/www.andreas-edler.de\/blog\/wp-json\/wp\/v2\/posts"}],"about":[{"href":"https:\/\/www.andreas-edler.de\/blog\/wp-json\/wp\/v2\/types\/post"}],"author":[{"embeddable":true,"href":"https:\/\/www.andreas-edler.de\/blog\/wp-json\/wp\/v2\/users\/1"}],"replies":[{"embeddable":true,"href":"https:\/\/www.andreas-edler.de\/blog\/wp-json\/wp\/v2\/comments?post=162340"}],"version-history":[{"count":0,"href":"https:\/\/www.andreas-edler.de\/blog\/wp-json\/wp\/v2\/posts\/162340\/revisions"}],"wp:attachment":[{"href":"https:\/\/www.andreas-edler.de\/blog\/wp-json\/wp\/v2\/media?parent=162340"}],"wp:term":[{"taxonomy":"category","embeddable":true,"href":"https:\/\/www.andreas-edler.de\/blog\/wp-json\/wp\/v2\/categories?post=162340"},{"taxonomy":"post_tag","embeddable":true,"href":"https:\/\/www.andreas-edler.de\/blog\/wp-json\/wp\/v2\/tags?post=162340"}],"curies":[{"name":"wp","href":"https:\/\/api.w.org\/{rel}","templated":true}]}}