{"id":162305,"date":"2017-08-03T20:04:28","date_gmt":"2017-08-03T18:04:28","guid":{"rendered":"http:\/\/www.andreas-edler.de\/blog\/?p=162305"},"modified":"2017-08-03T20:04:48","modified_gmt":"2017-08-03T18:04:48","slug":"sonderbeschilderung-auf-radwegen","status":"publish","type":"post","link":"https:\/\/www.andreas-edler.de\/blog\/2017\/08\/sonderbeschilderung-auf-radwegen\/","title":{"rendered":"Sonderbeschilderung auf Radwegen"},"content":{"rendered":"<p>Im Ausschuss f\u00fcr Stadtentwicklung am 11.05.2017 <a href=\"http:\/\/www.andreas-edler.de\/blog\/2017\/05\/kontrolle-von-sonderbeschilderungen\/\">fragte ich nach Prozessen f\u00fcr die ordnungsgem\u00e4\u00dfe Aufstellung von Sonderbeschilderungen<\/a>. Dazu wurde mir in der Niederschrift des entsprechenden Ausschuss folgendes geantwortet:<\/p>\n<p><cite>Die Zust\u00e4ndigkeit f\u00fcr die Beschilderung liegt beim jeweiligen Stra\u00dfenbaulasttr\u00e4ger. Die Verwaltung wird die externen Stra\u00dfenbaulasttr\u00e4ger informieren und die Stadtwerke Bad Oeynhausen sowie den st\u00e4dtischen Au\u00dfendienst (Bereich 32) sensibilisieren\/auffordern, die korrekten Standorte f\u00fcr die Sonderbeschilderungen zu \u00fcberpr\u00fcfen und dem Bereich 61 zu benennen.<\/cite><!--more--><br \/>\nIch hatte meiner Anfrage extra Bilder beigef\u00fcgt, mit Schildern die zu dem Zeitpunkt auf Radwegen aufgestellt waren. Das wurde aber in den Wochen danach nicht ge\u00e4ndert. Aktuell ist die Werster Stra\u00dfe in eine Richtung gesperrt und nat\u00fcrlich wird darauf per Beschilderung hingewiesen. Im Urlaub machte mich ein Twitterer bereits darauf aufmerksam, dass die Schilder nat\u00fcrlich wieder auf dem Radweg stehen. Habe dann angeregt, dass doch selbst der Verwaltung zu melden &#8230; allerdings sah es eben immer noch so aus: <figure id=\"attachment_162307\" aria-describedby=\"caption-attachment-162307\" style=\"width: 470px\" class=\"wp-caption aligncenter\"><a href=\"https:\/\/www.andreas-edler.de\/blog\/wp-content\/uploads\/2017\/08\/20170803_schild.png\"><img loading=\"lazy\" decoding=\"async\" src=\"https:\/\/www.andreas-edler.de\/blog\/wp-content\/uploads\/2017\/08\/20170803_schild-470x249.png\" alt=\"\" width=\"470\" height=\"249\" class=\"size-large wp-image-162307\" srcset=\"https:\/\/www.andreas-edler.de\/blog\/wp-content\/uploads\/2017\/08\/20170803_schild-470x249.png 470w, https:\/\/www.andreas-edler.de\/blog\/wp-content\/uploads\/2017\/08\/20170803_schild-250x132.png 250w, https:\/\/www.andreas-edler.de\/blog\/wp-content\/uploads\/2017\/08\/20170803_schild-768x406.png 768w, https:\/\/www.andreas-edler.de\/blog\/wp-content\/uploads\/2017\/08\/20170803_schild-100x53.png 100w, https:\/\/www.andreas-edler.de\/blog\/wp-content\/uploads\/2017\/08\/20170803_schild-150x79.png 150w, https:\/\/www.andreas-edler.de\/blog\/wp-content\/uploads\/2017\/08\/20170803_schild-200x106.png 200w, https:\/\/www.andreas-edler.de\/blog\/wp-content\/uploads\/2017\/08\/20170803_schild-300x159.png 300w, https:\/\/www.andreas-edler.de\/blog\/wp-content\/uploads\/2017\/08\/20170803_schild-450x238.png 450w, https:\/\/www.andreas-edler.de\/blog\/wp-content\/uploads\/2017\/08\/20170803_schild-600x317.png 600w, https:\/\/www.andreas-edler.de\/blog\/wp-content\/uploads\/2017\/08\/20170803_schild-900x476.png 900w, https:\/\/www.andreas-edler.de\/blog\/wp-content\/uploads\/2017\/08\/20170803_schild.png 1280w\" sizes=\"auto, (max-width: 470px) 100vw, 470px\" \/><\/a><figcaption id=\"caption-attachment-162307\" class=\"wp-caption-text\">Sonderbeschilderung auf dem benutzungspflichtigen Radweg der Eidinghausener Stra\u00dfe<\/figcaption><\/figure><br \/>\nNat\u00fcrlich ist das Hindernis wieder mitten auf den benutzungspflichtigen Radweg gestellt worden. Wieder werden Gefahren f\u00fcr Radfahrende geschaffen, weil Autofahrer betroffen sind. Scheint in Bad Oeynhausen so \u00fcblich zu sein. In Gegenrichtung ist selbstverst\u00e4ndlich die Beschilderung genauso gef\u00e4hrdend aufgestellt.<\/p>\n<p>Wie soll ich die Antwort auf meine Anfrage denn nun werten? &#8222;Fragt ruhig, wir machen weiter wie bisher &#8230;&#8220;? In Bad Oeynhausen k\u00fcmmert man sich jedenfalls richtig intensiv um die F\u00f6rderung des Radverkehrs!<\/p>\n","protected":false},"excerpt":{"rendered":"<p>Im Ausschuss f\u00fcr Stadtentwicklung am 11.05.2017 fragte ich nach Prozessen f\u00fcr die ordnungsgem\u00e4\u00dfe Aufstellung von Sonderbeschilderungen. Dazu wurde mir in der Niederschrift des entsprechenden Ausschuss folgendes geantwortet: Die Zust\u00e4ndigkeit f\u00fcr die Beschilderung liegt beim jeweiligen Stra\u00dfenbaulasttr\u00e4ger. Die Verwaltung wird die &hellip;<\/p>\n<p class=\"read-more\"> <a class=\"more-link\" href=\"https:\/\/www.andreas-edler.de\/blog\/2017\/08\/sonderbeschilderung-auf-radwegen\/\"> <span class=\"screen-reader-text\">Sonderbeschilderung auf Radwegen<\/span> Weiterlesen &raquo;<\/a><\/p>\n","protected":false},"author":1,"featured_media":0,"comment_status":"open","ping_status":"open","sticky":false,"template":"","format":"standard","meta":{"ngg_post_thumbnail":0,"activitypub_content_warning":"","activitypub_content_visibility":"","activitypub_max_image_attachments":2,"activitypub_interaction_policy_quote":"anyone","activitypub_status":"","footnotes":""},"categories":[14,45,13],"tags":[109,75,251,34,71,76,77],"class_list":["post-162305","post","type-post","status-publish","format-standard","hentry","category-bad-oeynhausen","category-politik","category-verkehr","tag-adfc","tag-grun","tag-infrastruktur","tag-kommunikation","tag-regeln","tag-sicherheit","tag-stadtrat"],"share_on_mastodon":{"url":"","error":""},"_links":{"self":[{"href":"https:\/\/www.andreas-edler.de\/blog\/wp-json\/wp\/v2\/posts\/162305","targetHints":{"allow":["GET"]}}],"collection":[{"href":"https:\/\/www.andreas-edler.de\/blog\/wp-json\/wp\/v2\/posts"}],"about":[{"href":"https:\/\/www.andreas-edler.de\/blog\/wp-json\/wp\/v2\/types\/post"}],"author":[{"embeddable":true,"href":"https:\/\/www.andreas-edler.de\/blog\/wp-json\/wp\/v2\/users\/1"}],"replies":[{"embeddable":true,"href":"https:\/\/www.andreas-edler.de\/blog\/wp-json\/wp\/v2\/comments?post=162305"}],"version-history":[{"count":0,"href":"https:\/\/www.andreas-edler.de\/blog\/wp-json\/wp\/v2\/posts\/162305\/revisions"}],"wp:attachment":[{"href":"https:\/\/www.andreas-edler.de\/blog\/wp-json\/wp\/v2\/media?parent=162305"}],"wp:term":[{"taxonomy":"category","embeddable":true,"href":"https:\/\/www.andreas-edler.de\/blog\/wp-json\/wp\/v2\/categories?post=162305"},{"taxonomy":"post_tag","embeddable":true,"href":"https:\/\/www.andreas-edler.de\/blog\/wp-json\/wp\/v2\/tags?post=162305"}],"curies":[{"name":"wp","href":"https:\/\/api.w.org\/{rel}","templated":true}]}}