{"id":162278,"date":"2017-08-02T11:50:22","date_gmt":"2017-08-02T09:50:22","guid":{"rendered":"http:\/\/www.andreas-edler.de\/blog\/?p=162278"},"modified":"2017-08-02T17:27:27","modified_gmt":"2017-08-02T15:27:27","slug":"sommerurlaub-2017-in-kroatien","status":"publish","type":"post","link":"https:\/\/www.andreas-edler.de\/blog\/2017\/08\/sommerurlaub-2017-in-kroatien\/","title":{"rendered":"Sommerurlaub 2017 in Kroatien"},"content":{"rendered":"<p>Mit meinen Eltern war ich ganz oft in Kroatien &#8211; damals noch Jugoslawien &#8211; und mit Alex als quasi <a href=\"http:\/\/www.andreas-edler.de\/blog\/urlaub\/kroatien_porec\/\">Hochzeitsreise im Zelt<\/a> auch. Mit Tim dann in <a href=\"http:\/\/www.andreas-edler.de\/blog\/urlaub\/kroatien-2010\/\">2010 in einem Apartment<\/a>, <a href=\"http:\/\/www.andreas-edler.de\/blog\/urlaub\/kroatien-2012\/\">2012<\/a> und <a href=\"http:\/\/www.andreas-edler.de\/blog\/urlaub\/kroatien-2013\/\">2013<\/a> mit dem Wohnwagen. Dieses Jahr dann das erste Mal zu viert als Papa und nicht als Kind :-) Ben hat mit seinen 3 1\/2 Jahren die Fahrt in den Urlaubs ganz ausgezeichnet gemeistert (Ich schreibe das hier unter dem Mond an der kroatischen K\u00fcste &#8211; keine Ahnung, wie die R\u00fcckfahrt wird!) und freut sich seitdem ein Loch in den Bauch \u00fcber den Urlaub. Allen anderen geht es glaube ich \u00e4hnlich &#8211; auch wenn Tim nat\u00fcrlich keine Miene verzieht, ich glaube es macht ihm auch Spa\u00df. Wie immer habe ich etwas Anlaufschwierigkeiten, mich zu entspannen, aber gerade k\u00f6nnte ich noch ganz gut eine Woche dran h\u00e4ngen :-\/<\/p>\n<p><a href=\"http:\/\/www.andreas-edler.de\/blog\/urlaub\/kroatien-2017\/\">Den ausf\u00fchrlichen Bericht gibt es auf einer extra Seite!<\/a><br \/>\n<figure id=\"attachment_162251\" aria-describedby=\"caption-attachment-162251\" style=\"width: 470px\" class=\"wp-caption aligncenter\"><a href=\"http:\/\/www.andreas-edler.de\/blog\/wp-content\/uploads\/2017\/08\/DSCF6628.jpg\"><img loading=\"lazy\" decoding=\"async\" src=\"http:\/\/www.andreas-edler.de\/blog\/wp-content\/uploads\/2017\/08\/DSCF6628-470x223.jpg\" alt=\"\" width=\"470\" height=\"223\" class=\"size-large wp-image-162251\" srcset=\"https:\/\/www.andreas-edler.de\/blog\/wp-content\/uploads\/2017\/08\/DSCF6628-470x223.jpg 470w, https:\/\/www.andreas-edler.de\/blog\/wp-content\/uploads\/2017\/08\/DSCF6628-250x119.jpg 250w, https:\/\/www.andreas-edler.de\/blog\/wp-content\/uploads\/2017\/08\/DSCF6628-768x364.jpg 768w, https:\/\/www.andreas-edler.de\/blog\/wp-content\/uploads\/2017\/08\/DSCF6628-100x47.jpg 100w, https:\/\/www.andreas-edler.de\/blog\/wp-content\/uploads\/2017\/08\/DSCF6628-150x71.jpg 150w, https:\/\/www.andreas-edler.de\/blog\/wp-content\/uploads\/2017\/08\/DSCF6628-200x95.jpg 200w, https:\/\/www.andreas-edler.de\/blog\/wp-content\/uploads\/2017\/08\/DSCF6628-300x142.jpg 300w, https:\/\/www.andreas-edler.de\/blog\/wp-content\/uploads\/2017\/08\/DSCF6628-450x213.jpg 450w, https:\/\/www.andreas-edler.de\/blog\/wp-content\/uploads\/2017\/08\/DSCF6628-600x285.jpg 600w, https:\/\/www.andreas-edler.de\/blog\/wp-content\/uploads\/2017\/08\/DSCF6628-900x427.jpg 900w, https:\/\/www.andreas-edler.de\/blog\/wp-content\/uploads\/2017\/08\/DSCF6628.jpg 1280w\" sizes=\"auto, (max-width: 470px) 100vw, 470px\" \/><\/a><figcaption id=\"caption-attachment-162251\" class=\"wp-caption-text\">Sonnenuntergang mit Brandung<\/figcaption><\/figure><\/p>\n","protected":false},"excerpt":{"rendered":"<p>Mit meinen Eltern war ich ganz oft in Kroatien &#8211; damals noch Jugoslawien &#8211; und mit Alex als quasi Hochzeitsreise im Zelt auch. Mit Tim dann in 2010 in einem Apartment, 2012 und 2013 mit dem Wohnwagen. Dieses Jahr dann &hellip;<\/p>\n<p class=\"read-more\"> <a class=\"more-link\" href=\"https:\/\/www.andreas-edler.de\/blog\/2017\/08\/sommerurlaub-2017-in-kroatien\/\"> <span class=\"screen-reader-text\">Sommerurlaub 2017 in Kroatien<\/span> Weiterlesen &raquo;<\/a><\/p>\n","protected":false},"author":1,"featured_media":0,"comment_status":"open","ping_status":"open","sticky":false,"template":"","format":"standard","meta":{"ngg_post_thumbnail":0,"activitypub_content_warning":"","activitypub_content_visibility":"","activitypub_max_image_attachments":2,"activitypub_interaction_policy_quote":"anyone","activitypub_status":"","footnotes":""},"categories":[1],"tags":[255,295,209,5,102,253],"class_list":["post-162278","post","type-post","status-publish","format-standard","hentry","category-allgemein","tag-eriba-nova","tag-kroatien","tag-skoda-yeti","tag-unterwegs","tag-urlaub","tag-wohnwagen"],"share_on_mastodon":{"url":"","error":""},"_links":{"self":[{"href":"https:\/\/www.andreas-edler.de\/blog\/wp-json\/wp\/v2\/posts\/162278","targetHints":{"allow":["GET"]}}],"collection":[{"href":"https:\/\/www.andreas-edler.de\/blog\/wp-json\/wp\/v2\/posts"}],"about":[{"href":"https:\/\/www.andreas-edler.de\/blog\/wp-json\/wp\/v2\/types\/post"}],"author":[{"embeddable":true,"href":"https:\/\/www.andreas-edler.de\/blog\/wp-json\/wp\/v2\/users\/1"}],"replies":[{"embeddable":true,"href":"https:\/\/www.andreas-edler.de\/blog\/wp-json\/wp\/v2\/comments?post=162278"}],"version-history":[{"count":0,"href":"https:\/\/www.andreas-edler.de\/blog\/wp-json\/wp\/v2\/posts\/162278\/revisions"}],"wp:attachment":[{"href":"https:\/\/www.andreas-edler.de\/blog\/wp-json\/wp\/v2\/media?parent=162278"}],"wp:term":[{"taxonomy":"category","embeddable":true,"href":"https:\/\/www.andreas-edler.de\/blog\/wp-json\/wp\/v2\/categories?post=162278"},{"taxonomy":"post_tag","embeddable":true,"href":"https:\/\/www.andreas-edler.de\/blog\/wp-json\/wp\/v2\/tags?post=162278"}],"curies":[{"name":"wp","href":"https:\/\/api.w.org\/{rel}","templated":true}]}}