{"id":162202,"date":"2017-07-23T21:49:23","date_gmt":"2017-07-23T19:49:23","guid":{"rendered":"http:\/\/www.andreas-edler.de\/blog\/?p=162202"},"modified":"2017-07-24T10:05:57","modified_gmt":"2017-07-24T08:05:57","slug":"poller-im-weserradweg-anfrage-im-ase-am-27-06-2017","status":"publish","type":"post","link":"https:\/\/www.andreas-edler.de\/blog\/2017\/07\/poller-im-weserradweg-anfrage-im-ase-am-27-06-2017\/","title":{"rendered":"Poller im Weserradweg &#8211; Anfrage im ASE am 27.06.2017"},"content":{"rendered":"<p>Im letzten ASE hatte ich &#8211; u.a. weil eine Freundin just am Wochenende davor einen Unfall an der Stelle hatte &#8211; eine Anfrage zu den neuen Pollern im Weserradweg gestellt:<br \/>\n<cite>Hinter dem Drachenfliegerlandeplatz wurden neue Poller neben und vor allen Dingen auf dem Weserradweg installiert, um Autofahrer am Durchfahren zu hindern. Der Poller mitten auf dem Weg ist direkt hinter einer Kurve installiert. Es kam dort am 25.06. zu einem Unfall, der mit viel Gl\u00fcck halbwegs glimpflich abgelaufen ist. Es gibt zwar Warnhinweise, aber die Stelle ist jeweils hinter der Kurve auch extrem schlecht gew\u00e4hlt.<\/cite> <!--more--><br \/>\nDazu habe ich eben im Ratsinfosystem die Antwort gesehen:<br \/>\n<cite>Da sich der Weser-Radweg im angesprochenen Bereich im Eigentum un in der Unterhaltung des Kreises Minden-L\u00fcbbecke befindet, hat das Bau- und Planungsamt des Kreises Minden-L\u00fcbbecke die Aufstellung des Pollers veranlasst.<br \/>\n<br \/>\nWir mir die zust\u00e4ndige Kreisplanungstelle nunmehr mitteilte, hat sich aus den Erfahrungen der letzten Jahre gezeigt, dass die Poller notwendig sind, um das Befahren des Weges mit Kraftfahrzeugen zu unterbinden. Es ist des \u00d6fteren zudem vorgekommen, dass auch Wohnmobile diesen Weg benutzten, um zum s\u00fcdlich gelegenen Baggersee und zur Weser zu gelangen.<br \/>\n<br \/>\nDa der Standort hinter einer Kurve &#8211; aus Richtung Bad Oeynhausen kommend &#8211; liegt, sind in Absprache und mit stra\u00dfenverkehrsrechtlicher Anordnung der Stadt Porta Westfalica Warnhinweise durch das Verkehrszeichen Nr. 101 (Gefahrstelle) in Verbindung mit dem Zusatzzeichen (&#8222;Poller&#8220;) so aufgestellt worden, dass vor der Kurve auf die Situation aufmerksam gemacht wird. Ein Versetzen vor die Kurve (aus Bad Oeynhausen kommend) h\u00e4tte ein hinter der Kurve f\u00fcr die aus Porta Westfalica kommenden Radfahrenden bedeutet und w\u00e4re damit nicht geeigneter.<\/cite><br \/>\nNun, zun\u00e4chst bin ich nat\u00fcrlich dankbar, dass mir noch einmal geschrieben wird, was ich in meiner Anfrage schon gesagt habe. Der Status Quo ist nun offensichtlich schon mal allen bekannt. Das war aber gar nicht die Frage, ich kenne die Stelle ja nun schon. Auch scheint in der Verwaltung nicht klar zu sein, dass es sich hier um eine S-Kurve handelt und die Poller auch aus Richtung Porta Westfalica kommend hinter einer Kurve stehen. Man hat die Poller quasi mitten im S montiert.<\/p>\n<p>Mir ist auch klar, dass es schwierig ist, hier eine L\u00f6sung zu finden, die die Radfahrenden nicht so immens gef\u00e4hrdet, wie die aktuell gew\u00e4hlte. Aber das ist auch gl\u00fccklicherweise gar nicht meine Aufgabe. Wohl aber kann ich sagen, dass es wegen dieser nun gew\u00e4hlten schlimmen L\u00f6sung schon zu Unf\u00e4llen gekommen ist und dass Poller mitten im Weg hinter jeweils einer 90\u00b0-Kurve (aus beiden Richtungen!) Murks sind. Und darauf gibt es nat\u00fcrlich keine Antwort. Dann h\u00e4tte man sich ja auch etwas intensiver mit dem Problem besch\u00e4ftigen m\u00fcssen. In diesem Fall dann eben mal nicht Bad Oeynhausen.<\/p>\n<p>Ist ja nur der Weser-Radweg &#8211; der meist befahrene touristische Radweg Deutschlands. Aber der interessiert ja auch im Staatsbad niemanden. Warum sollten wir uns in Bad Oeynhausen auch um sowas k\u00fcmmern und auf eine \u00c4nderung hinwirken? Wir brauchen doch keine \u00dcbernachtenden &#8230; <\/p>\n<p>Und weiterhin lernen wir: Radfahrer m\u00fcssen zur\u00fcck stecken und werden gef\u00e4hrdet, weil KFZ-Fahrende sich nicht an Regeln halten.<\/p>\n","protected":false},"excerpt":{"rendered":"<p>Im letzten ASE hatte ich &#8211; u.a. weil eine Freundin just am Wochenende davor einen Unfall an der Stelle hatte &#8211; eine Anfrage zu den neuen Pollern im Weserradweg gestellt: Hinter dem Drachenfliegerlandeplatz wurden neue Poller neben und vor allen &hellip;<\/p>\n<p class=\"read-more\"> <a class=\"more-link\" href=\"https:\/\/www.andreas-edler.de\/blog\/2017\/07\/poller-im-weserradweg-anfrage-im-ase-am-27-06-2017\/\"> <span class=\"screen-reader-text\">Poller im Weserradweg &#8211; Anfrage im ASE am 27.06.2017<\/span> Weiterlesen &raquo;<\/a><\/p>\n","protected":false},"author":1,"featured_media":0,"comment_status":"open","ping_status":"open","sticky":false,"template":"","format":"standard","meta":{"ngg_post_thumbnail":0,"activitypub_content_warning":"","activitypub_content_visibility":"","activitypub_max_image_attachments":2,"activitypub_interaction_policy_quote":"anyone","activitypub_status":"","footnotes":""},"categories":[14,15,45,13],"tags":[109,110,75,251,77],"class_list":["post-162202","post","type-post","status-publish","format-standard","hentry","category-bad-oeynhausen","category-fahrrad","category-politik","category-verkehr","tag-adfc","tag-fahrradfreundliche-stadt","tag-grun","tag-infrastruktur","tag-stadtrat"],"share_on_mastodon":{"url":"","error":""},"_links":{"self":[{"href":"https:\/\/www.andreas-edler.de\/blog\/wp-json\/wp\/v2\/posts\/162202","targetHints":{"allow":["GET"]}}],"collection":[{"href":"https:\/\/www.andreas-edler.de\/blog\/wp-json\/wp\/v2\/posts"}],"about":[{"href":"https:\/\/www.andreas-edler.de\/blog\/wp-json\/wp\/v2\/types\/post"}],"author":[{"embeddable":true,"href":"https:\/\/www.andreas-edler.de\/blog\/wp-json\/wp\/v2\/users\/1"}],"replies":[{"embeddable":true,"href":"https:\/\/www.andreas-edler.de\/blog\/wp-json\/wp\/v2\/comments?post=162202"}],"version-history":[{"count":0,"href":"https:\/\/www.andreas-edler.de\/blog\/wp-json\/wp\/v2\/posts\/162202\/revisions"}],"wp:attachment":[{"href":"https:\/\/www.andreas-edler.de\/blog\/wp-json\/wp\/v2\/media?parent=162202"}],"wp:term":[{"taxonomy":"category","embeddable":true,"href":"https:\/\/www.andreas-edler.de\/blog\/wp-json\/wp\/v2\/categories?post=162202"},{"taxonomy":"post_tag","embeddable":true,"href":"https:\/\/www.andreas-edler.de\/blog\/wp-json\/wp\/v2\/tags?post=162202"}],"curies":[{"name":"wp","href":"https:\/\/api.w.org\/{rel}","templated":true}]}}