{"id":162069,"date":"2017-06-21T10:54:28","date_gmt":"2017-06-21T08:54:28","guid":{"rendered":"http:\/\/www.andreas-edler.de\/blog\/?p=162069"},"modified":"2017-06-21T10:55:25","modified_gmt":"2017-06-21T08:55:25","slug":"kleine-runde-zum-wachwerden","status":"publish","type":"post","link":"https:\/\/www.andreas-edler.de\/blog\/2017\/06\/kleine-runde-zum-wachwerden\/","title":{"rendered":"Kleine Runde zum Wachwerden"},"content":{"rendered":"<p>Heute habe ich einen Tag Urlaub, weil der Wetterbericht ab morgen Regen ansagt und das Heu bei meiner Schwester noch gepresst und auf den Heuboden gebracht werden muss. Heute nachmittag geht es los und da habe ich den Morgen genutzt, um mich ein bisschen zu bewegen und die Statistik vom <a href=\"https:\/\/www.stadtradeln.de\/bad-oeynhausen\/\">Stadtradeln<\/a> zu versch\u00f6nern. Zumindest von den drei teilnehmenden Ratsmitgliedern m\u00f6chte ich die meisten Kilometer sammeln ;-) <!--more--><\/p>\n<p style=\"text-align:center;font-size: smaller;\"><iframe src='https:\/\/connect.garmin.com\/modern\/activity\/embed\/1810070084' title='Porta Westfalica und zur\u00fcck' width='465' height='500' frameborder='0'><\/iframe><\/p>\n<p> Ich glaube, das ist zu schaffen. Ich habe gestern nach einer Sitzung in kleiner Runde erw\u00e4hnt, dass nur 3 Menschen aus dem Rat mitmachen und da wurde mir erkl\u00e4rt, dass halt jeder andere Priorit\u00e4ten hat. Aus gleichem Munde habe ich damals bei einer Frage in \u00e4hnlicher Runde die gleiche Antwort zu Freifunk bekommen. Nunja.<\/p>\n<p>Ich halte Radfahren f\u00fcr nichts, wozu man &#8222;Priorit\u00e4ten&#8220; ben\u00f6tigt. Ist Autofahren eine Priorit\u00e4t? Mir schleierhaft, was damit gemeint ist. Stadtradeln ist eine Aktion vieler Kommunen und Parlamentsmitglieder werden gesondert ausgewiesen. Ich finde, da kann man schon mal mitmachen &#8211; zumindest wenn man das mit der klimafreundlichen Mobilit\u00e4t ernst meint. Nur durch Kommunikation bringt man den Radverkehr nach vorne. Und auch wenn ich so ein <a href=\"http:\/\/www.andreas-edler.de\/blog\/2016\/04\/mit-dem-rad-zur-arbeit-ohne-mich\/\">Stadtradeln als einzige Ma\u00dfnahme im Jahr f\u00fcr absolut sinnlos halte<\/a>, w\u00e4re es in Summe ein sch\u00f6ner Mosaikstein. Und ich m\u00f6chte die Hoffnung nicht aufgeben, dass jeder Mosaikstein in Bad Oeynhausen vielleicht doch der erste sein k\u00f6nnte.<\/p>\n<p>PS: Ja, das Vivoactive hat ab Porta zur\u00fcck ein wenig gesponnen und nicht mehr richtig aufgezeichnet. Die Runde ist ein paar hundert Meter l\u00e4nger, es sind aber nur noch drei Geraden registriert worden und das letzte St\u00fcck fehlt.<\/p>\n","protected":false},"excerpt":{"rendered":"<p>Heute habe ich einen Tag Urlaub, weil der Wetterbericht ab morgen Regen ansagt und das Heu bei meiner Schwester noch gepresst und auf den Heuboden gebracht werden muss. Heute nachmittag geht es los und da habe ich den Morgen genutzt, &hellip;<\/p>\n<p class=\"read-more\"> <a class=\"more-link\" href=\"https:\/\/www.andreas-edler.de\/blog\/2017\/06\/kleine-runde-zum-wachwerden\/\"> <span class=\"screen-reader-text\">Kleine Runde zum Wachwerden<\/span> Weiterlesen &raquo;<\/a><\/p>\n","protected":false},"author":1,"featured_media":0,"comment_status":"open","ping_status":"open","sticky":false,"template":"","format":"standard","meta":{"ngg_post_thumbnail":0,"activitypub_content_warning":"","activitypub_content_visibility":"","activitypub_max_image_attachments":2,"activitypub_interaction_policy_quote":"anyone","activitypub_status":"","footnotes":""},"categories":[14,15,45,13],"tags":[110,75,252,77],"class_list":["post-162069","post","type-post","status-publish","format-standard","hentry","category-bad-oeynhausen","category-fahrrad","category-politik","category-verkehr","tag-fahrradfreundliche-stadt","tag-grun","tag-stadtradeln","tag-stadtrat"],"share_on_mastodon":{"url":"","error":""},"_links":{"self":[{"href":"https:\/\/www.andreas-edler.de\/blog\/wp-json\/wp\/v2\/posts\/162069","targetHints":{"allow":["GET"]}}],"collection":[{"href":"https:\/\/www.andreas-edler.de\/blog\/wp-json\/wp\/v2\/posts"}],"about":[{"href":"https:\/\/www.andreas-edler.de\/blog\/wp-json\/wp\/v2\/types\/post"}],"author":[{"embeddable":true,"href":"https:\/\/www.andreas-edler.de\/blog\/wp-json\/wp\/v2\/users\/1"}],"replies":[{"embeddable":true,"href":"https:\/\/www.andreas-edler.de\/blog\/wp-json\/wp\/v2\/comments?post=162069"}],"version-history":[{"count":0,"href":"https:\/\/www.andreas-edler.de\/blog\/wp-json\/wp\/v2\/posts\/162069\/revisions"}],"wp:attachment":[{"href":"https:\/\/www.andreas-edler.de\/blog\/wp-json\/wp\/v2\/media?parent=162069"}],"wp:term":[{"taxonomy":"category","embeddable":true,"href":"https:\/\/www.andreas-edler.de\/blog\/wp-json\/wp\/v2\/categories?post=162069"},{"taxonomy":"post_tag","embeddable":true,"href":"https:\/\/www.andreas-edler.de\/blog\/wp-json\/wp\/v2\/tags?post=162069"}],"curies":[{"name":"wp","href":"https:\/\/api.w.org\/{rel}","templated":true}]}}