{"id":162014,"date":"2017-06-12T19:47:44","date_gmt":"2017-06-12T17:47:44","guid":{"rendered":"http:\/\/www.andreas-edler.de\/blog\/?p=162014"},"modified":"2017-06-13T13:07:49","modified_gmt":"2017-06-13T11:07:49","slug":"depeche-mode-in-hannover-2017","status":"publish","type":"post","link":"https:\/\/www.andreas-edler.de\/blog\/2017\/06\/depeche-mode-in-hannover-2017\/","title":{"rendered":"Depeche Mode in Hannover 2017"},"content":{"rendered":"<p><figure id=\"attachment_162016\" aria-describedby=\"caption-attachment-162016\" style=\"width: 250px\" class=\"wp-caption alignright\"><a href=\"http:\/\/www.andreas-edler.de\/blog\/wp-content\/uploads\/2017\/06\/20170611_ticket.jpg\"><img loading=\"lazy\" decoding=\"async\" src=\"http:\/\/www.andreas-edler.de\/blog\/wp-content\/uploads\/2017\/06\/20170611_ticket-250x104.jpg\" alt=\"\" width=\"250\" height=\"104\" class=\"size-medium wp-image-162016\" srcset=\"https:\/\/www.andreas-edler.de\/blog\/wp-content\/uploads\/2017\/06\/20170611_ticket-250x104.jpg 250w, https:\/\/www.andreas-edler.de\/blog\/wp-content\/uploads\/2017\/06\/20170611_ticket-768x318.jpg 768w, https:\/\/www.andreas-edler.de\/blog\/wp-content\/uploads\/2017\/06\/20170611_ticket-470x195.jpg 470w, https:\/\/www.andreas-edler.de\/blog\/wp-content\/uploads\/2017\/06\/20170611_ticket-100x41.jpg 100w, https:\/\/www.andreas-edler.de\/blog\/wp-content\/uploads\/2017\/06\/20170611_ticket-150x62.jpg 150w, https:\/\/www.andreas-edler.de\/blog\/wp-content\/uploads\/2017\/06\/20170611_ticket-200x83.jpg 200w, https:\/\/www.andreas-edler.de\/blog\/wp-content\/uploads\/2017\/06\/20170611_ticket-300x124.jpg 300w, https:\/\/www.andreas-edler.de\/blog\/wp-content\/uploads\/2017\/06\/20170611_ticket-450x186.jpg 450w, https:\/\/www.andreas-edler.de\/blog\/wp-content\/uploads\/2017\/06\/20170611_ticket-600x248.jpg 600w, https:\/\/www.andreas-edler.de\/blog\/wp-content\/uploads\/2017\/06\/20170611_ticket-900x373.jpg 900w, https:\/\/www.andreas-edler.de\/blog\/wp-content\/uploads\/2017\/06\/20170611_ticket.jpg 1280w\" sizes=\"auto, (max-width: 250px) 100vw, 250px\" \/><\/a><figcaption id=\"caption-attachment-162016\" class=\"wp-caption-text\">Ticket Depeche Mode Hannover 2017<\/figcaption><\/figure> Ich bzw. wir sind ja keine gro\u00dfen Konzertg\u00e4nger. Habe ich schon mal <a href=\"http:\/\/www.andreas-edler.de\/blog\/2016\/10\/konzertbesuche\/\">hier aufgelistet<\/a>. Und die lange Wartezeit seit dem Blog bis zum damals angek\u00fcndigten Konzert war dann gestern endlich rum! Zwei Tage vor Einlass schickte der Veranstalter noch mal eine Mail an alle Besucher, in welcher auf die verl\u00e4ngerten Einlasszeiten hingewiesen und Erl\u00e4uterungen zu den erlaubten Mitbringseln gegeben wurde. Keine Rucks\u00e4cke, Getr\u00e4nke nur in Kleinstbeh\u00e4ltnissen und die mussten dann auch fluffig sein &#8211; wegen der Sicherheitslage und so. Der Wetterbericht versprach hei\u00dfe Temperaturen, so dass sich Nachwuchs 1.0 und ich kurzbehost und mit standesgem\u00e4\u00df dunklen T-Shirts am Sonntagnachmittag in den Yeti setzten und gut gelaunt gen Hannover brausten. <!--more--><\/p>\n<p>In Hannover konnten wir auf der B6 noch sch\u00f6n im Stop&#038;Go-Verkehr die Festnahme von zwei Personen beobachten. Die beiden lagen zwischen ihren Autos auf dem Asphalt und wurden von jeweils zwei Beamten fixiert. Kurz vorher konnte ich noch von Weitem sehen, wie der eine der beiden ziemlich unerfreut schien, dass im die Arme auf&#8217;s Autodach geknallt wurden. Da hat er sich dann ein wenig gewehrt &#8230; bl\u00f6de Idee.<\/p>\n<p>Ich hatte mir ein Parkhaus in fussl\u00e4ufiger Entfernung zur HDI-Arena gesucht, bei dem wir uns noch sch\u00f6n den Maschseepark und den See anschauen konnten. Hat genauso geklappt, wie gedacht. Ab 16 15 Uhr sollte Einlass ein und da wir noch gem\u00fctlich eine Currywurst\/Pommes am See gegessen hatten, standen wir gegen kurz vor 17 Uhr am Einlass Nord. T-Shirts und Devotionalien wollte der Nachwuchs nicht haben, so dass wir nur ein bisschen umhergeschlendert sind und uns mit einem etwas \u00e4lteren Herrn unterhalten haben, der wissen wollte, weswegen hier so ein Aufriss gemacht wurde. Stand ja genug Polizei herum :-) Der Mann fand das alles ganz interessant und wir haben noch ein wenig dar\u00fcber sinniert, dass man angesichts der Situation solche Termin trotzdem einfach wahrnehmen muss und sich nicht einsch\u00fcchtern lassen darf. Ich habe nach Manchester wirklich auch ganz kurz an unseren Konzertbesuch gedacht, aber nicht ernsthaft irgendwelche Konsequenzen in Betracht gezogen.<br \/>\n<figure id=\"attachment_162018\" aria-describedby=\"caption-attachment-162018\" style=\"width: 470px\" class=\"wp-caption aligncenter\"><a href=\"http:\/\/www.andreas-edler.de\/blog\/wp-content\/uploads\/2017\/06\/20170611_anstehen.jpg\"><img loading=\"lazy\" decoding=\"async\" src=\"http:\/\/www.andreas-edler.de\/blog\/wp-content\/uploads\/2017\/06\/20170611_anstehen-470x271.jpg\" alt=\"\" width=\"470\" height=\"271\" class=\"size-large wp-image-162018\" srcset=\"https:\/\/www.andreas-edler.de\/blog\/wp-content\/uploads\/2017\/06\/20170611_anstehen-470x271.jpg 470w, https:\/\/www.andreas-edler.de\/blog\/wp-content\/uploads\/2017\/06\/20170611_anstehen-250x144.jpg 250w, https:\/\/www.andreas-edler.de\/blog\/wp-content\/uploads\/2017\/06\/20170611_anstehen-768x442.jpg 768w, https:\/\/www.andreas-edler.de\/blog\/wp-content\/uploads\/2017\/06\/20170611_anstehen-100x58.jpg 100w, https:\/\/www.andreas-edler.de\/blog\/wp-content\/uploads\/2017\/06\/20170611_anstehen-150x86.jpg 150w, https:\/\/www.andreas-edler.de\/blog\/wp-content\/uploads\/2017\/06\/20170611_anstehen-200x115.jpg 200w, https:\/\/www.andreas-edler.de\/blog\/wp-content\/uploads\/2017\/06\/20170611_anstehen-300x173.jpg 300w, https:\/\/www.andreas-edler.de\/blog\/wp-content\/uploads\/2017\/06\/20170611_anstehen-450x259.jpg 450w, https:\/\/www.andreas-edler.de\/blog\/wp-content\/uploads\/2017\/06\/20170611_anstehen-600x345.jpg 600w, https:\/\/www.andreas-edler.de\/blog\/wp-content\/uploads\/2017\/06\/20170611_anstehen-900x518.jpg 900w, https:\/\/www.andreas-edler.de\/blog\/wp-content\/uploads\/2017\/06\/20170611_anstehen.jpg 1280w\" sizes=\"auto, (max-width: 470px) 100vw, 470px\" \/><\/a><figcaption id=\"caption-attachment-162018\" class=\"wp-caption-text\">Anstehen f\u00fcr Depeche Mode<\/figcaption><\/figure><br \/>\nAls wir uns gerade in die Schlange der Wartenden einreihen wollten, ging einer der hunderte Ordner rum und fragte die bereits Wartenden, ob sie denn auch alle Karten f\u00fcr Einlasse Nord h\u00e4tten &#8230; wir sind dann auch einmal um&#8217;s halbe Stadion gewandert, weil auf unseren Tickets selbstverst\u00e4ndlich &#8222;S\u00fcd&#8220; aufgedruckt war. Wir Anf\u00e4nger! Auf der anderen Seite waren aber weder weniger, noch mehr Besucher. Die Schlange war zwar lang, keiner war sich so richtig sicher, ob er dort stand, wo er stehen musste, aber es ging z\u00fcgig voran. Vor dem Abtasten habe ich noch schnell den Zusatzakku und das Ladekabel sichtbar in die Hand genommen &#8230; nicht dass noch einer denkt, der kleine verkabelte, zylindrische Gegenstand w\u00e4re f\u00fcr was anderes als das Smartphone gedacht. War aber weder bei mir, noch beim Nachwuchs ein Problem. Um kurz nach 17 Uhr waren wir dann &#8222;drin&#8220;.<br \/>\n<figure id=\"attachment_162020\" aria-describedby=\"caption-attachment-162020\" style=\"width: 470px\" class=\"wp-caption aligncenter\"><a href=\"http:\/\/www.andreas-edler.de\/blog\/wp-content\/uploads\/2017\/06\/20170611_innenraum.jpg\"><img loading=\"lazy\" decoding=\"async\" src=\"http:\/\/www.andreas-edler.de\/blog\/wp-content\/uploads\/2017\/06\/20170611_innenraum-470x240.jpg\" alt=\"\" width=\"470\" height=\"240\" class=\"size-large wp-image-162020\" srcset=\"https:\/\/www.andreas-edler.de\/blog\/wp-content\/uploads\/2017\/06\/20170611_innenraum-470x240.jpg 470w, https:\/\/www.andreas-edler.de\/blog\/wp-content\/uploads\/2017\/06\/20170611_innenraum-250x128.jpg 250w, https:\/\/www.andreas-edler.de\/blog\/wp-content\/uploads\/2017\/06\/20170611_innenraum-768x392.jpg 768w, https:\/\/www.andreas-edler.de\/blog\/wp-content\/uploads\/2017\/06\/20170611_innenraum-100x51.jpg 100w, https:\/\/www.andreas-edler.de\/blog\/wp-content\/uploads\/2017\/06\/20170611_innenraum-150x77.jpg 150w, https:\/\/www.andreas-edler.de\/blog\/wp-content\/uploads\/2017\/06\/20170611_innenraum-200x102.jpg 200w, https:\/\/www.andreas-edler.de\/blog\/wp-content\/uploads\/2017\/06\/20170611_innenraum-300x153.jpg 300w, https:\/\/www.andreas-edler.de\/blog\/wp-content\/uploads\/2017\/06\/20170611_innenraum-450x230.jpg 450w, https:\/\/www.andreas-edler.de\/blog\/wp-content\/uploads\/2017\/06\/20170611_innenraum-600x306.jpg 600w, https:\/\/www.andreas-edler.de\/blog\/wp-content\/uploads\/2017\/06\/20170611_innenraum-900x459.jpg 900w, https:\/\/www.andreas-edler.de\/blog\/wp-content\/uploads\/2017\/06\/20170611_innenraum.jpg 1280w\" sizes=\"auto, (max-width: 470px) 100vw, 470px\" \/><\/a><figcaption id=\"caption-attachment-162020\" class=\"wp-caption-text\">Innenraum der HDI-Arena in Hannover<\/figcaption><\/figure><br \/>\nUnd wir hatten unglaublich viel Zeit, um uns &#8222;umzusehen&#8220;. Es war so ca. 17:30 Uhr und die Vorband sollte um 19:45 Uhr auftreten. Sind dann ein paar Mal um den Block gelaufen, haben noch eine (sauteure) Bratwurst gegessen, (sauteure) Cola aus Merchandising-Bechern getrunken und uns die Leute angesehen, die best\u00e4ndig auf und in das Stadiongel\u00e4nde str\u00f6mten. War schon interessant! Tim wollte immer noch kein T-Shirt, aber Fotos von den R\u00e4ngen ganz oben unter dem Dach machen &#8211; soll er mal hingehen. Ohne mich! ;-) Ich bin schon alt und muss die Treppen nicht hoch *h\u00fcstel*. Apropos alt, ich war bei weitem nicht der J\u00fcngste. Kunstst\u00fcck, die Jungs sind ja schon seit 1981 unterwegs, da ist es nicht verwunderlich, dass dort auch Fans waren, die mein Alter deutlich \u00fcberschritten hatten. Aber ich habe auch viele Eltern gesehen, die wie ich die Kinder dabei hatten. Und alles war absolut friedlich, alle gut gelaunt. <figure id=\"attachment_162021\" aria-describedby=\"caption-attachment-162021\" style=\"width: 470px\" class=\"wp-caption aligncenter\"><a href=\"http:\/\/www.andreas-edler.de\/blog\/wp-content\/uploads\/2017\/06\/20170611_vater_sohn.jpg\"><img loading=\"lazy\" decoding=\"async\" src=\"http:\/\/www.andreas-edler.de\/blog\/wp-content\/uploads\/2017\/06\/20170611_vater_sohn-470x264.jpg\" alt=\"\" width=\"470\" height=\"264\" class=\"size-large wp-image-162021\" srcset=\"https:\/\/www.andreas-edler.de\/blog\/wp-content\/uploads\/2017\/06\/20170611_vater_sohn-470x264.jpg 470w, https:\/\/www.andreas-edler.de\/blog\/wp-content\/uploads\/2017\/06\/20170611_vater_sohn-250x141.jpg 250w, https:\/\/www.andreas-edler.de\/blog\/wp-content\/uploads\/2017\/06\/20170611_vater_sohn-768x432.jpg 768w, https:\/\/www.andreas-edler.de\/blog\/wp-content\/uploads\/2017\/06\/20170611_vater_sohn-100x56.jpg 100w, https:\/\/www.andreas-edler.de\/blog\/wp-content\/uploads\/2017\/06\/20170611_vater_sohn-150x84.jpg 150w, https:\/\/www.andreas-edler.de\/blog\/wp-content\/uploads\/2017\/06\/20170611_vater_sohn-200x113.jpg 200w, https:\/\/www.andreas-edler.de\/blog\/wp-content\/uploads\/2017\/06\/20170611_vater_sohn-300x169.jpg 300w, https:\/\/www.andreas-edler.de\/blog\/wp-content\/uploads\/2017\/06\/20170611_vater_sohn-450x253.jpg 450w, https:\/\/www.andreas-edler.de\/blog\/wp-content\/uploads\/2017\/06\/20170611_vater_sohn-600x338.jpg 600w, https:\/\/www.andreas-edler.de\/blog\/wp-content\/uploads\/2017\/06\/20170611_vater_sohn-900x506.jpg 900w, https:\/\/www.andreas-edler.de\/blog\/wp-content\/uploads\/2017\/06\/20170611_vater_sohn.jpg 1280w\" sizes=\"auto, (max-width: 470px) 100vw, 470px\" \/><\/a><figcaption id=\"caption-attachment-162021\" class=\"wp-caption-text\">Papa mit Nachwusch 1.0<\/figcaption><\/figure> Wenn man \u00fcber zwei Stunden warten muss, wird es zwischendrin doch mal ein bisschen langweilig und wir habe auf unseren Plastikschalensitzen gesessen und auf dem Handy gedaddelt. Die Pl\u00e4tze waren \u00fcbrigens super! Ich wollte auf gar keinen Fall im Innenraum stehen, aber eben auch gerade auf die B\u00fchne gucken &#8211; nicht zuletzt, weil ich den \u00dcberblick \u00fcber das Stadion und die Zuschauer mag. Zuf\u00e4llig war direkt hinter unseren Sitzen der Eingang und zuf\u00e4llig waren unsere Schalensitze direkt neben den Stufen, so dass nicht ein einziger Besucher aufstehen musste, falls wir mal zwischendurch raus m\u00fcssten. Schon sehr bequem. <figure id=\"attachment_162023\" aria-describedby=\"caption-attachment-162023\" style=\"width: 470px\" class=\"wp-caption aligncenter\"><a href=\"http:\/\/www.andreas-edler.de\/blog\/wp-content\/uploads\/2017\/06\/20170611_algiers.jpg\"><img loading=\"lazy\" decoding=\"async\" src=\"http:\/\/www.andreas-edler.de\/blog\/wp-content\/uploads\/2017\/06\/20170611_algiers-470x256.jpg\" alt=\"\" width=\"470\" height=\"256\" class=\"size-large wp-image-162023\" srcset=\"https:\/\/www.andreas-edler.de\/blog\/wp-content\/uploads\/2017\/06\/20170611_algiers-470x256.jpg 470w, https:\/\/www.andreas-edler.de\/blog\/wp-content\/uploads\/2017\/06\/20170611_algiers-250x136.jpg 250w, https:\/\/www.andreas-edler.de\/blog\/wp-content\/uploads\/2017\/06\/20170611_algiers-768x419.jpg 768w, https:\/\/www.andreas-edler.de\/blog\/wp-content\/uploads\/2017\/06\/20170611_algiers-100x55.jpg 100w, https:\/\/www.andreas-edler.de\/blog\/wp-content\/uploads\/2017\/06\/20170611_algiers-150x82.jpg 150w, https:\/\/www.andreas-edler.de\/blog\/wp-content\/uploads\/2017\/06\/20170611_algiers-200x109.jpg 200w, https:\/\/www.andreas-edler.de\/blog\/wp-content\/uploads\/2017\/06\/20170611_algiers-300x164.jpg 300w, https:\/\/www.andreas-edler.de\/blog\/wp-content\/uploads\/2017\/06\/20170611_algiers-450x245.jpg 450w, https:\/\/www.andreas-edler.de\/blog\/wp-content\/uploads\/2017\/06\/20170611_algiers-600x327.jpg 600w, https:\/\/www.andreas-edler.de\/blog\/wp-content\/uploads\/2017\/06\/20170611_algiers-900x491.jpg 900w, https:\/\/www.andreas-edler.de\/blog\/wp-content\/uploads\/2017\/06\/20170611_algiers.jpg 1280w\" sizes=\"auto, (max-width: 470px) 100vw, 470px\" \/><\/a><figcaption id=\"caption-attachment-162023\" class=\"wp-caption-text\">Die Algiers<\/figcaption><\/figure> Dann war es endlich viertel vor 8 und v\u00f6llig unvermittelt fingen die &#8222;Algiers&#8220; an zu musizieren. Musik war es jedenfalls, wenn auch keine, die ich mir freiwillig noch einmal anh\u00f6ren m\u00f6chte. Positiv formuliert, w\u00fcrde ich sagen, die Band probiert Dinge aus. ich fand&#8217;s ganz schlimm. Auch Tim zeigte sich wenig begeistert. Ich meine mich zu erinnern, dass die Vorband in 2013 auch schon ganz schrecklich war. Da kann man da doch gleich drauf verzichten. Damals bei Michael Jackson war wenigstens noch Sabrina Setlur im Vorprogramm, aber so? Das Publikum direkt vor der B\u00fchne fand&#8217;s wohl nicht so schlecht und hat begeistert geklatscht. Auch um uns herum waren offensichtlich ein paar Leute ganz angetan. Gl\u00fccklicherweise sind die Geschm\u00e4cker verschieden.<br \/>\n<figure id=\"attachment_162026\" aria-describedby=\"caption-attachment-162026\" style=\"width: 470px\" class=\"wp-caption aligncenter\"><a href=\"http:\/\/www.andreas-edler.de\/blog\/wp-content\/uploads\/2017\/06\/20170611_viertelstunde_gespielt.jpg\"><img loading=\"lazy\" decoding=\"async\" src=\"http:\/\/www.andreas-edler.de\/blog\/wp-content\/uploads\/2017\/06\/20170611_viertelstunde_gespielt-470x281.jpg\" alt=\"\" width=\"470\" height=\"281\" class=\"size-large wp-image-162026\" srcset=\"https:\/\/www.andreas-edler.de\/blog\/wp-content\/uploads\/2017\/06\/20170611_viertelstunde_gespielt-470x281.jpg 470w, https:\/\/www.andreas-edler.de\/blog\/wp-content\/uploads\/2017\/06\/20170611_viertelstunde_gespielt-250x149.jpg 250w, https:\/\/www.andreas-edler.de\/blog\/wp-content\/uploads\/2017\/06\/20170611_viertelstunde_gespielt-768x458.jpg 768w, https:\/\/www.andreas-edler.de\/blog\/wp-content\/uploads\/2017\/06\/20170611_viertelstunde_gespielt-100x60.jpg 100w, https:\/\/www.andreas-edler.de\/blog\/wp-content\/uploads\/2017\/06\/20170611_viertelstunde_gespielt-150x90.jpg 150w, https:\/\/www.andreas-edler.de\/blog\/wp-content\/uploads\/2017\/06\/20170611_viertelstunde_gespielt-200x119.jpg 200w, https:\/\/www.andreas-edler.de\/blog\/wp-content\/uploads\/2017\/06\/20170611_viertelstunde_gespielt-300x179.jpg 300w, https:\/\/www.andreas-edler.de\/blog\/wp-content\/uploads\/2017\/06\/20170611_viertelstunde_gespielt-450x269.jpg 450w, https:\/\/www.andreas-edler.de\/blog\/wp-content\/uploads\/2017\/06\/20170611_viertelstunde_gespielt-600x358.jpg 600w, https:\/\/www.andreas-edler.de\/blog\/wp-content\/uploads\/2017\/06\/20170611_viertelstunde_gespielt-900x537.jpg 900w, https:\/\/www.andreas-edler.de\/blog\/wp-content\/uploads\/2017\/06\/20170611_viertelstunde_gespielt.jpg 1280w\" sizes=\"auto, (max-width: 470px) 100vw, 470px\" \/><\/a><figcaption id=\"caption-attachment-162026\" class=\"wp-caption-text\">Nach einer Viertelstunde &#8230;<\/figcaption><\/figure> Nicht ganz eine Dreiviertelstunde wurden <s>unsere Ohren maltr\u00e4tiert<\/s> wir musikalisch auf Depeche Mode eingestimmt. Um 21 Uhr sollten die alten Herren die B\u00fchne betreten. Aber bereits 20:40 Uhr wurden die ersten Instrumentaltakte gespielt, bis es dann um viertel vor Neun unvermittelt mit &#8222;Going Backwards&#8220; richtig losging. Ich muss gestehen, dass mir die neueren Lieder der Band nicht sooo gut gefallen und auch nicht besonders gel\u00e4ufig sind. Das Spirit-Album finde ich zum Anh\u00f6ren nicht schlecht, aber so ein richtiger Konzerthammer ist es irgendwie nicht. Aber die Mischung war insgesamt ganz gut. &#8222;Barrel of a gun&#8220; oder &#8222;A pain that I&#8217;m used to&#8220; sind schon klasse. <figure id=\"attachment_162025\" aria-describedby=\"caption-attachment-162025\" style=\"width: 470px\" class=\"wp-caption aligncenter\"><a href=\"http:\/\/www.andreas-edler.de\/blog\/wp-content\/uploads\/2017\/06\/20170611_dm1.jpg\"><img loading=\"lazy\" decoding=\"async\" src=\"http:\/\/www.andreas-edler.de\/blog\/wp-content\/uploads\/2017\/06\/20170611_dm1-470x279.jpg\" alt=\"\" width=\"470\" height=\"279\" class=\"size-large wp-image-162025\" srcset=\"https:\/\/www.andreas-edler.de\/blog\/wp-content\/uploads\/2017\/06\/20170611_dm1-470x279.jpg 470w, https:\/\/www.andreas-edler.de\/blog\/wp-content\/uploads\/2017\/06\/20170611_dm1-250x149.jpg 250w, https:\/\/www.andreas-edler.de\/blog\/wp-content\/uploads\/2017\/06\/20170611_dm1-768x457.jpg 768w, https:\/\/www.andreas-edler.de\/blog\/wp-content\/uploads\/2017\/06\/20170611_dm1-100x59.jpg 100w, https:\/\/www.andreas-edler.de\/blog\/wp-content\/uploads\/2017\/06\/20170611_dm1-150x89.jpg 150w, https:\/\/www.andreas-edler.de\/blog\/wp-content\/uploads\/2017\/06\/20170611_dm1-200x119.jpg 200w, https:\/\/www.andreas-edler.de\/blog\/wp-content\/uploads\/2017\/06\/20170611_dm1-300x178.jpg 300w, https:\/\/www.andreas-edler.de\/blog\/wp-content\/uploads\/2017\/06\/20170611_dm1-450x268.jpg 450w, https:\/\/www.andreas-edler.de\/blog\/wp-content\/uploads\/2017\/06\/20170611_dm1-600x357.jpg 600w, https:\/\/www.andreas-edler.de\/blog\/wp-content\/uploads\/2017\/06\/20170611_dm1-900x535.jpg 900w, https:\/\/www.andreas-edler.de\/blog\/wp-content\/uploads\/2017\/06\/20170611_dm1.jpg 1280w\" sizes=\"auto, (max-width: 470px) 100vw, 470px\" \/><\/a><figcaption id=\"caption-attachment-162025\" class=\"wp-caption-text\">Anfangs auf den R\u00e4ngen noch ruhige Stimmung, vor der B\u00fchne aber Party.<\/figcaption><\/figure> Wir sa\u00dfen in Block S12 und damit in einem Bereich, der wohl am l\u00e4ngsten von allen auf den Sitzen geblieben ist. Ich bin ja nun aus OWL und sicher ein besonders typische Exemplar dieser Menschen, aber sogar ich wollte bei &#8222;World in my eyes&#8220; schon aufstehen. Allerdings auch nicht den anderen vor der Nase stehen. Die erste Dreiviertelstunde bis Stunde war da noch recht zur\u00fcckhaltend. Aber sp\u00e4testens als Martin anfing &#8222;A question of Lust&#8220; zu singen, waren dann doch alle aufrecht. Und ab da hat es dann auch mir richtig, richtig gut gefallen. <figure id=\"attachment_162024\" aria-describedby=\"caption-attachment-162024\" style=\"width: 470px\" class=\"wp-caption aligncenter\"><a href=\"http:\/\/www.andreas-edler.de\/blog\/wp-content\/uploads\/2017\/06\/20170611_dm2.jpg\"><img loading=\"lazy\" decoding=\"async\" src=\"http:\/\/www.andreas-edler.de\/blog\/wp-content\/uploads\/2017\/06\/20170611_dm2-470x223.jpg\" alt=\"\" width=\"470\" height=\"223\" class=\"size-large wp-image-162024\" srcset=\"https:\/\/www.andreas-edler.de\/blog\/wp-content\/uploads\/2017\/06\/20170611_dm2-470x223.jpg 470w, https:\/\/www.andreas-edler.de\/blog\/wp-content\/uploads\/2017\/06\/20170611_dm2-250x118.jpg 250w, https:\/\/www.andreas-edler.de\/blog\/wp-content\/uploads\/2017\/06\/20170611_dm2-768x364.jpg 768w, https:\/\/www.andreas-edler.de\/blog\/wp-content\/uploads\/2017\/06\/20170611_dm2-100x47.jpg 100w, https:\/\/www.andreas-edler.de\/blog\/wp-content\/uploads\/2017\/06\/20170611_dm2-150x71.jpg 150w, https:\/\/www.andreas-edler.de\/blog\/wp-content\/uploads\/2017\/06\/20170611_dm2-200x95.jpg 200w, https:\/\/www.andreas-edler.de\/blog\/wp-content\/uploads\/2017\/06\/20170611_dm2-300x142.jpg 300w, https:\/\/www.andreas-edler.de\/blog\/wp-content\/uploads\/2017\/06\/20170611_dm2-450x213.jpg 450w, https:\/\/www.andreas-edler.de\/blog\/wp-content\/uploads\/2017\/06\/20170611_dm2-600x284.jpg 600w, https:\/\/www.andreas-edler.de\/blog\/wp-content\/uploads\/2017\/06\/20170611_dm2-900x426.jpg 900w, https:\/\/www.andreas-edler.de\/blog\/wp-content\/uploads\/2017\/06\/20170611_dm2.jpg 1280w\" sizes=\"auto, (max-width: 470px) 100vw, 470px\" \/><\/a><figcaption id=\"caption-attachment-162024\" class=\"wp-caption-text\">Where&#8217;s the revolution<\/figcaption><\/figure> Sp\u00e4testens bei &#8222;Everything Counts&#8220; war dann auf allen R\u00e4ngen tanzen und mitsingen angesagt. Auch ohne Trapez und Schaukel oder Vulkane auf der B\u00fchne kann man ein Publikum mitreissen. Man muss es halt nur drauf haben! Und das haben die echt. Tim war auch ganz begeistert und war am mitwippen. <figure id=\"attachment_162030\" aria-describedby=\"caption-attachment-162030\" style=\"width: 470px\" class=\"wp-caption aligncenter\"><a href=\"http:\/\/www.andreas-edler.de\/blog\/wp-content\/uploads\/2017\/06\/20170611_dm3.jpg\"><img loading=\"lazy\" decoding=\"async\" src=\"http:\/\/www.andreas-edler.de\/blog\/wp-content\/uploads\/2017\/06\/20170611_dm3-470x239.jpg\" alt=\"\" width=\"470\" height=\"239\" class=\"size-large wp-image-162030\" srcset=\"https:\/\/www.andreas-edler.de\/blog\/wp-content\/uploads\/2017\/06\/20170611_dm3-470x239.jpg 470w, https:\/\/www.andreas-edler.de\/blog\/wp-content\/uploads\/2017\/06\/20170611_dm3-250x127.jpg 250w, https:\/\/www.andreas-edler.de\/blog\/wp-content\/uploads\/2017\/06\/20170611_dm3-768x391.jpg 768w, https:\/\/www.andreas-edler.de\/blog\/wp-content\/uploads\/2017\/06\/20170611_dm3-100x51.jpg 100w, https:\/\/www.andreas-edler.de\/blog\/wp-content\/uploads\/2017\/06\/20170611_dm3-150x76.jpg 150w, https:\/\/www.andreas-edler.de\/blog\/wp-content\/uploads\/2017\/06\/20170611_dm3-200x102.jpg 200w, https:\/\/www.andreas-edler.de\/blog\/wp-content\/uploads\/2017\/06\/20170611_dm3-300x153.jpg 300w, https:\/\/www.andreas-edler.de\/blog\/wp-content\/uploads\/2017\/06\/20170611_dm3-450x229.jpg 450w, https:\/\/www.andreas-edler.de\/blog\/wp-content\/uploads\/2017\/06\/20170611_dm3-600x306.jpg 600w, https:\/\/www.andreas-edler.de\/blog\/wp-content\/uploads\/2017\/06\/20170611_dm3-900x458.jpg 900w, https:\/\/www.andreas-edler.de\/blog\/wp-content\/uploads\/2017\/06\/20170611_dm3.jpg 1280w\" sizes=\"auto, (max-width: 470px) 100vw, 470px\" \/><\/a><figcaption id=\"caption-attachment-162030\" class=\"wp-caption-text\">Somebody<\/figcaption><\/figure> Nach einer ganz kleinen Pause, die wohl nur die Zugaben einleiten sollte, ging es mit &#8222;Somebody&#8220; weiter. Fantastisch. <figure id=\"attachment_162029\" aria-describedby=\"caption-attachment-162029\" style=\"width: 470px\" class=\"wp-caption aligncenter\"><a href=\"http:\/\/www.andreas-edler.de\/blog\/wp-content\/uploads\/2017\/06\/20170611_dm4.jpg\"><img loading=\"lazy\" decoding=\"async\" src=\"http:\/\/www.andreas-edler.de\/blog\/wp-content\/uploads\/2017\/06\/20170611_dm4-470x286.jpg\" alt=\"\" width=\"470\" height=\"286\" class=\"size-large wp-image-162029\" srcset=\"https:\/\/www.andreas-edler.de\/blog\/wp-content\/uploads\/2017\/06\/20170611_dm4-470x286.jpg 470w, https:\/\/www.andreas-edler.de\/blog\/wp-content\/uploads\/2017\/06\/20170611_dm4-250x152.jpg 250w, https:\/\/www.andreas-edler.de\/blog\/wp-content\/uploads\/2017\/06\/20170611_dm4-768x467.jpg 768w, https:\/\/www.andreas-edler.de\/blog\/wp-content\/uploads\/2017\/06\/20170611_dm4-100x61.jpg 100w, https:\/\/www.andreas-edler.de\/blog\/wp-content\/uploads\/2017\/06\/20170611_dm4-150x91.jpg 150w, https:\/\/www.andreas-edler.de\/blog\/wp-content\/uploads\/2017\/06\/20170611_dm4-200x122.jpg 200w, https:\/\/www.andreas-edler.de\/blog\/wp-content\/uploads\/2017\/06\/20170611_dm4-300x182.jpg 300w, https:\/\/www.andreas-edler.de\/blog\/wp-content\/uploads\/2017\/06\/20170611_dm4-450x274.jpg 450w, https:\/\/www.andreas-edler.de\/blog\/wp-content\/uploads\/2017\/06\/20170611_dm4-600x365.jpg 600w, https:\/\/www.andreas-edler.de\/blog\/wp-content\/uploads\/2017\/06\/20170611_dm4-900x547.jpg 900w, https:\/\/www.andreas-edler.de\/blog\/wp-content\/uploads\/2017\/06\/20170611_dm4.jpg 1280w\" sizes=\"auto, (max-width: 470px) 100vw, 470px\" \/><\/a><figcaption id=\"caption-attachment-162029\" class=\"wp-caption-text\">Dave Gahan<\/figcaption><\/figure> F\u00fcnf Lieder gab es in der Zugabe und das Konzert dauerte insgesamt \u00fcber zwei Stunden. Da hat sich das Geld wahrhaftig mehr als gelohnt. Ich habe anfangs Tim noch ein paarmal gefragt, ob es doch nicht so toll sei. Sein Gesichtsausdruck war doch ein wenig stoisch, aber er versicherte mir, dass er alles klasse findet. ich glaube gegen Ende war er einfach nur m\u00fcde und sa\u00df dann bei &#8222;I feel you&#8220; auch nur auf seinem Hintern. Als dann zum Schlu\u00df noch &#8222;Personal Jesus&#8220; gespielt wurde, ist er dann auch wieder aufgesprungen. <figure id=\"attachment_162028\" aria-describedby=\"caption-attachment-162028\" style=\"width: 470px\" class=\"wp-caption aligncenter\"><a href=\"http:\/\/www.andreas-edler.de\/blog\/wp-content\/uploads\/2017\/06\/20170611_stadionpanorama.jpg\"><img loading=\"lazy\" decoding=\"async\" src=\"http:\/\/www.andreas-edler.de\/blog\/wp-content\/uploads\/2017\/06\/20170611_stadionpanorama-470x133.jpg\" alt=\"\" width=\"470\" height=\"133\" class=\"size-large wp-image-162028\" srcset=\"https:\/\/www.andreas-edler.de\/blog\/wp-content\/uploads\/2017\/06\/20170611_stadionpanorama-470x133.jpg 470w, https:\/\/www.andreas-edler.de\/blog\/wp-content\/uploads\/2017\/06\/20170611_stadionpanorama-250x71.jpg 250w, https:\/\/www.andreas-edler.de\/blog\/wp-content\/uploads\/2017\/06\/20170611_stadionpanorama-768x217.jpg 768w, https:\/\/www.andreas-edler.de\/blog\/wp-content\/uploads\/2017\/06\/20170611_stadionpanorama-100x28.jpg 100w, https:\/\/www.andreas-edler.de\/blog\/wp-content\/uploads\/2017\/06\/20170611_stadionpanorama-150x42.jpg 150w, https:\/\/www.andreas-edler.de\/blog\/wp-content\/uploads\/2017\/06\/20170611_stadionpanorama-200x56.jpg 200w, https:\/\/www.andreas-edler.de\/blog\/wp-content\/uploads\/2017\/06\/20170611_stadionpanorama-300x85.jpg 300w, https:\/\/www.andreas-edler.de\/blog\/wp-content\/uploads\/2017\/06\/20170611_stadionpanorama-450x127.jpg 450w, https:\/\/www.andreas-edler.de\/blog\/wp-content\/uploads\/2017\/06\/20170611_stadionpanorama-600x169.jpg 600w, https:\/\/www.andreas-edler.de\/blog\/wp-content\/uploads\/2017\/06\/20170611_stadionpanorama-900x254.jpg 900w, https:\/\/www.andreas-edler.de\/blog\/wp-content\/uploads\/2017\/06\/20170611_stadionpanorama.jpg 1280w\" sizes=\"auto, (max-width: 470px) 100vw, 470px\" \/><\/a><figcaption id=\"caption-attachment-162028\" class=\"wp-caption-text\">Lichter an bei Somebody<\/figcaption><\/figure> War das sch\u00f6n! Auf der Treppe wurde mir dann gesagt &#8222;War total geil!&#8220; und als wir am letzten Merchandising-Stand vorbei kamen, mussten wir dann doch noch T-Shirts kaufen :-)<\/p>\n<p>Den Weg zum Auto haben wir nicht alleine zur\u00fcck gelegt, da auch andere die geniale Idee hatten, in dem Parkhaus zu stehen. Bis zur B6 kamen wir dann trotzdem gut durch, um danach aber im Stau zu stehen. Wollten halt alle nach Hause. Auf der Autobahn hat sich um Bad Eilsen rum dann noch jemand mit der Betonbegrenzung angelegt, der Audi-Kombi war wahrscheinlich zu langsam und konnte der Wand nicht mehr ausweichen. Wir standen daf\u00fcr 30 Minuten bl\u00f6d rum. Und um halb zwei waren wir dann endlich im Bett! Ein super Sonntag!<\/p>\n","protected":false},"excerpt":{"rendered":"<p>Ich bzw. wir sind ja keine gro\u00dfen Konzertg\u00e4nger. Habe ich schon mal hier aufgelistet. Und die lange Wartezeit seit dem Blog bis zum damals angek\u00fcndigten Konzert war dann gestern endlich rum! Zwei Tage vor Einlass schickte der Veranstalter noch mal &hellip;<\/p>\n<p class=\"read-more\"> <a class=\"more-link\" href=\"https:\/\/www.andreas-edler.de\/blog\/2017\/06\/depeche-mode-in-hannover-2017\/\"> <span class=\"screen-reader-text\">Depeche Mode in Hannover 2017<\/span> Weiterlesen &raquo;<\/a><\/p>\n","protected":false},"author":1,"featured_media":0,"comment_status":"open","ping_status":"open","sticky":false,"template":"","format":"standard","meta":{"ngg_post_thumbnail":0,"activitypub_content_warning":"","activitypub_content_visibility":"","activitypub_max_image_attachments":2,"activitypub_interaction_policy_quote":"anyone","activitypub_status":"","footnotes":""},"categories":[1],"tags":[17,289,64,29,5],"class_list":["post-162014","post","type-post","status-publish","format-standard","hentry","category-allgemein","tag-auf-der-piste","tag-depeche-mode","tag-konsum","tag-musik","tag-unterwegs"],"share_on_mastodon":{"url":"","error":""},"_links":{"self":[{"href":"https:\/\/www.andreas-edler.de\/blog\/wp-json\/wp\/v2\/posts\/162014","targetHints":{"allow":["GET"]}}],"collection":[{"href":"https:\/\/www.andreas-edler.de\/blog\/wp-json\/wp\/v2\/posts"}],"about":[{"href":"https:\/\/www.andreas-edler.de\/blog\/wp-json\/wp\/v2\/types\/post"}],"author":[{"embeddable":true,"href":"https:\/\/www.andreas-edler.de\/blog\/wp-json\/wp\/v2\/users\/1"}],"replies":[{"embeddable":true,"href":"https:\/\/www.andreas-edler.de\/blog\/wp-json\/wp\/v2\/comments?post=162014"}],"version-history":[{"count":0,"href":"https:\/\/www.andreas-edler.de\/blog\/wp-json\/wp\/v2\/posts\/162014\/revisions"}],"wp:attachment":[{"href":"https:\/\/www.andreas-edler.de\/blog\/wp-json\/wp\/v2\/media?parent=162014"}],"wp:term":[{"taxonomy":"category","embeddable":true,"href":"https:\/\/www.andreas-edler.de\/blog\/wp-json\/wp\/v2\/categories?post=162014"},{"taxonomy":"post_tag","embeddable":true,"href":"https:\/\/www.andreas-edler.de\/blog\/wp-json\/wp\/v2\/tags?post=162014"}],"curies":[{"name":"wp","href":"https:\/\/api.w.org\/{rel}","templated":true}]}}