{"id":16182,"date":"2012-11-12T19:32:26","date_gmt":"2012-11-12T18:32:26","guid":{"rendered":"http:\/\/www.andreas-edler.de\/blog\/?p=16182"},"modified":"2013-11-02T14:36:52","modified_gmt":"2013-11-02T13:36:52","slug":"absolute-mehrheit","status":"publish","type":"post","link":"https:\/\/www.andreas-edler.de\/blog\/2012\/11\/absolute-mehrheit\/","title":{"rendered":"Absolute Mehrheit"},"content":{"rendered":"<p>Seit Wochen wird dar\u00fcber geredet und gestern war&#8217;s dann soweit. Stefan Raab startete auf Pro7 seinen Polittalk mit direkter R\u00fcckmeldung des Publikums an die Diskutanten. Ich fand das Konzept sehr gut. Denn bei MaischillJauWill sitzen doch die G\u00e4ste, reden v\u00f6llig ungehemmt und freuen sich nach der Sendung an ihren eigenen Weisheiten. Was der Rezipient davon h\u00e4lt bekommt er nicht mit &#8211; und es interessiert wahrscheinlich noch nicht einmal. Genau dieses Manko eliminiert &#8222;Absolute Mehrheit&#8220; &#8211; theoretisch.<!--more--><\/p>\n<p>Praktisch war die Sendung noch ein bisschen holprig. Raab rutschte anfangs noch ein bisschen ins Zotige, fing sich aber alsbald. Routine ist das, was ihm in der eher seri\u00f6sen Sendung noch fehlt. Wenn er ernst bleiben soll &#8211; was nicht bissig oder flapsig ausschlie\u00dfen muss &#8211; kommt er ins Trudeln. Unterhaltsamer als der Schwiegersohn Jauch ist er aber allemal. Letzterer ist auch nicht immer im Thema, verpackt das nur eloquenter. Mir gefiel das schon ganz gut, hat aber noch viel Potential nach oben.<\/p>\n<p>So sollte man z.B. die Zwischenst\u00e4nde weglassen. Das bietet je Thema ca. 10 Minuten mehr Redezeit und stoppt nicht den Diskussionsfluss. Bei so einer Sendung sollte es nicht darum gehen, dass der Sender an den SMS und Anrufen Geld verdient und darum noch &#8222;Ruf mich an&#8220;-Pausen einbaut. Wenn man die Schiene Politik etwas ernsthaft angehen m\u00f6chte, dann sollte man sich das verkneifen.<br \/>\nWeiterhin m\u00fcssen die Leute, die rausgew\u00e4hlt werden, den Mund halten. Punkt. Sonst macht das Ganze echt keinen Sinn. Fuchs redete und redete, obwohl er gar nicht mehr gew\u00e4hlt werden durfte und nahm dadurch den anderen Zeit weg. Genauso Frau Delius beim letzten Thema. Ja, das ist unter Umst\u00e4nden ungerecht, wenn man in seiner Paradedisziplin nicht mehr dabei ist, aber so ist das. Das Leben ist kein Ponyhof.<\/p>\n<p>Ich glaube &#8222;Absolute Mehrheit&#8220; kann was werden. Wenn nicht nach 3 Sendungen die Flinte ins Korn geworfen wird und die G\u00e4ste aus den anderen Talkshows kommen. Denn genau die will man bei so einem Konzept als Zuschauer sehen!<\/p>\n","protected":false},"excerpt":{"rendered":"<p>Seit Wochen wird dar\u00fcber geredet und gestern war&#8217;s dann soweit. Stefan Raab startete auf Pro7 seinen Polittalk mit direkter R\u00fcckmeldung des Publikums an die Diskutanten. Ich fand das Konzept sehr gut. Denn bei MaischillJauWill sitzen doch die G\u00e4ste, reden v\u00f6llig &hellip;<\/p>\n<p class=\"read-more\"> <a class=\"more-link\" href=\"https:\/\/www.andreas-edler.de\/blog\/2012\/11\/absolute-mehrheit\/\"> <span class=\"screen-reader-text\">Absolute Mehrheit<\/span> Weiterlesen &raquo;<\/a><\/p>\n","protected":false},"author":1,"featured_media":0,"comment_status":"open","ping_status":"open","sticky":false,"template":"","format":"standard","meta":{"ngg_post_thumbnail":0,"activitypub_content_warning":"","activitypub_content_visibility":"","activitypub_max_image_attachments":2,"activitypub_interaction_policy_quote":"anyone","activitypub_status":"","footnotes":""},"categories":[1],"tags":[12,34,23,28],"class_list":["post-16182","post","type-post","status-publish","format-standard","hentry","category-allgemein","tag-fernsehen","tag-kommunikation","tag-medien","tag-test"],"share_on_mastodon":{"url":"","error":""},"_links":{"self":[{"href":"https:\/\/www.andreas-edler.de\/blog\/wp-json\/wp\/v2\/posts\/16182","targetHints":{"allow":["GET"]}}],"collection":[{"href":"https:\/\/www.andreas-edler.de\/blog\/wp-json\/wp\/v2\/posts"}],"about":[{"href":"https:\/\/www.andreas-edler.de\/blog\/wp-json\/wp\/v2\/types\/post"}],"author":[{"embeddable":true,"href":"https:\/\/www.andreas-edler.de\/blog\/wp-json\/wp\/v2\/users\/1"}],"replies":[{"embeddable":true,"href":"https:\/\/www.andreas-edler.de\/blog\/wp-json\/wp\/v2\/comments?post=16182"}],"version-history":[{"count":0,"href":"https:\/\/www.andreas-edler.de\/blog\/wp-json\/wp\/v2\/posts\/16182\/revisions"}],"wp:attachment":[{"href":"https:\/\/www.andreas-edler.de\/blog\/wp-json\/wp\/v2\/media?parent=16182"}],"wp:term":[{"taxonomy":"category","embeddable":true,"href":"https:\/\/www.andreas-edler.de\/blog\/wp-json\/wp\/v2\/categories?post=16182"},{"taxonomy":"post_tag","embeddable":true,"href":"https:\/\/www.andreas-edler.de\/blog\/wp-json\/wp\/v2\/tags?post=16182"}],"curies":[{"name":"wp","href":"https:\/\/api.w.org\/{rel}","templated":true}]}}