{"id":16174,"date":"2012-11-12T18:02:34","date_gmt":"2012-11-12T17:02:34","guid":{"rendered":"http:\/\/www.andreas-edler.de\/blog\/?p=16174"},"modified":"2012-11-12T21:55:49","modified_gmt":"2012-11-12T20:55:49","slug":"feierabendrunde-56","status":"publish","type":"post","link":"https:\/\/www.andreas-edler.de\/blog\/2012\/11\/feierabendrunde-56\/","title":{"rendered":"Feierabendrunde"},"content":{"rendered":"<p>Ich bin irgendwie unlustig. Muss wirklich dringend mehr raus und weniger \u00fcber den ganzen Mist, der so passiert, nachdenken. Also trotz einbrechender Dunkelheit auf&#8217;s Rad und eine Minirunde gedreht.<\/p>\n<p>Hat auch nur 4 Kilometer gedauert, bis die frische Luft und das daraus resultierende gute Gef\u00fchl durch einen eher minderbef\u00e4higten KFZ-Treiber in einem Kleinwagen mit Bielefelder Kennzeichen zunichte gemacht wurde. Kurz vor der Einm\u00fcndung zum WEZ-Weserstra\u00dfe f\u00e4hrt er langsam mit nicht mal Armesl\u00e4nge an mir vorbei, um mich dann gepflegt auszubremsen, da er auf den WEZ-Parkplatz wollte. Als ich ihn sehr h\u00f6flich darauf ansprach, belehrte er mich nur, ich m\u00fcsse mein Licht anmachen (sowohl die Reelights, als auch die Sigma Evo-X brannten w\u00e4hrend der Fahrt lichterloh), als auch nicht mitten auf der Stra\u00dfe fahren (ich war in der rechten Fahrspur unterwegs &#8211; kein benutzungspflichtiger Radweg). Dass er sich falsch verhalten haben k\u00f6nnte, kam ihm gar nicht in den Sinn. Habe ihm noch verbal den Orden &#8222;Held des Stra\u00dfenverkehrs&#8220; verliehen und bin weiter gefahren.<\/p>\n<p>Durch solche Aktionen sterben Menschen im Stra\u00dfenverkehr! So einfach ist das.<\/p>\n<p>13 Km | 22,5 Km\/h Schnitt | 45 Km\/h max. | 97 H\u00f6henmeter<\/p>\n","protected":false},"excerpt":{"rendered":"<p>Ich bin irgendwie unlustig. Muss wirklich dringend mehr raus und weniger \u00fcber den ganzen Mist, der so passiert, nachdenken. Also trotz einbrechender Dunkelheit auf&#8217;s Rad und eine Minirunde gedreht. Hat auch nur 4 Kilometer gedauert, bis die frische Luft und &hellip;<\/p>\n<p class=\"read-more\"> <a class=\"more-link\" href=\"https:\/\/www.andreas-edler.de\/blog\/2012\/11\/feierabendrunde-56\/\"> <span class=\"screen-reader-text\">Feierabendrunde<\/span> Weiterlesen &raquo;<\/a><\/p>\n","protected":false},"author":1,"featured_media":0,"comment_status":"open","ping_status":"open","sticky":false,"template":"","format":"standard","meta":{"ngg_post_thumbnail":0,"activitypub_content_warning":"","activitypub_content_visibility":"","activitypub_max_image_attachments":2,"activitypub_interaction_policy_quote":"anyone","activitypub_status":"","footnotes":""},"categories":[15],"tags":[66,76],"class_list":["post-16174","post","type-post","status-publish","format-standard","hentry","category-fahrrad","tag-mecker","tag-sicherheit"],"share_on_mastodon":{"url":"","error":""},"_links":{"self":[{"href":"https:\/\/www.andreas-edler.de\/blog\/wp-json\/wp\/v2\/posts\/16174","targetHints":{"allow":["GET"]}}],"collection":[{"href":"https:\/\/www.andreas-edler.de\/blog\/wp-json\/wp\/v2\/posts"}],"about":[{"href":"https:\/\/www.andreas-edler.de\/blog\/wp-json\/wp\/v2\/types\/post"}],"author":[{"embeddable":true,"href":"https:\/\/www.andreas-edler.de\/blog\/wp-json\/wp\/v2\/users\/1"}],"replies":[{"embeddable":true,"href":"https:\/\/www.andreas-edler.de\/blog\/wp-json\/wp\/v2\/comments?post=16174"}],"version-history":[{"count":0,"href":"https:\/\/www.andreas-edler.de\/blog\/wp-json\/wp\/v2\/posts\/16174\/revisions"}],"wp:attachment":[{"href":"https:\/\/www.andreas-edler.de\/blog\/wp-json\/wp\/v2\/media?parent=16174"}],"wp:term":[{"taxonomy":"category","embeddable":true,"href":"https:\/\/www.andreas-edler.de\/blog\/wp-json\/wp\/v2\/categories?post=16174"},{"taxonomy":"post_tag","embeddable":true,"href":"https:\/\/www.andreas-edler.de\/blog\/wp-json\/wp\/v2\/tags?post=16174"}],"curies":[{"name":"wp","href":"https:\/\/api.w.org\/{rel}","templated":true}]}}