{"id":161152,"date":"2017-05-19T17:15:46","date_gmt":"2017-05-19T15:15:46","guid":{"rendered":"http:\/\/www.andreas-edler.de\/blog\/?p=161152"},"modified":"2019-04-12T18:33:27","modified_gmt":"2019-04-12T16:33:27","slug":"fahrradklimatest-2016-fuer-bad-oeynhausen","status":"publish","type":"post","link":"https:\/\/www.andreas-edler.de\/blog\/2017\/05\/fahrradklimatest-2016-fuer-bad-oeynhausen\/","title":{"rendered":"Fahrradklimatest 2016 f\u00fcr Bad Oeynhausen"},"content":{"rendered":"<div class=\"bild\" style=\"font-size: smaller;\"><img decoding=\"async\" src=\"http:\/\/www.andreas-edler.de\/grafik\/logo_rad.png\" alt=\"Logo: Fahrrad\" title=\"Logo: Fahrrad\" width=\"250\" border=\"0\"><\/div>\n<p> Ich habe nichts anderes erwartet. Wenn ich mich richtig erinnere, hat Bad Oeynhausen im letzten Jahr zum zweiten Mal genug Teilnehmer f\u00fcr das Auftauchen im alle zwei Jahre durchgef\u00fchrten <a href=\"http:\/\/www.fahrradklima-test.de\/\">Fahrradklimatest des ADFC<\/a> gehabt. Im Jahr 2014 sind wir dabei auf Platz 275 von 292 gelisteten St\u00e4dten (Gruppe bis 50.000 Einwohner) gelandet. Die Gesamtnote war mit 4,3 alles andere als gut. <!--more--><\/p>\n<p>Heute wurde dann die Auswertung der letzten Umfrage ver\u00f6ffentlicht und Bad Oeynhausen hat es geschafft, die Note nicht zu verschlechtern! Gl\u00fcckwunsch dazu! Erneut Gesamtnote 4,3 reichte f\u00fcr Platz 342 von 364 in der Gr\u00f6\u00dfenordnung bis 50.000 Einwohner. Positiv f\u00fcr den Radverkehr in Bad Oeynhausen ist, dass das Stadtzentrum und andere Ziel in der Stadt gut zu erreichen sind und man diese auch findet. Ansonsten haben die Abstimmenden genau das bem\u00e4ngelt, was ich hier auch immer schreibe.<br \/>\n<figure id=\"attachment_161153\" aria-describedby=\"caption-attachment-161153\" style=\"width: 470px\" class=\"wp-caption aligncenter\"><a href=\"http:\/\/www.andreas-edler.de\/blog\/wp-content\/uploads\/2017\/05\/20170519_bahnhof_abstellanlage_rampe.jpg\"><img loading=\"lazy\" decoding=\"async\" src=\"http:\/\/www.andreas-edler.de\/blog\/wp-content\/uploads\/2017\/05\/20170519_bahnhof_abstellanlage_rampe-470x206.jpg\" alt=\"\" width=\"470\" height=\"206\" class=\"size-large wp-image-161153\" srcset=\"https:\/\/www.andreas-edler.de\/blog\/wp-content\/uploads\/2017\/05\/20170519_bahnhof_abstellanlage_rampe-470x206.jpg 470w, https:\/\/www.andreas-edler.de\/blog\/wp-content\/uploads\/2017\/05\/20170519_bahnhof_abstellanlage_rampe-250x110.jpg 250w, https:\/\/www.andreas-edler.de\/blog\/wp-content\/uploads\/2017\/05\/20170519_bahnhof_abstellanlage_rampe-768x337.jpg 768w, https:\/\/www.andreas-edler.de\/blog\/wp-content\/uploads\/2017\/05\/20170519_bahnhof_abstellanlage_rampe-100x44.jpg 100w, https:\/\/www.andreas-edler.de\/blog\/wp-content\/uploads\/2017\/05\/20170519_bahnhof_abstellanlage_rampe-150x66.jpg 150w, https:\/\/www.andreas-edler.de\/blog\/wp-content\/uploads\/2017\/05\/20170519_bahnhof_abstellanlage_rampe-200x88.jpg 200w, https:\/\/www.andreas-edler.de\/blog\/wp-content\/uploads\/2017\/05\/20170519_bahnhof_abstellanlage_rampe-300x132.jpg 300w, https:\/\/www.andreas-edler.de\/blog\/wp-content\/uploads\/2017\/05\/20170519_bahnhof_abstellanlage_rampe-450x198.jpg 450w, https:\/\/www.andreas-edler.de\/blog\/wp-content\/uploads\/2017\/05\/20170519_bahnhof_abstellanlage_rampe-600x263.jpg 600w, https:\/\/www.andreas-edler.de\/blog\/wp-content\/uploads\/2017\/05\/20170519_bahnhof_abstellanlage_rampe-900x395.jpg 900w, https:\/\/www.andreas-edler.de\/blog\/wp-content\/uploads\/2017\/05\/20170519_bahnhof_abstellanlage_rampe.jpg 1280w\" sizes=\"auto, (max-width: 470px) 100vw, 470px\" \/><\/a><figcaption id=\"caption-attachment-161153\" class=\"wp-caption-text\">Kaum sind Anlehnb\u00fcgel da, werden sie auch genutzt!<\/figcaption><\/figure><br \/>\nDie Radwege sind eine Zumutung, Baustellenbeschilderungen werden nach Lust und Laune, meist aber in den Weg, gestellt und ob jemand die Radverkehrsanlagen zuparkt, interessiert in der Stadt niemanden. Alles was passiert, passiert halbherzig. Leuchtturmaktionen wie <a href=\"http:\/\/www.andreas-edler.de\/blog\/2016\/04\/mit-dem-rad-zur-arbeit-ohne-mich\/\">Mit dem Rad zur Arbeit<\/a> oder das <a href=\"http:\/\/www.andreas-edler.de\/blog\/2016\/06\/stadtradeln\/\">Stadtradeln<\/a> helfen leider niemandem. Damit bekommt man h\u00f6chsten ein oder zwei Presseartikel, nachhaltige St\u00e4rkung des Radverkehrs ist mit sowas leider Fehlanzeige.<br \/>\n<figure id=\"attachment_161154\" aria-describedby=\"caption-attachment-161154\" style=\"width: 470px\" class=\"wp-caption aligncenter\"><a href=\"http:\/\/www.andreas-edler.de\/blog\/wp-content\/uploads\/2017\/05\/20170519_bahnhof_abstellanlage_kneipe.jpg\"><img loading=\"lazy\" decoding=\"async\" src=\"http:\/\/www.andreas-edler.de\/blog\/wp-content\/uploads\/2017\/05\/20170519_bahnhof_abstellanlage_kneipe-470x139.jpg\" alt=\"\" width=\"470\" height=\"139\" class=\"size-large wp-image-161154\" srcset=\"https:\/\/www.andreas-edler.de\/blog\/wp-content\/uploads\/2017\/05\/20170519_bahnhof_abstellanlage_kneipe-470x139.jpg 470w, https:\/\/www.andreas-edler.de\/blog\/wp-content\/uploads\/2017\/05\/20170519_bahnhof_abstellanlage_kneipe-250x74.jpg 250w, https:\/\/www.andreas-edler.de\/blog\/wp-content\/uploads\/2017\/05\/20170519_bahnhof_abstellanlage_kneipe-768x227.jpg 768w, https:\/\/www.andreas-edler.de\/blog\/wp-content\/uploads\/2017\/05\/20170519_bahnhof_abstellanlage_kneipe-100x30.jpg 100w, https:\/\/www.andreas-edler.de\/blog\/wp-content\/uploads\/2017\/05\/20170519_bahnhof_abstellanlage_kneipe-150x44.jpg 150w, https:\/\/www.andreas-edler.de\/blog\/wp-content\/uploads\/2017\/05\/20170519_bahnhof_abstellanlage_kneipe-200x59.jpg 200w, https:\/\/www.andreas-edler.de\/blog\/wp-content\/uploads\/2017\/05\/20170519_bahnhof_abstellanlage_kneipe-300x89.jpg 300w, https:\/\/www.andreas-edler.de\/blog\/wp-content\/uploads\/2017\/05\/20170519_bahnhof_abstellanlage_kneipe-450x133.jpg 450w, https:\/\/www.andreas-edler.de\/blog\/wp-content\/uploads\/2017\/05\/20170519_bahnhof_abstellanlage_kneipe-600x177.jpg 600w, https:\/\/www.andreas-edler.de\/blog\/wp-content\/uploads\/2017\/05\/20170519_bahnhof_abstellanlage_kneipe-900x266.jpg 900w, https:\/\/www.andreas-edler.de\/blog\/wp-content\/uploads\/2017\/05\/20170519_bahnhof_abstellanlage_kneipe.jpg 1280w\" sizes=\"auto, (max-width: 470px) 100vw, 470px\" \/><\/a><figcaption id=\"caption-attachment-161154\" class=\"wp-caption-text\">Schon bei der Vorstellung habe ich gesagt, dass die Pl\u00e4tze hinten in der Ecke von mir sicher nicht genutzt werden. In der dunklen Ecke &#8230; der Rest ist aber voll!<\/figcaption><\/figure><br \/>\n&#8222;Wenn wir was f\u00fcr Radfahrer tun sollen, dann zeigt euch!&#8220; wird mir von der Verwaltung gesagt. Liebe Leute, wir sind da! Die neu geschaffenen Abstellanlagen am Bahnhof sind doch sofort voll belegt und trotzdem wird &#8222;die Rampe&#8220; weiter als Abstellfl\u00e4che genutzt. Es ist Bedarf vorhanden! Nur weil die nicht alle so laut sind wie ich, hei\u00dft das doch nicht, dass die alles toll finden. Im Gegenteil &#8230; der Fahrradklimatest zeigt es ja. Ich frage mich wirklich, was passieren muss, um das Denken zu \u00e4ndern.<\/p>\n","protected":false},"excerpt":{"rendered":"<p>Ich habe nichts anderes erwartet. Wenn ich mich richtig erinnere, hat Bad Oeynhausen im letzten Jahr zum zweiten Mal genug Teilnehmer f\u00fcr das Auftauchen im alle zwei Jahre durchgef\u00fchrten Fahrradklimatest des ADFC gehabt. Im Jahr 2014 sind wir dabei auf &hellip;<\/p>\n<p class=\"read-more\"> <a class=\"more-link\" href=\"https:\/\/www.andreas-edler.de\/blog\/2017\/05\/fahrradklimatest-2016-fuer-bad-oeynhausen\/\"> <span class=\"screen-reader-text\">Fahrradklimatest 2016 f\u00fcr Bad Oeynhausen<\/span> Weiterlesen &raquo;<\/a><\/p>\n","protected":false},"author":1,"featured_media":0,"comment_status":"open","ping_status":"open","sticky":false,"template":"","format":"standard","meta":{"ngg_post_thumbnail":0,"activitypub_content_warning":"","activitypub_content_visibility":"","activitypub_max_image_attachments":2,"activitypub_interaction_policy_quote":"anyone","activitypub_status":"","footnotes":""},"categories":[14,15,45,13],"tags":[109,110,406,75,251,72],"class_list":["post-161152","post","type-post","status-publish","format-standard","hentry","category-bad-oeynhausen","category-fahrrad","category-politik","category-verkehr","tag-adfc","tag-fahrradfreundliche-stadt","tag-fahrradklimatest","tag-grun","tag-infrastruktur","tag-verwaltung"],"share_on_mastodon":{"url":"","error":""},"_links":{"self":[{"href":"https:\/\/www.andreas-edler.de\/blog\/wp-json\/wp\/v2\/posts\/161152","targetHints":{"allow":["GET"]}}],"collection":[{"href":"https:\/\/www.andreas-edler.de\/blog\/wp-json\/wp\/v2\/posts"}],"about":[{"href":"https:\/\/www.andreas-edler.de\/blog\/wp-json\/wp\/v2\/types\/post"}],"author":[{"embeddable":true,"href":"https:\/\/www.andreas-edler.de\/blog\/wp-json\/wp\/v2\/users\/1"}],"replies":[{"embeddable":true,"href":"https:\/\/www.andreas-edler.de\/blog\/wp-json\/wp\/v2\/comments?post=161152"}],"version-history":[{"count":0,"href":"https:\/\/www.andreas-edler.de\/blog\/wp-json\/wp\/v2\/posts\/161152\/revisions"}],"wp:attachment":[{"href":"https:\/\/www.andreas-edler.de\/blog\/wp-json\/wp\/v2\/media?parent=161152"}],"wp:term":[{"taxonomy":"category","embeddable":true,"href":"https:\/\/www.andreas-edler.de\/blog\/wp-json\/wp\/v2\/categories?post=161152"},{"taxonomy":"post_tag","embeddable":true,"href":"https:\/\/www.andreas-edler.de\/blog\/wp-json\/wp\/v2\/tags?post=161152"}],"curies":[{"name":"wp","href":"https:\/\/api.w.org\/{rel}","templated":true}]}}