{"id":161089,"date":"2017-04-26T14:13:12","date_gmt":"2017-04-26T12:13:12","guid":{"rendered":"http:\/\/www.andreas-edler.de\/blog\/?p=161089"},"modified":"2017-04-26T08:45:04","modified_gmt":"2017-04-26T06:45:04","slug":"bei-stau-in-die-kreuzung-einfahren","status":"publish","type":"post","link":"https:\/\/www.andreas-edler.de\/blog\/2017\/04\/bei-stau-in-die-kreuzung-einfahren\/","title":{"rendered":"Bei Stau in die Kreuzung einfahren"},"content":{"rendered":"<p>Das lernt eigentlich jeder Fahranf\u00e4nger in der Schule f\u00fcr den F\u00fchrerschein: man f\u00e4hrt nicht in eine Kreuzung, wenn es dort absehbar nicht weiter geht und man die Kreuzung somit blockieren w\u00fcrde. Eine halbe Stunde nach Bestehen der Fahrpr\u00fcfung hat das aber anscheinend jeder hinter dem Steuer eines Kraftfahrzeuges vergessen. Meiner Erfahrung nach tun sich Kraftfahrer, die aufgrund ihres Berufes auf den F\u00fchrerschein angewiesen sind, merkw\u00fcrdigerweise besonders hervor, wenn es um die Auslegung und das Vergessen von Regeln geht. <!--more--><\/p>\n<p>Heute morgen fuhr ich auf die Rad- und Fu\u00dfwegquerung der Mindener Stra\u00dfe im Verlauf der Eidinghausener und Steinstra\u00dfe zu. Die Ampel der Querung zeigte f\u00fcr mich und das halbe Dutzend Sch\u00fcler rot. Alle hielten brav. Auch die lange Schlange LKW und PKW, die nat\u00fcrlich bei Stau auf der Mindener Stra\u00dfe quer die Steinstra\u00dfe blockierten. Da es aber immer langsam voran geht, l\u00f6ste sich das so langsam auf und immer wieder fuhr ein vorschriftsm\u00e4\u00dfig an der Rad- und Gehwegquerung wartendes KFZ in die Kreuzung, sobald wieder etwas Luft war. Nat\u00fcrlich irgendwann auch bei orange.<\/p>\n<p>Der letzte LKW-Fahrer beobachtet die Orange-Phase ganz genau, rollte, rollte, guckte auf die Ampel, f\u00fcr mit seiner Zugmaschine auf die Querung und &#8230; bremste abrupt, als das Licht v\u00f6llig \u00fcberraschend doch von orange auf rot wechselte. Dabei stand er dann komplett \u00fcber der Querungshilfe. Solche Menschen sind Arschl\u00f6cher und ich bin der Meinung, es kann sich nur etwas \u00e4ndern, wenn man ihnen das auch sagt. Immer \u00f6fter &#8211; t\u00e4glich! &#8211; kann man beobachten, dass KFZ-F\u00fchrer orange nicht mehr als &#8222;Achtung, bremsen&#8220; wahrnehmen. Der Fu\u00df wird erst vom Gaspedal genommen, wenn die Ampel wirklich rot zeigt. In der Konsequenz f\u00e4hrt eigentlich bei so gut wie jeder Ampelphase ein Fahrzeug bei extrem dunkelorange oder eben auch rot \u00fcber die Kreuzung. An der ampelgesteuerten Fu\u00dfg\u00e4ngerquerung \u00fcber die Eidinghausener Stra\u00dfe in H\u00f6he des D\u00f6rgen passiert das sogar h\u00e4ufig dann, wenn die Fu\u00dfg\u00e4ngerquerung bereits gr\u00fcn zeigt.<\/p>\n<p>Und was tut die daf\u00fcr zust\u00e4ndige Exekutive? Sie weist darauf hin, dass Radfahrer bitte einen Helm tragen sollen und dass Wahnwesten vor Unf\u00e4llen sch\u00fctzen. Tolle Wurst!<\/p>\n","protected":false},"excerpt":{"rendered":"<p>Das lernt eigentlich jeder Fahranf\u00e4nger in der Schule f\u00fcr den F\u00fchrerschein: man f\u00e4hrt nicht in eine Kreuzung, wenn es dort absehbar nicht weiter geht und man die Kreuzung somit blockieren w\u00fcrde. Eine halbe Stunde nach Bestehen der Fahrpr\u00fcfung hat das &hellip;<\/p>\n<p class=\"read-more\"> <a class=\"more-link\" href=\"https:\/\/www.andreas-edler.de\/blog\/2017\/04\/bei-stau-in-die-kreuzung-einfahren\/\"> <span class=\"screen-reader-text\">Bei Stau in die Kreuzung einfahren<\/span> Weiterlesen &raquo;<\/a><\/p>\n","protected":false},"author":1,"featured_media":0,"comment_status":"open","ping_status":"open","sticky":false,"template":"","format":"standard","meta":{"ngg_post_thumbnail":0,"activitypub_content_warning":"","activitypub_content_visibility":"","activitypub_max_image_attachments":2,"activitypub_interaction_policy_quote":"anyone","activitypub_status":"","footnotes":""},"categories":[15,18,13],"tags":[37,63,127,71,76],"class_list":["post-161089","post","type-post","status-publish","format-standard","hentry","category-fahrrad","category-fraglich","category-verkehr","tag-auto","tag-benehmen","tag-polizei","tag-regeln","tag-sicherheit"],"share_on_mastodon":{"url":"","error":""},"_links":{"self":[{"href":"https:\/\/www.andreas-edler.de\/blog\/wp-json\/wp\/v2\/posts\/161089","targetHints":{"allow":["GET"]}}],"collection":[{"href":"https:\/\/www.andreas-edler.de\/blog\/wp-json\/wp\/v2\/posts"}],"about":[{"href":"https:\/\/www.andreas-edler.de\/blog\/wp-json\/wp\/v2\/types\/post"}],"author":[{"embeddable":true,"href":"https:\/\/www.andreas-edler.de\/blog\/wp-json\/wp\/v2\/users\/1"}],"replies":[{"embeddable":true,"href":"https:\/\/www.andreas-edler.de\/blog\/wp-json\/wp\/v2\/comments?post=161089"}],"version-history":[{"count":0,"href":"https:\/\/www.andreas-edler.de\/blog\/wp-json\/wp\/v2\/posts\/161089\/revisions"}],"wp:attachment":[{"href":"https:\/\/www.andreas-edler.de\/blog\/wp-json\/wp\/v2\/media?parent=161089"}],"wp:term":[{"taxonomy":"category","embeddable":true,"href":"https:\/\/www.andreas-edler.de\/blog\/wp-json\/wp\/v2\/categories?post=161089"},{"taxonomy":"post_tag","embeddable":true,"href":"https:\/\/www.andreas-edler.de\/blog\/wp-json\/wp\/v2\/tags?post=161089"}],"curies":[{"name":"wp","href":"https:\/\/api.w.org\/{rel}","templated":true}]}}