{"id":161057,"date":"2017-04-11T21:35:07","date_gmt":"2017-04-11T19:35:07","guid":{"rendered":"http:\/\/www.andreas-edler.de\/blog\/?p=161057"},"modified":"2019-08-10T20:30:46","modified_gmt":"2019-08-10T18:30:46","slug":"skoda-yeti-individualisieren","status":"publish","type":"post","link":"https:\/\/www.andreas-edler.de\/blog\/2017\/04\/skoda-yeti-individualisieren\/","title":{"rendered":"Skoda Yeti individualisieren"},"content":{"rendered":"<p>Angeblich f\u00e4llt der Yeti Monte Carlo auch so schon auf &#8211; wurde mir getwittert. Ein paar Dinge habe ich aber trotzdem noch ver\u00e4ndert, einfach weil es mir gef\u00e4llt und weil man das machen sollte, wenn man so ein Spielzeug neu hat. Dann hat man auch l\u00e4nger Freude an den Kleinigkeiten :-) Wie beim ersten Yeti habe ich auf die <a href=\"https:\/\/www.andreas-edler.de\/blog\/2011\/12\/weihnachtsgeschenke-fuer-den-yeti\/\">Scheinwerfer kleine Abdeckungen<\/a> gebastelt. Diesmal allerdings in der Wagenfarbe Corrida-Rot.<br \/>\n<figure id=\"attachment_161058\" aria-describedby=\"caption-attachment-161058\" style=\"width: 470px\" class=\"wp-caption aligncenter\"><a href=\"http:\/\/www.andreas-edler.de\/blog\/wp-content\/uploads\/2017\/04\/20170411_scheinwerferabdeckungen.jpg\"><img loading=\"lazy\" decoding=\"async\" src=\"http:\/\/www.andreas-edler.de\/blog\/wp-content\/uploads\/2017\/04\/20170411_scheinwerferabdeckungen-470x195.jpg\" alt=\"\" width=\"470\" height=\"195\" class=\"size-large wp-image-161058\" srcset=\"https:\/\/www.andreas-edler.de\/blog\/wp-content\/uploads\/2017\/04\/20170411_scheinwerferabdeckungen-470x195.jpg 470w, https:\/\/www.andreas-edler.de\/blog\/wp-content\/uploads\/2017\/04\/20170411_scheinwerferabdeckungen-250x104.jpg 250w, https:\/\/www.andreas-edler.de\/blog\/wp-content\/uploads\/2017\/04\/20170411_scheinwerferabdeckungen-768x319.jpg 768w, https:\/\/www.andreas-edler.de\/blog\/wp-content\/uploads\/2017\/04\/20170411_scheinwerferabdeckungen-100x42.jpg 100w, https:\/\/www.andreas-edler.de\/blog\/wp-content\/uploads\/2017\/04\/20170411_scheinwerferabdeckungen-150x62.jpg 150w, https:\/\/www.andreas-edler.de\/blog\/wp-content\/uploads\/2017\/04\/20170411_scheinwerferabdeckungen-200x83.jpg 200w, https:\/\/www.andreas-edler.de\/blog\/wp-content\/uploads\/2017\/04\/20170411_scheinwerferabdeckungen-300x125.jpg 300w, https:\/\/www.andreas-edler.de\/blog\/wp-content\/uploads\/2017\/04\/20170411_scheinwerferabdeckungen-450x187.jpg 450w, https:\/\/www.andreas-edler.de\/blog\/wp-content\/uploads\/2017\/04\/20170411_scheinwerferabdeckungen-600x249.jpg 600w, https:\/\/www.andreas-edler.de\/blog\/wp-content\/uploads\/2017\/04\/20170411_scheinwerferabdeckungen-900x374.jpg 900w, https:\/\/www.andreas-edler.de\/blog\/wp-content\/uploads\/2017\/04\/20170411_scheinwerferabdeckungen.jpg 1280w\" sizes=\"auto, (max-width: 470px) 100vw, 470px\" \/><\/a><figcaption id=\"caption-attachment-161058\" class=\"wp-caption-text\">Scheinwerferabdeckungen in Wagenfarbe<\/figcaption><\/figure> <!--more--><\/p>\n<p>Ich finde das einfach stimmiger. Dazu gab es f\u00fcr die Seitenscheiben noch Windabweiser von Clim-Air. Die Sehen nicht besonders aufregend aus &#8211; im Gegenteil, das hat was von <a href=\"http:\/\/www.andreas-edler.de\/blog\/2013\/12\/opa-auto\/\">Opa-Auto<\/a> &#8211; aber sie erf\u00fcllen ihren Zweck hervorragend!<br \/>\n<figure id=\"attachment_161060\" aria-describedby=\"caption-attachment-161060\" style=\"width: 470px\" class=\"wp-caption aligncenter\"><a href=\"http:\/\/www.andreas-edler.de\/blog\/wp-content\/uploads\/2017\/04\/20170411_windabweiser.jpg\"><img loading=\"lazy\" decoding=\"async\" src=\"http:\/\/www.andreas-edler.de\/blog\/wp-content\/uploads\/2017\/04\/20170411_windabweiser-470x208.jpg\" alt=\"\" width=\"470\" height=\"208\" class=\"size-large wp-image-161060\" srcset=\"https:\/\/www.andreas-edler.de\/blog\/wp-content\/uploads\/2017\/04\/20170411_windabweiser-470x208.jpg 470w, https:\/\/www.andreas-edler.de\/blog\/wp-content\/uploads\/2017\/04\/20170411_windabweiser-250x111.jpg 250w, https:\/\/www.andreas-edler.de\/blog\/wp-content\/uploads\/2017\/04\/20170411_windabweiser-768x340.jpg 768w, https:\/\/www.andreas-edler.de\/blog\/wp-content\/uploads\/2017\/04\/20170411_windabweiser-100x44.jpg 100w, https:\/\/www.andreas-edler.de\/blog\/wp-content\/uploads\/2017\/04\/20170411_windabweiser-150x66.jpg 150w, https:\/\/www.andreas-edler.de\/blog\/wp-content\/uploads\/2017\/04\/20170411_windabweiser-200x89.jpg 200w, https:\/\/www.andreas-edler.de\/blog\/wp-content\/uploads\/2017\/04\/20170411_windabweiser-300x133.jpg 300w, https:\/\/www.andreas-edler.de\/blog\/wp-content\/uploads\/2017\/04\/20170411_windabweiser-450x199.jpg 450w, https:\/\/www.andreas-edler.de\/blog\/wp-content\/uploads\/2017\/04\/20170411_windabweiser-600x266.jpg 600w, https:\/\/www.andreas-edler.de\/blog\/wp-content\/uploads\/2017\/04\/20170411_windabweiser-900x399.jpg 900w, https:\/\/www.andreas-edler.de\/blog\/wp-content\/uploads\/2017\/04\/20170411_windabweiser.jpg 1280w\" sizes=\"auto, (max-width: 470px) 100vw, 470px\" \/><\/a><figcaption id=\"caption-attachment-161060\" class=\"wp-caption-text\">Windabweiser vorne und hinten<\/figcaption><\/figure><\/p>\n<p>Man kann dann n\u00e4mlich auch bei Regen die Scheiben ein wenig ge\u00f6ffnet lassen, ohne dass es innen nass wird. Und au\u00dferdem weisen sie auch den Wind ab. Wenn die Scheiben ganz unten sind, zieht es ein bisschen weniger. Zus\u00e4tzlich frieren die Scheiben im Winter nicht an den Dichtungen fest und lassen sich auch bei eisigen Temperaturen bewegen.<\/p>\n<p>F\u00fcr den Innenraum gab&#8217;s auch wieder was.<br \/>\n<figure id=\"attachment_161059\" aria-describedby=\"caption-attachment-161059\" style=\"width: 470px\" class=\"wp-caption aligncenter\"><a href=\"http:\/\/www.andreas-edler.de\/blog\/wp-content\/uploads\/2017\/04\/20170411_schublade.jpg\"><img loading=\"lazy\" decoding=\"async\" src=\"http:\/\/www.andreas-edler.de\/blog\/wp-content\/uploads\/2017\/04\/20170411_schublade-470x208.jpg\" alt=\"\" width=\"470\" height=\"208\" class=\"size-large wp-image-161059\" srcset=\"https:\/\/www.andreas-edler.de\/blog\/wp-content\/uploads\/2017\/04\/20170411_schublade-470x208.jpg 470w, https:\/\/www.andreas-edler.de\/blog\/wp-content\/uploads\/2017\/04\/20170411_schublade-250x111.jpg 250w, https:\/\/www.andreas-edler.de\/blog\/wp-content\/uploads\/2017\/04\/20170411_schublade-768x340.jpg 768w, https:\/\/www.andreas-edler.de\/blog\/wp-content\/uploads\/2017\/04\/20170411_schublade-100x44.jpg 100w, https:\/\/www.andreas-edler.de\/blog\/wp-content\/uploads\/2017\/04\/20170411_schublade-150x66.jpg 150w, https:\/\/www.andreas-edler.de\/blog\/wp-content\/uploads\/2017\/04\/20170411_schublade-200x89.jpg 200w, https:\/\/www.andreas-edler.de\/blog\/wp-content\/uploads\/2017\/04\/20170411_schublade-300x133.jpg 300w, https:\/\/www.andreas-edler.de\/blog\/wp-content\/uploads\/2017\/04\/20170411_schublade-450x199.jpg 450w, https:\/\/www.andreas-edler.de\/blog\/wp-content\/uploads\/2017\/04\/20170411_schublade-600x266.jpg 600w, https:\/\/www.andreas-edler.de\/blog\/wp-content\/uploads\/2017\/04\/20170411_schublade-900x399.jpg 900w, https:\/\/www.andreas-edler.de\/blog\/wp-content\/uploads\/2017\/04\/20170411_schublade.jpg 1280w\" sizes=\"auto, (max-width: 470px) 100vw, 470px\" \/><\/a><figcaption id=\"caption-attachment-161059\" class=\"wp-caption-text\">Krimskrams-Schublade<\/figcaption><\/figure><\/p>\n<p>Der Monte-Carlo hatte auch nur unter dem Beifahrersitz eine Schublade. Die habe ich f\u00fcr den Fahrersitz dann nat\u00fcrlich auch wieder nachbestellt und darunter gepriemelt. War die gleiche Fummelei wie beim letzten Auto. Ist aber ziemlich praktisch und darum musste das sein.<br \/>\n<figure id=\"attachment_161061\" aria-describedby=\"caption-attachment-161061\" style=\"width: 470px\" class=\"wp-caption aligncenter\"><a href=\"http:\/\/www.andreas-edler.de\/blog\/wp-content\/uploads\/2017\/04\/20170411_kinderspiegel.jpg\"><img loading=\"lazy\" decoding=\"async\" src=\"http:\/\/www.andreas-edler.de\/blog\/wp-content\/uploads\/2017\/04\/20170411_kinderspiegel-470x208.jpg\" alt=\"\" width=\"470\" height=\"208\" class=\"size-large wp-image-161061\" srcset=\"https:\/\/www.andreas-edler.de\/blog\/wp-content\/uploads\/2017\/04\/20170411_kinderspiegel-470x208.jpg 470w, https:\/\/www.andreas-edler.de\/blog\/wp-content\/uploads\/2017\/04\/20170411_kinderspiegel-250x111.jpg 250w, https:\/\/www.andreas-edler.de\/blog\/wp-content\/uploads\/2017\/04\/20170411_kinderspiegel-768x340.jpg 768w, https:\/\/www.andreas-edler.de\/blog\/wp-content\/uploads\/2017\/04\/20170411_kinderspiegel-100x44.jpg 100w, https:\/\/www.andreas-edler.de\/blog\/wp-content\/uploads\/2017\/04\/20170411_kinderspiegel-150x66.jpg 150w, https:\/\/www.andreas-edler.de\/blog\/wp-content\/uploads\/2017\/04\/20170411_kinderspiegel-200x89.jpg 200w, https:\/\/www.andreas-edler.de\/blog\/wp-content\/uploads\/2017\/04\/20170411_kinderspiegel-300x133.jpg 300w, https:\/\/www.andreas-edler.de\/blog\/wp-content\/uploads\/2017\/04\/20170411_kinderspiegel-450x199.jpg 450w, https:\/\/www.andreas-edler.de\/blog\/wp-content\/uploads\/2017\/04\/20170411_kinderspiegel-600x266.jpg 600w, https:\/\/www.andreas-edler.de\/blog\/wp-content\/uploads\/2017\/04\/20170411_kinderspiegel-900x399.jpg 900w, https:\/\/www.andreas-edler.de\/blog\/wp-content\/uploads\/2017\/04\/20170411_kinderspiegel.jpg 1280w\" sizes=\"auto, (max-width: 470px) 100vw, 470px\" \/><\/a><figcaption id=\"caption-attachment-161061\" class=\"wp-caption-text\">Zweiter R\u00fcckspiegel<\/figcaption><\/figure><\/p>\n<p>Und da wir ja nun so lange wir diesen Yeti fahren werden mindestens zu dritt unterwegs sind, habe ich auch noch einen zweiten R\u00fcckspiegel geordert. Damit kann ich dann den Nachwuchs in der zweiten Reihe besser im Blick haben. Gef\u00e4llt mir nach ein paar Tagen schon ganz gut. Die Schublade und der Spiegel sind \u00fcbrigens Original-Skoda-Zubeh\u00f6r. Gibt&#8217;s f\u00fcr humane Preise bei <a href=\"http:\/\/www.superskoda.com\">www.superskoda.com<\/a> :-) (F\u00fcr den Link kriege ich \u00fcbrigens nichts.)<\/p>\n","protected":false},"excerpt":{"rendered":"<p>Angeblich f\u00e4llt der Yeti Monte Carlo auch so schon auf &#8211; wurde mir getwittert. Ein paar Dinge habe ich aber trotzdem noch ver\u00e4ndert, einfach weil es mir gef\u00e4llt und weil man das machen sollte, wenn man so ein Spielzeug neu &hellip;<\/p>\n<p class=\"read-more\"> <a class=\"more-link\" href=\"https:\/\/www.andreas-edler.de\/blog\/2017\/04\/skoda-yeti-individualisieren\/\"> <span class=\"screen-reader-text\">Skoda Yeti individualisieren<\/span> Weiterlesen &raquo;<\/a><\/p>\n","protected":false},"author":1,"featured_media":0,"comment_status":"open","ping_status":"open","sticky":false,"template":"","format":"standard","meta":{"ngg_post_thumbnail":0,"activitypub_content_warning":"","activitypub_content_visibility":"","activitypub_max_image_attachments":2,"activitypub_interaction_policy_quote":"anyone","activitypub_status":"","footnotes":""},"categories":[22],"tags":[37,49,64,209],"class_list":["post-161057","post","type-post","status-publish","format-standard","hentry","category-basteln","tag-auto","tag-hardware","tag-konsum","tag-skoda-yeti"],"share_on_mastodon":{"url":"","error":""},"_links":{"self":[{"href":"https:\/\/www.andreas-edler.de\/blog\/wp-json\/wp\/v2\/posts\/161057","targetHints":{"allow":["GET"]}}],"collection":[{"href":"https:\/\/www.andreas-edler.de\/blog\/wp-json\/wp\/v2\/posts"}],"about":[{"href":"https:\/\/www.andreas-edler.de\/blog\/wp-json\/wp\/v2\/types\/post"}],"author":[{"embeddable":true,"href":"https:\/\/www.andreas-edler.de\/blog\/wp-json\/wp\/v2\/users\/1"}],"replies":[{"embeddable":true,"href":"https:\/\/www.andreas-edler.de\/blog\/wp-json\/wp\/v2\/comments?post=161057"}],"version-history":[{"count":0,"href":"https:\/\/www.andreas-edler.de\/blog\/wp-json\/wp\/v2\/posts\/161057\/revisions"}],"wp:attachment":[{"href":"https:\/\/www.andreas-edler.de\/blog\/wp-json\/wp\/v2\/media?parent=161057"}],"wp:term":[{"taxonomy":"category","embeddable":true,"href":"https:\/\/www.andreas-edler.de\/blog\/wp-json\/wp\/v2\/categories?post=161057"},{"taxonomy":"post_tag","embeddable":true,"href":"https:\/\/www.andreas-edler.de\/blog\/wp-json\/wp\/v2\/tags?post=161057"}],"curies":[{"name":"wp","href":"https:\/\/api.w.org\/{rel}","templated":true}]}}