{"id":160969,"date":"2017-03-23T21:45:28","date_gmt":"2017-03-23T20:45:28","guid":{"rendered":"http:\/\/www.andreas-edler.de\/blog\/?p=160969"},"modified":"2017-03-24T11:30:12","modified_gmt":"2017-03-24T10:30:12","slug":"tief-stehende-sonne-toetet-radfahrerin","status":"publish","type":"post","link":"https:\/\/www.andreas-edler.de\/blog\/2017\/03\/tief-stehende-sonne-toetet-radfahrerin\/","title":{"rendered":"Tief stehende Sonne t\u00f6tet Radfahrerin"},"content":{"rendered":"<p>Ich habe in der Fahrschule beigebracht bekommen, dass ich nur dann fahren darf, wenn ich die Strecke um mich herum sehen kann. Blindflug ist verboten &#8211; und saugef\u00e4hrlich. Und ich halte mich daran. Leider machen das einige nicht. Im Gegenteil, es wird sogar noch als &#8222;Entschuldigung&#8220; angef\u00fchrt!<\/p>\n<p><cite>Polizei Minden-L\u00fcbbecke vom 22.03.2017: <b><a href=\"http:\/\/www.presseportal.de\/blaulicht\/pm\/43553\/3592643\">Linienbus erfasst Radfahrerin beim Abbiegen auf die Viktoriastra\u00dfe<\/a><\/b><br \/>\n&#8230; Der Busfahrer gab gegen\u00fcber den Polizisten an, dass ihm beim Abbiegen die tiefstehende Sonne geblendet habe &#8230;<\/cite> <!--more--><\/p>\n<p>In dem Fall ist die Radfahrerin gl\u00fccklicherweise &#8222;nur&#8220; verletzt worden. Bei einem \u00e4hnlich gelagerten Fall vor zwei Tagen in Rotenburg ist die &#8222;\u00fcbersehene&#8220; 16j\u00e4hrige Radfahrerin leider verstorben. Get\u00f6tet von einem LKW-Fahrer, der seinen Angaben nach<\/p>\n<p><cite>Kreiszeitung vom 21.03.2017: <b><a href=\"https:\/\/www.kreiszeitung.de\/lokales\/rotenburg\/rotenburg-ort120515\/16-jaehrige-radlerin-stirbt-unfall-7932974.html\">16-j\u00e4hrige Radlerin stirbt bei Unfall<\/a><\/b><br \/>\n&#8230; Der 28 Jahre alte Lkw-Fahrer aus dem Landkreis Cuxhaven hat angegeben, dass er die Radfahrer wegen der tief stehenden Sonne nicht gesehen habe &#8230;<\/cite><\/p>\n<p>ebenfalls nicht sehen konnte, wohin er f\u00e4hrt. Ich finde diese Aussagen zum Kotzen! Da wird ganz offensichtlich das Sichtfahrgebot missachtet, nicht ordentlich aufgepasst und nach eigener Aussage blind drauf los gefahren und das wird von der Polizei auch noch als &#8222;tragischer Unfall&#8220; gewertet. Leider, leider, leider ist genau das auch noch gesellschaftlich akzeptiert. Schulterzucken, da kann man nichts machen.<\/p>\n<p>Doch, kann man. Man k\u00f6nnte einen zweiten Menschen ins F\u00fchrerhaus setzen. Klar, kostet Geld. Aber kann man Menschenleben in Geld bewerten? Und vielleicht k\u00f6nnte man in solchen Meldungen auch mal deutlich machen, dass die Fahrer der motorisierten Fahrzeuge hier ganz gravierend etwas falsch gemacht haben. Ich habe wirklich gar kein Mitleid mit den Fahrern, denen dann teilweise in Foren noch gute Besserung gew\u00fcnscht wird. Die haben fahrl\u00e4ssig einen Menschen get\u00f6tet, obwohl es ihr Job ist! Zu der \u00dcbersichtlichkeit der Situation der letzten Meldung hat in einer Radgruppe jemand ein Video der Kreuzung ver\u00f6ffentlicht. Ich finde das nicht besonders un\u00fcbersichtlich. Man muss nur auch gucken wollen! Macht man das nicht, ist man meiner Meinung auch nicht mehr fahrl\u00e4ssig unterwegs &#8230; das ist mindestens schon &#8222;in Kauf nehmend&#8220;.<\/p>\n<p>Meinem Empfinden nach wird der Verkehr auf der Stra\u00dfe immer egoistischer und r\u00fccksichtsloser &#8211; und das haupts\u00e4chlich durch motorisierte Verkehrsteilnehmer. Und diejenigen, die beruflich motorisiert unterwegs sind, noch mal etwas mehr als andere. Parken im absoluten Halteverbot entgegen der Fahrtrichtung? Klar, der Hermesbote m\u00fcsste ja sonst die gesamte Fahrbahnbreite der 30-Zone fu\u00dfl\u00e4ufig \u00fcberqueren. Mit dem Q7 auf dem Radweg gegen\u00fcber Stahl&#8217;s-Bratwurst parken? Ja soll der denn von der Irmer-Parkbucht zu Fu\u00df bis zur Wurst gehen? Mit dem Taxi Radfahrer an den Bordstein dr\u00fccken? Wo k\u00e4men wir denn hin, wenn der 20 Meter hinter mir bleiben m\u00fcsste. Geschimpft wird aber immer nur auf Radfahrer! Die sind sicher auch nicht alle Engel &#8211; gef\u00e4hrden bei Fehlverhalten aber in allererster Linie sich selbst. KFZ-Fahrer gef\u00e4hrden die anderen &#8211; mit fatalen Folgen! Das ist der gravierende Unterschied!<\/p>\n","protected":false},"excerpt":{"rendered":"<p>Ich habe in der Fahrschule beigebracht bekommen, dass ich nur dann fahren darf, wenn ich die Strecke um mich herum sehen kann. Blindflug ist verboten &#8211; und saugef\u00e4hrlich. Und ich halte mich daran. Leider machen das einige nicht. Im Gegenteil, &hellip;<\/p>\n<p class=\"read-more\"> <a class=\"more-link\" href=\"https:\/\/www.andreas-edler.de\/blog\/2017\/03\/tief-stehende-sonne-toetet-radfahrerin\/\"> <span class=\"screen-reader-text\">Tief stehende Sonne t\u00f6tet Radfahrerin<\/span> Weiterlesen &raquo;<\/a><\/p>\n","protected":false},"author":1,"featured_media":0,"comment_status":"open","ping_status":"open","sticky":false,"template":"","format":"standard","meta":{"ngg_post_thumbnail":0,"activitypub_content_warning":"","activitypub_content_visibility":"","activitypub_max_image_attachments":2,"activitypub_interaction_policy_quote":"anyone","activitypub_status":"","footnotes":""},"categories":[15,18,13],"tags":[63,71],"class_list":["post-160969","post","type-post","status-publish","format-standard","hentry","category-fahrrad","category-fraglich","category-verkehr","tag-benehmen","tag-regeln"],"share_on_mastodon":{"url":"","error":""},"_links":{"self":[{"href":"https:\/\/www.andreas-edler.de\/blog\/wp-json\/wp\/v2\/posts\/160969","targetHints":{"allow":["GET"]}}],"collection":[{"href":"https:\/\/www.andreas-edler.de\/blog\/wp-json\/wp\/v2\/posts"}],"about":[{"href":"https:\/\/www.andreas-edler.de\/blog\/wp-json\/wp\/v2\/types\/post"}],"author":[{"embeddable":true,"href":"https:\/\/www.andreas-edler.de\/blog\/wp-json\/wp\/v2\/users\/1"}],"replies":[{"embeddable":true,"href":"https:\/\/www.andreas-edler.de\/blog\/wp-json\/wp\/v2\/comments?post=160969"}],"version-history":[{"count":0,"href":"https:\/\/www.andreas-edler.de\/blog\/wp-json\/wp\/v2\/posts\/160969\/revisions"}],"wp:attachment":[{"href":"https:\/\/www.andreas-edler.de\/blog\/wp-json\/wp\/v2\/media?parent=160969"}],"wp:term":[{"taxonomy":"category","embeddable":true,"href":"https:\/\/www.andreas-edler.de\/blog\/wp-json\/wp\/v2\/categories?post=160969"},{"taxonomy":"post_tag","embeddable":true,"href":"https:\/\/www.andreas-edler.de\/blog\/wp-json\/wp\/v2\/tags?post=160969"}],"curies":[{"name":"wp","href":"https:\/\/api.w.org\/{rel}","templated":true}]}}