{"id":160927,"date":"2017-03-02T16:22:40","date_gmt":"2017-03-02T15:22:40","guid":{"rendered":"http:\/\/www.andreas-edler.de\/blog\/?p=160927"},"modified":"2019-08-10T20:37:58","modified_gmt":"2019-08-10T18:37:58","slug":"neues-auto-oder-nicht","status":"publish","type":"post","link":"https:\/\/www.andreas-edler.de\/blog\/2017\/03\/neues-auto-oder-nicht\/","title":{"rendered":"Neues Auto oder nicht?"},"content":{"rendered":"<p>Als mir der Arzt nach der OP er\u00f6ffnete, was in Zukunft alles nicht mehr geht, war einer meiner ersten Gedanken, wie ich denn dann mit dem Wohnwagen nach Kroatien komme. Genauer: wie komme ich zur\u00fcck, wenn ich mir da unten die Sehne abreisse? Mit einem Automatikwagen k\u00f6nnte ich sicher noch hoch fahren. Alex hat das Gespann noch nie gesteuert und findet es als Beifahrerin manchmal schon schrecklich. ich selbst w\u00fcrde als Beifahrer auch Blut und Wasser schwitzen! <figure id=\"attachment_160928\" aria-describedby=\"caption-attachment-160928\" style=\"width: 470px\" class=\"wp-caption aligncenter\"><a href=\"http:\/\/www.andreas-edler.de\/blog\/wp-content\/uploads\/2017\/03\/skoda_gespann.jpg\"><img loading=\"lazy\" decoding=\"async\" src=\"http:\/\/www.andreas-edler.de\/blog\/wp-content\/uploads\/2017\/03\/skoda_gespann-470x152.jpg\" alt=\"\" width=\"470\" height=\"152\" class=\"size-large wp-image-160928\" srcset=\"https:\/\/www.andreas-edler.de\/blog\/wp-content\/uploads\/2017\/03\/skoda_gespann-470x152.jpg 470w, https:\/\/www.andreas-edler.de\/blog\/wp-content\/uploads\/2017\/03\/skoda_gespann-250x81.jpg 250w, https:\/\/www.andreas-edler.de\/blog\/wp-content\/uploads\/2017\/03\/skoda_gespann-768x248.jpg 768w, https:\/\/www.andreas-edler.de\/blog\/wp-content\/uploads\/2017\/03\/skoda_gespann-100x32.jpg 100w, https:\/\/www.andreas-edler.de\/blog\/wp-content\/uploads\/2017\/03\/skoda_gespann-150x48.jpg 150w, https:\/\/www.andreas-edler.de\/blog\/wp-content\/uploads\/2017\/03\/skoda_gespann-200x65.jpg 200w, https:\/\/www.andreas-edler.de\/blog\/wp-content\/uploads\/2017\/03\/skoda_gespann-300x97.jpg 300w, https:\/\/www.andreas-edler.de\/blog\/wp-content\/uploads\/2017\/03\/skoda_gespann-450x145.jpg 450w, https:\/\/www.andreas-edler.de\/blog\/wp-content\/uploads\/2017\/03\/skoda_gespann-600x194.jpg 600w, https:\/\/www.andreas-edler.de\/blog\/wp-content\/uploads\/2017\/03\/skoda_gespann-900x290.jpg 900w, https:\/\/www.andreas-edler.de\/blog\/wp-content\/uploads\/2017\/03\/skoda_gespann.jpg 1280w\" sizes=\"auto, (max-width: 470px) 100vw, 470px\" \/><\/a><figcaption id=\"caption-attachment-160928\" class=\"wp-caption-text\">Skoda Yeti mit Eriba Nova<\/figcaption><\/figure> <!--more--><\/p>\n<p>Also gucke ich seit zwei Monaten nach neuen Autos &#8211; &#8217;nem Yeti nat\u00fcrlich. Ich bin jedoch total unschl\u00fcssig, weil so ein Kauf eine ganz und gar unwirtschaftliche Sache ist. F\u00fcr einen Wagen so wie ich ihn mir vorstelle &#8211; abz\u00fcglich dessen, was ich hoffe f\u00fcr unseren Yeti noch zu bekommen &#8211; m\u00fcssen wir ca. 17.000 Euro auf den Tisch legen. Der ist dann aber noch nicht mal neu! Etwas mehr als 5 Jahre haben wir das derzeitige Zugfahrzeug, macht knapp 3.400 Euro pro Jahr (oder etwas unter 300 Euro im Monat) die wir regelm\u00e4\u00dfig zur\u00fcck gelegt haben m\u00fcssten, nur f\u00fcr den Luxus, so ein Auto auf dem Hof stehen zu haben! Das ist ja noch ohne die Betriebskosten.<\/p>\n<p>&#8222;Vern\u00fcnftig&#8220; ist das nicht. &#8222;Notwendig&#8220; kann ich nicht beurteilen. Ohne die OP w\u00e4re ich jedenfalls nicht auf den Gedanken gekommen, nach einem neuen Auto zu gucken.<\/p>\n","protected":false},"excerpt":{"rendered":"<p>Als mir der Arzt nach der OP er\u00f6ffnete, was in Zukunft alles nicht mehr geht, war einer meiner ersten Gedanken, wie ich denn dann mit dem Wohnwagen nach Kroatien komme. Genauer: wie komme ich zur\u00fcck, wenn ich mir da unten &hellip;<\/p>\n<p class=\"read-more\"> <a class=\"more-link\" href=\"https:\/\/www.andreas-edler.de\/blog\/2017\/03\/neues-auto-oder-nicht\/\"> <span class=\"screen-reader-text\">Neues Auto oder nicht?<\/span> Weiterlesen &raquo;<\/a><\/p>\n","protected":false},"author":1,"featured_media":0,"comment_status":"open","ping_status":"open","sticky":false,"template":"","format":"standard","meta":{"ngg_post_thumbnail":0,"activitypub_content_warning":"","activitypub_content_visibility":"","activitypub_max_image_attachments":2,"activitypub_interaction_policy_quote":"anyone","activitypub_status":"","footnotes":""},"categories":[1],"tags":[37,64,209,253],"class_list":["post-160927","post","type-post","status-publish","format-standard","hentry","category-allgemein","tag-auto","tag-konsum","tag-skoda-yeti","tag-wohnwagen"],"share_on_mastodon":{"url":"","error":""},"_links":{"self":[{"href":"https:\/\/www.andreas-edler.de\/blog\/wp-json\/wp\/v2\/posts\/160927","targetHints":{"allow":["GET"]}}],"collection":[{"href":"https:\/\/www.andreas-edler.de\/blog\/wp-json\/wp\/v2\/posts"}],"about":[{"href":"https:\/\/www.andreas-edler.de\/blog\/wp-json\/wp\/v2\/types\/post"}],"author":[{"embeddable":true,"href":"https:\/\/www.andreas-edler.de\/blog\/wp-json\/wp\/v2\/users\/1"}],"replies":[{"embeddable":true,"href":"https:\/\/www.andreas-edler.de\/blog\/wp-json\/wp\/v2\/comments?post=160927"}],"version-history":[{"count":0,"href":"https:\/\/www.andreas-edler.de\/blog\/wp-json\/wp\/v2\/posts\/160927\/revisions"}],"wp:attachment":[{"href":"https:\/\/www.andreas-edler.de\/blog\/wp-json\/wp\/v2\/media?parent=160927"}],"wp:term":[{"taxonomy":"category","embeddable":true,"href":"https:\/\/www.andreas-edler.de\/blog\/wp-json\/wp\/v2\/categories?post=160927"},{"taxonomy":"post_tag","embeddable":true,"href":"https:\/\/www.andreas-edler.de\/blog\/wp-json\/wp\/v2\/tags?post=160927"}],"curies":[{"name":"wp","href":"https:\/\/api.w.org\/{rel}","templated":true}]}}