{"id":160861,"date":"2017-02-02T22:18:33","date_gmt":"2017-02-02T21:18:33","guid":{"rendered":"http:\/\/www.andreas-edler.de\/blog\/?p=160861"},"modified":"2017-02-02T22:42:21","modified_gmt":"2017-02-02T21:42:21","slug":"fahrradstrassen-beschlossen","status":"publish","type":"post","link":"https:\/\/www.andreas-edler.de\/blog\/2017\/02\/fahrradstrassen-beschlossen\/","title":{"rendered":"Fahrradstra\u00dfen beschlossen"},"content":{"rendered":"<div class=\"bild\" style=\"font-size: smaller;\"><img decoding=\"async\" src=\"http:\/\/www.andreas-edler.de\/grafik\/logo_rad.png\" alt=\"Logo: Fahrrad\" title=\"Logo: Fahrrad\" width=\"250\" border=\"0\"><\/div>\n<p> Nach langer Diskussion wurden heute im Ausschuss f\u00fcr Stadtentwickung sowohl die Einrichtung der Fahrradstra\u00dfe &#8222;<a href=\"http:\/\/www.andreas-edler.de\/blog\/2017\/01\/fahrradstrasse-im-leingarten\/\">Im Leingarten<\/a>&#8220; als auch &#8222;<a href=\"http:\/\/www.andreas-edler.de\/blog\/2017\/01\/fahrradstrasse-in-der-ahe\/\">In der Ahe<\/a>&#8220; beschlossen. Haupts\u00e4chlich war einigen Ausschussmitgliedern nicht klar, was &#8222;Anlieger frei&#8220; bedeutet. Auch wenn das nat\u00fcrlich \u00fcberhaupt keine neue Regelung ist und sie auch in Bad Oeynhausen an einigen Stra\u00dfen auch ohne Fahrradstra\u00dfe schon so eingerichtet ist. <!--more--><\/p>\n<p>So wurden diese Tagesordnungspunkte, bei denen sich eigentlich so gut wie alle einig waren, dass sie beschlossen werden sollte, recht ausgiebig und auch etwas im Kreis diskutiert.<\/p>\n<p>An der Einm\u00fcndung des Leingarten in die Eidinghausener Stra\u00dfe gegen\u00fcber dem D\u00f6rgen wird die Verwaltung noch Umgestaltungsma\u00dfnahmen vornehmen. Welche genau wurde nicht vorgestellt. Explizit habe ich nach einem Durchfahrtsverbot vom Schwarzen Weg Richtung Eidinghausener Stra\u00dfe und nach Anforderungstastern f\u00fcr die Fu\u00dfg\u00e4ngerampel gefragt. Letzteres ist den Reaktionen nach wohl angedacht, ersteres wird \u00fcberdacht.<\/p>\n<p>Bin gespannt, bis wann die Umsetzung erfolgt. Die Kosten sind jedenfalls \u00fcberschaubar. Und wenn man die Einhaltung der Regeln \u00fcberwacht und durchsetzt, dann ist damit wirklich etwas f\u00fcr den Sch\u00fcler-Radverkehr getan.<\/p>\n","protected":false},"excerpt":{"rendered":"<p>Nach langer Diskussion wurden heute im Ausschuss f\u00fcr Stadtentwickung sowohl die Einrichtung der Fahrradstra\u00dfe &#8222;Im Leingarten&#8220; als auch &#8222;In der Ahe&#8220; beschlossen. Haupts\u00e4chlich war einigen Ausschussmitgliedern nicht klar, was &#8222;Anlieger frei&#8220; bedeutet. Auch wenn das nat\u00fcrlich \u00fcberhaupt keine neue Regelung &hellip;<\/p>\n<p class=\"read-more\"> <a class=\"more-link\" href=\"https:\/\/www.andreas-edler.de\/blog\/2017\/02\/fahrradstrassen-beschlossen\/\"> <span class=\"screen-reader-text\">Fahrradstra\u00dfen beschlossen<\/span> Weiterlesen &raquo;<\/a><\/p>\n","protected":false},"author":1,"featured_media":0,"comment_status":"open","ping_status":"open","sticky":false,"template":"","format":"standard","meta":{"ngg_post_thumbnail":0,"activitypub_content_warning":"","activitypub_content_visibility":"","activitypub_max_image_attachments":2,"activitypub_interaction_policy_quote":"anyone","activitypub_status":"","footnotes":""},"categories":[14,15,45,13],"tags":[109,110,75,251,77],"class_list":["post-160861","post","type-post","status-publish","format-standard","hentry","category-bad-oeynhausen","category-fahrrad","category-politik","category-verkehr","tag-adfc","tag-fahrradfreundliche-stadt","tag-grun","tag-infrastruktur","tag-stadtrat"],"share_on_mastodon":{"url":"","error":""},"_links":{"self":[{"href":"https:\/\/www.andreas-edler.de\/blog\/wp-json\/wp\/v2\/posts\/160861","targetHints":{"allow":["GET"]}}],"collection":[{"href":"https:\/\/www.andreas-edler.de\/blog\/wp-json\/wp\/v2\/posts"}],"about":[{"href":"https:\/\/www.andreas-edler.de\/blog\/wp-json\/wp\/v2\/types\/post"}],"author":[{"embeddable":true,"href":"https:\/\/www.andreas-edler.de\/blog\/wp-json\/wp\/v2\/users\/1"}],"replies":[{"embeddable":true,"href":"https:\/\/www.andreas-edler.de\/blog\/wp-json\/wp\/v2\/comments?post=160861"}],"version-history":[{"count":0,"href":"https:\/\/www.andreas-edler.de\/blog\/wp-json\/wp\/v2\/posts\/160861\/revisions"}],"wp:attachment":[{"href":"https:\/\/www.andreas-edler.de\/blog\/wp-json\/wp\/v2\/media?parent=160861"}],"wp:term":[{"taxonomy":"category","embeddable":true,"href":"https:\/\/www.andreas-edler.de\/blog\/wp-json\/wp\/v2\/categories?post=160861"},{"taxonomy":"post_tag","embeddable":true,"href":"https:\/\/www.andreas-edler.de\/blog\/wp-json\/wp\/v2\/tags?post=160861"}],"curies":[{"name":"wp","href":"https:\/\/api.w.org\/{rel}","templated":true}]}}