{"id":160824,"date":"2017-01-28T09:44:46","date_gmt":"2017-01-28T08:44:46","guid":{"rendered":"http:\/\/www.andreas-edler.de\/blog\/?p=160824"},"modified":"2017-01-28T09:44:46","modified_gmt":"2017-01-28T08:44:46","slug":"wuensche-an-den-buerger","status":"publish","type":"post","link":"https:\/\/www.andreas-edler.de\/blog\/2017\/01\/wuensche-an-den-buerger\/","title":{"rendered":"&#8222;W\u00fcnsche an den B\u00fcrger&#8220;"},"content":{"rendered":"<p>Die Neue-Westf\u00e4lische rief mich am 24.01. an und fragte, ob ich bereit w\u00e4re bei einem Feature mitzumachen. Sie wollten 20 B\u00fcrger und 20 Kommunalpolitiker Fragen stellen und ver\u00f6ffentlichen. Die B\u00fcrger sollten ihre &#8222;W\u00fcnsche an die Politiker&#8220; und die Politiker ihre &#8222;W\u00fcnsche an die B\u00fcrger&#8220; in jeweils maximal zwei S\u00e4tzen formulieren. Ich glaube im Telefonat war die Rede von &#8222;Was verlangen Sie vom B\u00fcrger?&#8220; &#8211; das mag ich aber falsch interpretiert\/verstanden haben. Ich denke, dass mit den W\u00fcnschen ist besser formuliert, ich verlange gar nichts. <!--more--><\/p>\n<p>Au\u00dferdem, so merkte ich an, ist es schwierig, als &#8222;Politiker&#8220; (Ich sehe mich tats\u00e4chlich mehr als normaler B\u00fcrger &#8211; wir sind hier nur in der Kommunalpolitik!) irgendwas vom B\u00fcrger zu w\u00fcnschen oder gar zu verlangen. Zur Zeit bekommt man ja sowieso eher auf den Deckel f\u00fcr alles was getan und gesagt wird &#8211; Facebook sei Dank. Ich fand&#8217;s also gar nicht mal so einfach, wenngleich ich die Antwort bereits am Telefon h\u00e4tte geben k\u00f6nnen, hatte ich n\u00e4mlich schon im Kopf! Trotzdem habe ich die Frist f\u00fcr eine \u00dcbersendung per Mail gerne in Anspruch genommen.<\/p>\n<p><cite>gerne beantworte ich die gestern am Telefon gestellte Frage, auch wenn das in den verlangten zwei S\u00e4tzen nat\u00fcrlich nicht ad\u00e4quat m\u00f6glich ist.<br \/>\n<br \/>\n&#8222;Welche W\u00fcnsche haben Sie als Kommunalpolitiker an die B\u00fcrger?&#8220;<br \/>\n<br \/>\n&#8222;Ich w\u00fcnsche mir mehr direkte und konkrete R\u00fcckmeldungen an die Politik. Einhergehend damit ist aktive Beteiligung an Diskussionen und die dazu notwendige Information \u00fcber die entsprechenden Sachverhalte sehr hilfreich f\u00fcr politische Entscheidungen.&#8220;<\/cite><\/p>\n<p>Das habe ich dann letztendlich abgeschickt. Tats\u00e4chlich habe ich in den letzten fast 10 Jahren die Erfahrung gemacht, dass zwar in sozialen Medien sehr viel geschrieben wird, was alles doof ist, was man alles besser machen kann und wie bescheuert &#8222;Politiker&#8220; sind. Nur eine wirklich direkte und sachliche R\u00fcckmeldung erfolgt eher selten. Auch erlebe ich regelm\u00e4\u00dfig, dass zu vielen Sachverhalten gar nicht bekannt ist, worum es geht. Und ja, es ist nicht unbedingt leicht, sich zu informieren. Auf den Seiten der Fraktionen ist wenig zu finden, Ratsmitglieder die von sich aus \u00fcber Sachverhalte informieren gibt es wenige. Aber man kann sich (fast) alles im <a href=\"http:\/\/www.sitzungsdienst-bad-oeynhausen.de\/bi\/allris.net.asp\">Sitzungsdienst der Stadt<\/a> nachlesen. Und dann eben auch zu den Fraktionen\/Politikern gehen und den Dialog suchen. Direkt oder per Mail.<\/p>\n<p>Da ich mir mehr davon w\u00fcnsche, kommt offensichtlich bei mir zu wenig davon an. Es gibt Ratsmitglieder, die &#8211; glaubt man deren Reden &#8211; t\u00e4glich ein Dutzend mal angerufen werden. Ich habe auch R\u00fcckmeldungen, vor allen Dingen aus den sozialen Netzen. Einige direkt, andere &#8222;hole&#8220; ich mir, indem ich lese was andere schreiben. Schon bevor ich im Rat war, bin ich ab und an zu Sitzungen gegangen und habe Themen verfolgt, die mich interessierten. Das passiert super selten!<\/p>\n<p>Wenn ich mir also was w\u00fcnschen d\u00fcrfte, dann ist das mehr Beteiligung!<\/p>\n<p>Und nun, nachdem der Artikel in der Neuen-Westf\u00e4lischen erschien, lese ich dass alle Kommunalpolitiker sich im Wesentlichen das Gleiche w\u00fcnschen. Dann liege ich mit meiner Einsch\u00e4tzung ja nicht falsch. Dazu passend w\u00fcnschen sich die B\u00fcrger, dass mehr B\u00fcrgern\u00e4he gezeigt wird und man ihre Stimme mehr h\u00f6rt. Das passt doch gut zusammen, muss jetzt nur noch gemacht werden. <\/p>\n","protected":false},"excerpt":{"rendered":"<p>Die Neue-Westf\u00e4lische rief mich am 24.01. an und fragte, ob ich bereit w\u00e4re bei einem Feature mitzumachen. Sie wollten 20 B\u00fcrger und 20 Kommunalpolitiker Fragen stellen und ver\u00f6ffentlichen. Die B\u00fcrger sollten ihre &#8222;W\u00fcnsche an die Politiker&#8220; und die Politiker ihre &hellip;<\/p>\n<p class=\"read-more\"> <a class=\"more-link\" href=\"https:\/\/www.andreas-edler.de\/blog\/2017\/01\/wuensche-an-den-buerger\/\"> <span class=\"screen-reader-text\">&#8222;W\u00fcnsche an den B\u00fcrger&#8220;<\/span> Weiterlesen &raquo;<\/a><\/p>\n","protected":false},"author":1,"featured_media":0,"comment_status":"open","ping_status":"open","sticky":false,"template":"","format":"standard","meta":{"ngg_post_thumbnail":0,"activitypub_content_warning":"","activitypub_content_visibility":"","activitypub_max_image_attachments":2,"activitypub_interaction_policy_quote":"anyone","activitypub_status":"","footnotes":""},"categories":[14,45],"tags":[34,59,77],"class_list":["post-160824","post","type-post","status-publish","format-standard","hentry","category-bad-oeynhausen","category-politik","tag-kommunikation","tag-presse","tag-stadtrat"],"share_on_mastodon":{"url":"","error":""},"_links":{"self":[{"href":"https:\/\/www.andreas-edler.de\/blog\/wp-json\/wp\/v2\/posts\/160824","targetHints":{"allow":["GET"]}}],"collection":[{"href":"https:\/\/www.andreas-edler.de\/blog\/wp-json\/wp\/v2\/posts"}],"about":[{"href":"https:\/\/www.andreas-edler.de\/blog\/wp-json\/wp\/v2\/types\/post"}],"author":[{"embeddable":true,"href":"https:\/\/www.andreas-edler.de\/blog\/wp-json\/wp\/v2\/users\/1"}],"replies":[{"embeddable":true,"href":"https:\/\/www.andreas-edler.de\/blog\/wp-json\/wp\/v2\/comments?post=160824"}],"version-history":[{"count":0,"href":"https:\/\/www.andreas-edler.de\/blog\/wp-json\/wp\/v2\/posts\/160824\/revisions"}],"wp:attachment":[{"href":"https:\/\/www.andreas-edler.de\/blog\/wp-json\/wp\/v2\/media?parent=160824"}],"wp:term":[{"taxonomy":"category","embeddable":true,"href":"https:\/\/www.andreas-edler.de\/blog\/wp-json\/wp\/v2\/categories?post=160824"},{"taxonomy":"post_tag","embeddable":true,"href":"https:\/\/www.andreas-edler.de\/blog\/wp-json\/wp\/v2\/tags?post=160824"}],"curies":[{"name":"wp","href":"https:\/\/api.w.org\/{rel}","templated":true}]}}