{"id":160810,"date":"2017-01-25T11:45:21","date_gmt":"2017-01-25T10:45:21","guid":{"rendered":"http:\/\/www.andreas-edler.de\/blog\/?p=160810"},"modified":"2017-01-25T11:45:21","modified_gmt":"2017-01-25T10:45:21","slug":"neues-layout-in-google","status":"publish","type":"post","link":"https:\/\/www.andreas-edler.de\/blog\/2017\/01\/neues-layout-in-google\/","title":{"rendered":"Neues Layout in Google+"},"content":{"rendered":"<p>Ich kann seit heute in Google+ nicht mehr auf das alte Layout umschalten. Das wird dann wohl das Ende von G+ (f\u00fcr mich) sein. Die Beitr\u00e4ge dort habe ich nur gelesen, wenn ich schauen wollte, was in den (Ingress-)Hangouts steht. Die muss ich nun gesondert aufrufen und bekomme daher gar nicht mehr mit, was sonst so auf Google+ geschrieben wird.<\/p>\n<figure id=\"attachment_160811\" aria-describedby=\"caption-attachment-160811\" style=\"width: 470px\" class=\"wp-caption aligncenter\"><a href=\"http:\/\/www.andreas-edler.de\/blog\/wp-content\/uploads\/2017\/01\/20170125_googleplus.png\"><img loading=\"lazy\" decoding=\"async\" src=\"http:\/\/www.andreas-edler.de\/blog\/wp-content\/uploads\/2017\/01\/20170125_googleplus-470x218.png\" alt=\"\" width=\"470\" height=\"218\" class=\"size-large wp-image-160811\" srcset=\"https:\/\/www.andreas-edler.de\/blog\/wp-content\/uploads\/2017\/01\/20170125_googleplus-470x218.png 470w, https:\/\/www.andreas-edler.de\/blog\/wp-content\/uploads\/2017\/01\/20170125_googleplus-250x116.png 250w, https:\/\/www.andreas-edler.de\/blog\/wp-content\/uploads\/2017\/01\/20170125_googleplus-768x356.png 768w, https:\/\/www.andreas-edler.de\/blog\/wp-content\/uploads\/2017\/01\/20170125_googleplus-100x46.png 100w, https:\/\/www.andreas-edler.de\/blog\/wp-content\/uploads\/2017\/01\/20170125_googleplus-150x69.png 150w, https:\/\/www.andreas-edler.de\/blog\/wp-content\/uploads\/2017\/01\/20170125_googleplus-200x93.png 200w, https:\/\/www.andreas-edler.de\/blog\/wp-content\/uploads\/2017\/01\/20170125_googleplus-300x139.png 300w, https:\/\/www.andreas-edler.de\/blog\/wp-content\/uploads\/2017\/01\/20170125_googleplus-450x208.png 450w, https:\/\/www.andreas-edler.de\/blog\/wp-content\/uploads\/2017\/01\/20170125_googleplus-600x278.png 600w, https:\/\/www.andreas-edler.de\/blog\/wp-content\/uploads\/2017\/01\/20170125_googleplus-900x417.png 900w, https:\/\/www.andreas-edler.de\/blog\/wp-content\/uploads\/2017\/01\/20170125_googleplus.png 1349w\" sizes=\"auto, (max-width: 470px) 100vw, 470px\" \/><\/a><figcaption id=\"caption-attachment-160811\" class=\"wp-caption-text\">Neues Google+ Layout<\/figcaption><\/figure>\n<p>Bisher habe ich stoisch jedesmal das alte Layout eingestellt, sobald Google mir die neue Ansicht pr\u00e4sentiert hat. Ob sich Google das gut \u00fcberlegt hat? Bei Facebook ist der Chat auch \u00fcber die normale Seite zu erreichen und wird parallel eingeblendet. <\/p>\n","protected":false},"excerpt":{"rendered":"<p>Ich kann seit heute in Google+ nicht mehr auf das alte Layout umschalten. Das wird dann wohl das Ende von G+ (f\u00fcr mich) sein. Die Beitr\u00e4ge dort habe ich nur gelesen, wenn ich schauen wollte, was in den (Ingress-)Hangouts steht. &hellip;<\/p>\n<p class=\"read-more\"> <a class=\"more-link\" href=\"https:\/\/www.andreas-edler.de\/blog\/2017\/01\/neues-layout-in-google\/\"> <span class=\"screen-reader-text\">Neues Layout in Google+<\/span> Weiterlesen &raquo;<\/a><\/p>\n","protected":false},"author":1,"featured_media":0,"comment_status":"open","ping_status":"open","sticky":false,"template":"","format":"standard","meta":{"ngg_post_thumbnail":0,"activitypub_content_warning":"","activitypub_content_visibility":"","activitypub_max_image_attachments":2,"activitypub_interaction_policy_quote":"anyone","activitypub_status":"","footnotes":""},"categories":[22],"tags":[34,103,6],"class_list":["post-160810","post","type-post","status-publish","format-standard","hentry","category-basteln","tag-kommunikation","tag-social-net","tag-web"],"share_on_mastodon":{"url":"","error":""},"_links":{"self":[{"href":"https:\/\/www.andreas-edler.de\/blog\/wp-json\/wp\/v2\/posts\/160810","targetHints":{"allow":["GET"]}}],"collection":[{"href":"https:\/\/www.andreas-edler.de\/blog\/wp-json\/wp\/v2\/posts"}],"about":[{"href":"https:\/\/www.andreas-edler.de\/blog\/wp-json\/wp\/v2\/types\/post"}],"author":[{"embeddable":true,"href":"https:\/\/www.andreas-edler.de\/blog\/wp-json\/wp\/v2\/users\/1"}],"replies":[{"embeddable":true,"href":"https:\/\/www.andreas-edler.de\/blog\/wp-json\/wp\/v2\/comments?post=160810"}],"version-history":[{"count":0,"href":"https:\/\/www.andreas-edler.de\/blog\/wp-json\/wp\/v2\/posts\/160810\/revisions"}],"wp:attachment":[{"href":"https:\/\/www.andreas-edler.de\/blog\/wp-json\/wp\/v2\/media?parent=160810"}],"wp:term":[{"taxonomy":"category","embeddable":true,"href":"https:\/\/www.andreas-edler.de\/blog\/wp-json\/wp\/v2\/categories?post=160810"},{"taxonomy":"post_tag","embeddable":true,"href":"https:\/\/www.andreas-edler.de\/blog\/wp-json\/wp\/v2\/tags?post=160810"}],"curies":[{"name":"wp","href":"https:\/\/api.w.org\/{rel}","templated":true}]}}