{"id":160650,"date":"2016-12-19T11:49:36","date_gmt":"2016-12-19T10:49:36","guid":{"rendered":"http:\/\/www.andreas-edler.de\/blog\/?p=160650"},"modified":"2016-12-19T11:49:36","modified_gmt":"2016-12-19T10:49:36","slug":"zuviel-rumgehumpelt","status":"publish","type":"post","link":"https:\/\/www.andreas-edler.de\/blog\/2016\/12\/zuviel-rumgehumpelt\/","title":{"rendered":"Zuviel rumgehumpelt"},"content":{"rendered":"<p>Die Narbe von Ferse bis hoch zur Wade verheilt augenscheinlich ganz gut und hat bereits an einigen Stellen eine sch\u00f6ne, glatte Hautschicht. Die allerdings auch sehr d\u00fcnn ist. Offensichtlich zu d\u00fcnn, als dass die Orthese oder nachts die Gipsschiene da schon doll drauf rumscheuern d\u00fcrften. <!--more--><\/p>\n<p>Jedenfalls hatte der Baumwollschlauch, den ich nachts in der Gipsschiene zur Polsterung um den Fu\u00df trage, heute morgen einen dunklen Fleck. An der Ferse hat sich auf der Narbe eine kleine Blase gebildet, die heute nacht wohl aufgescheuert wurde. &#8222;Schrinnt&#8220; jetzt ein bisschen &#8211; wie meine Oma sagen w\u00fcrde. Ich lasse erstmal alles drum weg und habe die Narbencreme vorsichtig um die Blase herum aufgetragen. Alles doof.<\/p>\n","protected":false},"excerpt":{"rendered":"<p>Die Narbe von Ferse bis hoch zur Wade verheilt augenscheinlich ganz gut und hat bereits an einigen Stellen eine sch\u00f6ne, glatte Hautschicht. Die allerdings auch sehr d\u00fcnn ist. Offensichtlich zu d\u00fcnn, als dass die Orthese oder nachts die Gipsschiene da &hellip;<\/p>\n<p class=\"read-more\"> <a class=\"more-link\" href=\"https:\/\/www.andreas-edler.de\/blog\/2016\/12\/zuviel-rumgehumpelt\/\"> <span class=\"screen-reader-text\">Zuviel rumgehumpelt<\/span> Weiterlesen &raquo;<\/a><\/p>\n","protected":false},"author":1,"featured_media":0,"comment_status":"open","ping_status":"open","sticky":false,"template":"","format":"standard","meta":{"ngg_post_thumbnail":0,"activitypub_content_warning":"","activitypub_content_visibility":"","activitypub_max_image_attachments":2,"activitypub_interaction_policy_quote":"anyone","activitypub_status":"","footnotes":""},"categories":[1],"tags":[151,7],"class_list":["post-160650","post","type-post","status-publish","format-standard","hentry","category-allgemein","tag-achillessehne","tag-gesundheit"],"share_on_mastodon":{"url":"","error":""},"_links":{"self":[{"href":"https:\/\/www.andreas-edler.de\/blog\/wp-json\/wp\/v2\/posts\/160650","targetHints":{"allow":["GET"]}}],"collection":[{"href":"https:\/\/www.andreas-edler.de\/blog\/wp-json\/wp\/v2\/posts"}],"about":[{"href":"https:\/\/www.andreas-edler.de\/blog\/wp-json\/wp\/v2\/types\/post"}],"author":[{"embeddable":true,"href":"https:\/\/www.andreas-edler.de\/blog\/wp-json\/wp\/v2\/users\/1"}],"replies":[{"embeddable":true,"href":"https:\/\/www.andreas-edler.de\/blog\/wp-json\/wp\/v2\/comments?post=160650"}],"version-history":[{"count":0,"href":"https:\/\/www.andreas-edler.de\/blog\/wp-json\/wp\/v2\/posts\/160650\/revisions"}],"wp:attachment":[{"href":"https:\/\/www.andreas-edler.de\/blog\/wp-json\/wp\/v2\/media?parent=160650"}],"wp:term":[{"taxonomy":"category","embeddable":true,"href":"https:\/\/www.andreas-edler.de\/blog\/wp-json\/wp\/v2\/categories?post=160650"},{"taxonomy":"post_tag","embeddable":true,"href":"https:\/\/www.andreas-edler.de\/blog\/wp-json\/wp\/v2\/tags?post=160650"}],"curies":[{"name":"wp","href":"https:\/\/api.w.org\/{rel}","templated":true}]}}