{"id":160618,"date":"2016-12-14T13:33:02","date_gmt":"2016-12-14T12:33:02","guid":{"rendered":"http:\/\/www.andreas-edler.de\/blog\/?p=160618"},"modified":"2016-12-14T13:33:02","modified_gmt":"2016-12-14T12:33:02","slug":"kein-buero-heute-und-kein-rat","status":"publish","type":"post","link":"https:\/\/www.andreas-edler.de\/blog\/2016\/12\/kein-buero-heute-und-kein-rat\/","title":{"rendered":"Kein B\u00fcro heute &#8230; und kein Rat"},"content":{"rendered":"<p>Letzte Woche war ich noch ein bisschen optimistisch und dachte in meinem jugendlichen \u00dcberschwang, dass ich mit der Orthese am Bein vielleicht heute vormittag ein paar Stunden ins B\u00fcro k\u00f6nnte und wom\u00f6glich sogar heute abend zur Ratssitzung gehe. Immerhin wird der Haushalt verabschiedet und auch das <a href=\"http:\/\/www.andreas-edler.de\/blog\/2016\/11\/pflastersteine-fuer-die-innenstadt\/\">ISEK f\u00fcr die Innenstadt<\/a> ist nochmal Thema. <figure id=\"attachment_160619\" aria-describedby=\"caption-attachment-160619\" style=\"width: 470px\" class=\"wp-caption aligncenter\"><a href=\"http:\/\/www.andreas-edler.de\/blog\/wp-content\/uploads\/2016\/12\/20161214_unterschenkel.jpg\"><img loading=\"lazy\" decoding=\"async\" src=\"http:\/\/www.andreas-edler.de\/blog\/wp-content\/uploads\/2016\/12\/20161214_unterschenkel-470x247.jpg\" alt=\"\" width=\"470\" height=\"247\" class=\"size-large wp-image-160619\" srcset=\"https:\/\/www.andreas-edler.de\/blog\/wp-content\/uploads\/2016\/12\/20161214_unterschenkel-470x247.jpg 470w, https:\/\/www.andreas-edler.de\/blog\/wp-content\/uploads\/2016\/12\/20161214_unterschenkel-250x131.jpg 250w, https:\/\/www.andreas-edler.de\/blog\/wp-content\/uploads\/2016\/12\/20161214_unterschenkel-768x403.jpg 768w, https:\/\/www.andreas-edler.de\/blog\/wp-content\/uploads\/2016\/12\/20161214_unterschenkel-100x53.jpg 100w, https:\/\/www.andreas-edler.de\/blog\/wp-content\/uploads\/2016\/12\/20161214_unterschenkel-150x79.jpg 150w, https:\/\/www.andreas-edler.de\/blog\/wp-content\/uploads\/2016\/12\/20161214_unterschenkel-200x105.jpg 200w, https:\/\/www.andreas-edler.de\/blog\/wp-content\/uploads\/2016\/12\/20161214_unterschenkel-300x158.jpg 300w, https:\/\/www.andreas-edler.de\/blog\/wp-content\/uploads\/2016\/12\/20161214_unterschenkel-450x236.jpg 450w, https:\/\/www.andreas-edler.de\/blog\/wp-content\/uploads\/2016\/12\/20161214_unterschenkel-600x315.jpg 600w, https:\/\/www.andreas-edler.de\/blog\/wp-content\/uploads\/2016\/12\/20161214_unterschenkel-900x473.jpg 900w, https:\/\/www.andreas-edler.de\/blog\/wp-content\/uploads\/2016\/12\/20161214_unterschenkel.jpg 1280w\" sizes=\"auto, (max-width: 470px) 100vw, 470px\" \/><\/a><figcaption id=\"caption-attachment-160619\" class=\"wp-caption-text\">Matschfu\u00df<\/figcaption><\/figure><!--more--><br \/>\nAber das ist echt nicht drin. Ich kann gerade mal von oben aus dem Schlafzimmer runter ins Wohnzimmer humpeln, dann sticht es in der Achillessehne und die Ferse schmerzt. Die OP ist ja auch mal gerade zwei Wochen her. Ich habe mir auch noch mal den Verlauf des Abriss damals durchgelesen &#8230; vielleicht bin ich damals auch zu fr\u00fch wieder angefangen und habe deshalb den Schlamassel. Ich wei\u00df es nicht. Auf jeden Fall habe ich keine Lust auf eine schlechte Verheilung und weitere Folgesch\u00e4den oder gar eine Reruptur. Da h\u00f6re ich dann lieber mal auf den Arzt und mache halblang.<\/p>\n<p>Nein, gut gelaunt bin ich nicht.<\/p>\n","protected":false},"excerpt":{"rendered":"<p>Letzte Woche war ich noch ein bisschen optimistisch und dachte in meinem jugendlichen \u00dcberschwang, dass ich mit der Orthese am Bein vielleicht heute vormittag ein paar Stunden ins B\u00fcro k\u00f6nnte und wom\u00f6glich sogar heute abend zur Ratssitzung gehe. Immerhin wird &hellip;<\/p>\n<p class=\"read-more\"> <a class=\"more-link\" href=\"https:\/\/www.andreas-edler.de\/blog\/2016\/12\/kein-buero-heute-und-kein-rat\/\"> <span class=\"screen-reader-text\">Kein B\u00fcro heute &#8230; und kein Rat<\/span> Weiterlesen &raquo;<\/a><\/p>\n","protected":false},"author":1,"featured_media":0,"comment_status":"open","ping_status":"open","sticky":false,"template":"","format":"standard","meta":{"ngg_post_thumbnail":0,"activitypub_content_warning":"","activitypub_content_visibility":"","activitypub_max_image_attachments":2,"activitypub_interaction_policy_quote":"anyone","activitypub_status":"","footnotes":""},"categories":[1],"tags":[151,7],"class_list":["post-160618","post","type-post","status-publish","format-standard","hentry","category-allgemein","tag-achillessehne","tag-gesundheit"],"share_on_mastodon":{"url":"","error":""},"_links":{"self":[{"href":"https:\/\/www.andreas-edler.de\/blog\/wp-json\/wp\/v2\/posts\/160618","targetHints":{"allow":["GET"]}}],"collection":[{"href":"https:\/\/www.andreas-edler.de\/blog\/wp-json\/wp\/v2\/posts"}],"about":[{"href":"https:\/\/www.andreas-edler.de\/blog\/wp-json\/wp\/v2\/types\/post"}],"author":[{"embeddable":true,"href":"https:\/\/www.andreas-edler.de\/blog\/wp-json\/wp\/v2\/users\/1"}],"replies":[{"embeddable":true,"href":"https:\/\/www.andreas-edler.de\/blog\/wp-json\/wp\/v2\/comments?post=160618"}],"version-history":[{"count":0,"href":"https:\/\/www.andreas-edler.de\/blog\/wp-json\/wp\/v2\/posts\/160618\/revisions"}],"wp:attachment":[{"href":"https:\/\/www.andreas-edler.de\/blog\/wp-json\/wp\/v2\/media?parent=160618"}],"wp:term":[{"taxonomy":"category","embeddable":true,"href":"https:\/\/www.andreas-edler.de\/blog\/wp-json\/wp\/v2\/categories?post=160618"},{"taxonomy":"post_tag","embeddable":true,"href":"https:\/\/www.andreas-edler.de\/blog\/wp-json\/wp\/v2\/tags?post=160618"}],"curies":[{"name":"wp","href":"https:\/\/api.w.org\/{rel}","templated":true}]}}