{"id":160526,"date":"2016-11-24T22:40:24","date_gmt":"2016-11-24T21:40:24","guid":{"rendered":"http:\/\/www.andreas-edler.de\/blog\/?p=160526"},"modified":"2016-11-24T22:40:24","modified_gmt":"2016-11-24T21:40:24","slug":"achillessehne-zweiter-anlauf","status":"publish","type":"post","link":"https:\/\/www.andreas-edler.de\/blog\/2016\/11\/achillessehne-zweiter-anlauf\/","title":{"rendered":"Achillessehne &#8211; zweiter Anlauf"},"content":{"rendered":"<p><figure id=\"attachment_160527\" aria-describedby=\"caption-attachment-160527\" style=\"width: 235px\" class=\"wp-caption alignright\"><a href=\"http:\/\/www.andreas-edler.de\/blog\/wp-content\/uploads\/2016\/11\/2016-11-24-22.22.42.jpg\"><img loading=\"lazy\" decoding=\"async\" src=\"http:\/\/www.andreas-edler.de\/blog\/wp-content\/uploads\/2016\/11\/2016-11-24-22.22.42-235x250.jpg\" alt=\"Cast-Walker\" width=\"235\" height=\"250\" class=\"size-medium wp-image-160527\" srcset=\"https:\/\/www.andreas-edler.de\/blog\/wp-content\/uploads\/2016\/11\/2016-11-24-22.22.42-235x250.jpg 235w, https:\/\/www.andreas-edler.de\/blog\/wp-content\/uploads\/2016\/11\/2016-11-24-22.22.42-768x816.jpg 768w, https:\/\/www.andreas-edler.de\/blog\/wp-content\/uploads\/2016\/11\/2016-11-24-22.22.42-442x470.jpg 442w, https:\/\/www.andreas-edler.de\/blog\/wp-content\/uploads\/2016\/11\/2016-11-24-22.22.42-100x106.jpg 100w, https:\/\/www.andreas-edler.de\/blog\/wp-content\/uploads\/2016\/11\/2016-11-24-22.22.42-150x159.jpg 150w, https:\/\/www.andreas-edler.de\/blog\/wp-content\/uploads\/2016\/11\/2016-11-24-22.22.42-200x213.jpg 200w, https:\/\/www.andreas-edler.de\/blog\/wp-content\/uploads\/2016\/11\/2016-11-24-22.22.42-300x319.jpg 300w, https:\/\/www.andreas-edler.de\/blog\/wp-content\/uploads\/2016\/11\/2016-11-24-22.22.42-450x478.jpg 450w, https:\/\/www.andreas-edler.de\/blog\/wp-content\/uploads\/2016\/11\/2016-11-24-22.22.42-600x638.jpg 600w, https:\/\/www.andreas-edler.de\/blog\/wp-content\/uploads\/2016\/11\/2016-11-24-22.22.42-900x956.jpg 900w, https:\/\/www.andreas-edler.de\/blog\/wp-content\/uploads\/2016\/11\/2016-11-24-22.22.42.jpg 1024w\" sizes=\"auto, (max-width: 235px) 100vw, 235px\" \/><\/a><figcaption id=\"caption-attachment-160527\" class=\"wp-caption-text\">Cast-Walker<\/figcaption><\/figure> Dreizehn Jahre ist es her. Kann ich mir gut merken, weil in dem Jahr Tim geboren wurde. Ein Schritt, <a href=\"http:\/\/www.andreas-edler.de\/blog\/dies-das\/achillessehne\/\">zack, gerissen<\/a>. Montag komme ich erneut unter&#8217;s Messer. \u00dcber die <a href=\"http:\/\/www.andreas-edler.de\/blog\/2016\/08\/erneute-achillessehnen-operation\/\">seit ca. 1 1\/2 Jahren zu sp\u00fcrenden Komplikationen<\/a> hatte ich bereits geschrieben. Anfang des Monats war ich zur Vorbesprechung in der Fu\u00dfchirurgischen Praxis in Herford und auch wenn meine Schmerzen im Fu\u00df in den letzten beiden Monaten deutlich weniger waren &#8211; teilweise merke ich gar nichts mehr &#8211; sitzt der Kalk immer noch in und um die Sehne. Kommt halt auf die jeweilige Belastung an.<\/p>\n<p>In dieser Woche bin ich etwas mehr rumgelaufen und prompt schmerzt die Ferse wieder. Die Entscheidung operieren zu lassen, erscheint mir daher immer noch richtig &#8211; obwohl ich mir zwischendurch auch mal unsicher war. Seit der Vorbesprechung habe ich auch schon die neue Orthese hier zu Hause, welche mir in anthrazit\/schwarz etwas besser gef\u00e4llt als mein altes Modell ;-) Hat was von Robocop. Auch die Thrombose-Prophylaxe-Spritzen stehen schon auf dem Nachttisch, genauso wie die Schmerztabletten. Bin &#8211; au\u00dfer bei Schnupfen &#8211; nicht so j\u00e4mmerlich, aber die OP-Wunde tat beim letzten Mal schon weh und ich bin vorraussichtlich nicht wieder 12, sondern nur 3 Tage im Krankenhaus. Da habe ich gerne was vor Ort.<\/p>\n<p>Morgen erfrage ich die genaue Uhrzeit f\u00fcr Montag und dann geht&#8217;s los. Ich kann wirklich nicht behaupten, dass ich mich freue. Im Gegenteil, ich f\u00fchle mich sogar ein bisschen elend\/verloren\/unsicher. Allerdings habe ich auch Vertrauen in den Arzt &#8211; grunds\u00e4tzlich bin ich zuversichtlich &#8230; jedoch ist die Situation nichts, was ich mir zu Weihnachten als Geschenk gew\u00fcnscht h\u00e4tte. Dienstag war ich im Krankenhaus und habe die Aufnahmeformalit\u00e4ten erledigt und meine gr\u00f6\u00dfte Sorge ist: da war nur Edge! Wie soll ich das aushalten? Ich hoffe ich habe WLAN auf dem Zimmer &#8211; wurde mir jedenfalls zugesichert, als ich auf den Seelsorger im Aufwachraum verzichtete und mir daf\u00fcr Wifi w\u00fcnschte. Ich glaube, das w\u00fcrde mir mehr helfen. Mal sehen, wie&#8217;s wird. <\/p>\n","protected":false},"excerpt":{"rendered":"<p>Dreizehn Jahre ist es her. Kann ich mir gut merken, weil in dem Jahr Tim geboren wurde. Ein Schritt, zack, gerissen. Montag komme ich erneut unter&#8217;s Messer. \u00dcber die seit ca. 1 1\/2 Jahren zu sp\u00fcrenden Komplikationen hatte ich bereits &hellip;<\/p>\n<p class=\"read-more\"> <a class=\"more-link\" href=\"https:\/\/www.andreas-edler.de\/blog\/2016\/11\/achillessehne-zweiter-anlauf\/\"> <span class=\"screen-reader-text\">Achillessehne &#8211; zweiter Anlauf<\/span> Weiterlesen &raquo;<\/a><\/p>\n","protected":false},"author":1,"featured_media":0,"comment_status":"open","ping_status":"open","sticky":false,"template":"","format":"standard","meta":{"ngg_post_thumbnail":0,"activitypub_content_warning":"","activitypub_content_visibility":"","activitypub_max_image_attachments":2,"activitypub_interaction_policy_quote":"anyone","activitypub_status":"","footnotes":""},"categories":[1],"tags":[151,7],"class_list":["post-160526","post","type-post","status-publish","format-standard","hentry","category-allgemein","tag-achillessehne","tag-gesundheit"],"share_on_mastodon":{"url":"","error":""},"_links":{"self":[{"href":"https:\/\/www.andreas-edler.de\/blog\/wp-json\/wp\/v2\/posts\/160526","targetHints":{"allow":["GET"]}}],"collection":[{"href":"https:\/\/www.andreas-edler.de\/blog\/wp-json\/wp\/v2\/posts"}],"about":[{"href":"https:\/\/www.andreas-edler.de\/blog\/wp-json\/wp\/v2\/types\/post"}],"author":[{"embeddable":true,"href":"https:\/\/www.andreas-edler.de\/blog\/wp-json\/wp\/v2\/users\/1"}],"replies":[{"embeddable":true,"href":"https:\/\/www.andreas-edler.de\/blog\/wp-json\/wp\/v2\/comments?post=160526"}],"version-history":[{"count":0,"href":"https:\/\/www.andreas-edler.de\/blog\/wp-json\/wp\/v2\/posts\/160526\/revisions"}],"wp:attachment":[{"href":"https:\/\/www.andreas-edler.de\/blog\/wp-json\/wp\/v2\/media?parent=160526"}],"wp:term":[{"taxonomy":"category","embeddable":true,"href":"https:\/\/www.andreas-edler.de\/blog\/wp-json\/wp\/v2\/categories?post=160526"},{"taxonomy":"post_tag","embeddable":true,"href":"https:\/\/www.andreas-edler.de\/blog\/wp-json\/wp\/v2\/tags?post=160526"}],"curies":[{"name":"wp","href":"https:\/\/api.w.org\/{rel}","templated":true}]}}