{"id":160446,"date":"2016-10-21T12:54:49","date_gmt":"2016-10-21T10:54:49","guid":{"rendered":"http:\/\/www.andreas-edler.de\/blog\/?p=160446"},"modified":"2016-10-21T12:54:49","modified_gmt":"2016-10-21T10:54:49","slug":"spazierweg-auf-dehmer-tunneldach","status":"publish","type":"post","link":"https:\/\/www.andreas-edler.de\/blog\/2016\/10\/spazierweg-auf-dehmer-tunneldach\/","title":{"rendered":"Spazierweg auf Dehmer Tunneldach"},"content":{"rendered":"<p>Ich halte es ja f\u00fcr eine Schnapsidee, auf dem Dach des Dehmer Tunnels einen Weg anzulegen. Das war im \u00fcbrigen auch der Tenor bei einer Begehung der \u00d6rtlichkeit durch den Ausschuss f\u00fcr Stadtentwicklung im Juni. Damals wurde daf\u00fcr pl\u00e4diert, doch einfach mal einen Streifen der dortigen Wiese kurz zu m\u00e4hen und zu schauen, ob da \u00fcberhaupt jemand entlang trampelt. Denn bisher ist es immer so gewesen, dass sich Trampelpfade bilden, sobald eine relevante Menge an Menschen einen Weg als sinnvoll erachtet. Siehe zum Beispiel auch die Flutmulde, wo genau das seit Jahren Usus ist. In der Druckvorlage f\u00fcr den n\u00e4chsten <a href=\"http:\/\/www.sitzungsdienst-bad-oeynhausen.de\/bi\/vo020.asp?VOLFDNR=9094\">ASE am 27.10.2016 steht nun ein Vorschlag zur Umsetzung der nach der Begehung angedachten L\u00f6sung<\/a>. <!--more--> <\/p>\n<ul>\n<li>Erstellung einer Detailplanung f\u00fcr die Anrampung zur \u00dcberwindung des H\u00f6henunterschiedes von 1,40 m Fahrbahn\/ Tunneldach und der Gel\u00e4ndemodellierungen am Technikhaus,<\/li>\n<li>Abschluss einer Vereinbarung mit Stra\u00dfen.NRW,<\/li>\n<li>Bereitstellung der Mittel im Haushalt 2018,<\/li>\n<li>herstellen der Anrampung mit max. 6% Gef\u00e4lle und anf\u00fcllen und freischneiden des Weges (mittlere Breite 2,50m) in 2018.<\/li>\n<\/ul>\n<p> Und das soll in 2018 lockere 20.000 \u20ac kosten &#8211; im wesentlichen die Herstellung der Rampe, weil an einer Stelle eine kleine B\u00f6schung liegt. Ganz ehrlich? Damit tue ich mich sehr schwer. Erstmal nur weg frei m\u00e4hen und schauen was passiert. Das kann man nebenbei auch so machen. Die Kosten daf\u00fcr sind n\u00e4mlich die 700 Euro im Jahr 2019 &#8230; und das halte ich noch f\u00fcr viel.<\/p>\n","protected":false},"excerpt":{"rendered":"<p>Ich halte es ja f\u00fcr eine Schnapsidee, auf dem Dach des Dehmer Tunnels einen Weg anzulegen. Das war im \u00fcbrigen auch der Tenor bei einer Begehung der \u00d6rtlichkeit durch den Ausschuss f\u00fcr Stadtentwicklung im Juni. Damals wurde daf\u00fcr pl\u00e4diert, doch &hellip;<\/p>\n<p class=\"read-more\"> <a class=\"more-link\" href=\"https:\/\/www.andreas-edler.de\/blog\/2016\/10\/spazierweg-auf-dehmer-tunneldach\/\"> <span class=\"screen-reader-text\">Spazierweg auf Dehmer Tunneldach<\/span> Weiterlesen &raquo;<\/a><\/p>\n","protected":false},"author":1,"featured_media":0,"comment_status":"open","ping_status":"open","sticky":false,"template":"","format":"standard","meta":{"ngg_post_thumbnail":0,"activitypub_content_warning":"","activitypub_content_visibility":"","activitypub_max_image_attachments":2,"activitypub_interaction_policy_quote":"anyone","activitypub_status":"","footnotes":""},"categories":[14,45],"tags":[237,51,75,77,72],"class_list":["post-160446","post","type-post","status-publish","format-standard","hentry","category-bad-oeynhausen","category-politik","tag-ausschuss-fuer-stadtentwicklung","tag-geld","tag-grun","tag-stadtrat","tag-verwaltung"],"share_on_mastodon":{"url":"","error":""},"_links":{"self":[{"href":"https:\/\/www.andreas-edler.de\/blog\/wp-json\/wp\/v2\/posts\/160446","targetHints":{"allow":["GET"]}}],"collection":[{"href":"https:\/\/www.andreas-edler.de\/blog\/wp-json\/wp\/v2\/posts"}],"about":[{"href":"https:\/\/www.andreas-edler.de\/blog\/wp-json\/wp\/v2\/types\/post"}],"author":[{"embeddable":true,"href":"https:\/\/www.andreas-edler.de\/blog\/wp-json\/wp\/v2\/users\/1"}],"replies":[{"embeddable":true,"href":"https:\/\/www.andreas-edler.de\/blog\/wp-json\/wp\/v2\/comments?post=160446"}],"version-history":[{"count":0,"href":"https:\/\/www.andreas-edler.de\/blog\/wp-json\/wp\/v2\/posts\/160446\/revisions"}],"wp:attachment":[{"href":"https:\/\/www.andreas-edler.de\/blog\/wp-json\/wp\/v2\/media?parent=160446"}],"wp:term":[{"taxonomy":"category","embeddable":true,"href":"https:\/\/www.andreas-edler.de\/blog\/wp-json\/wp\/v2\/categories?post=160446"},{"taxonomy":"post_tag","embeddable":true,"href":"https:\/\/www.andreas-edler.de\/blog\/wp-json\/wp\/v2\/tags?post=160446"}],"curies":[{"name":"wp","href":"https:\/\/api.w.org\/{rel}","templated":true}]}}