{"id":160331,"date":"2016-09-10T18:54:23","date_gmt":"2016-09-10T16:54:23","guid":{"rendered":"http:\/\/www.andreas-edler.de\/blog\/?p=160331"},"modified":"2016-09-18T18:59:35","modified_gmt":"2016-09-18T16:59:35","slug":"carwash","status":"publish","type":"post","link":"https:\/\/www.andreas-edler.de\/blog\/2016\/09\/carwash\/","title":{"rendered":"Carwash"},"content":{"rendered":"<p>Zum ersten Mal (glaube ich) in diesem Jahr habe ich den Yeti in die Waschanlage gefahren. Jedesmal wei\u00df ich nicht, was ich f\u00fcr eine W\u00e4sche nehmen soll, weil die dem Aushang nach eh alle gleich sind. Also was um 10 Euro und gut ist. <figure id=\"attachment_160332\" aria-describedby=\"caption-attachment-160332\" style=\"width: 470px\" class=\"wp-caption aligncenter\"><a href=\"http:\/\/www.andreas-edler.de\/blog\/wp-content\/uploads\/2016\/09\/20160910_waschanlage.jpg\"><img loading=\"lazy\" decoding=\"async\" src=\"http:\/\/www.andreas-edler.de\/blog\/wp-content\/uploads\/2016\/09\/20160910_waschanlage-470x257.jpg\" alt=\"Waschanlage in Eidinghausen\" width=\"470\" height=\"257\" class=\"size-large wp-image-160332\" srcset=\"https:\/\/www.andreas-edler.de\/blog\/wp-content\/uploads\/2016\/09\/20160910_waschanlage-470x257.jpg 470w, https:\/\/www.andreas-edler.de\/blog\/wp-content\/uploads\/2016\/09\/20160910_waschanlage-250x137.jpg 250w, https:\/\/www.andreas-edler.de\/blog\/wp-content\/uploads\/2016\/09\/20160910_waschanlage-768x420.jpg 768w, https:\/\/www.andreas-edler.de\/blog\/wp-content\/uploads\/2016\/09\/20160910_waschanlage-100x55.jpg 100w, https:\/\/www.andreas-edler.de\/blog\/wp-content\/uploads\/2016\/09\/20160910_waschanlage-150x82.jpg 150w, https:\/\/www.andreas-edler.de\/blog\/wp-content\/uploads\/2016\/09\/20160910_waschanlage-200x109.jpg 200w, https:\/\/www.andreas-edler.de\/blog\/wp-content\/uploads\/2016\/09\/20160910_waschanlage-300x164.jpg 300w, https:\/\/www.andreas-edler.de\/blog\/wp-content\/uploads\/2016\/09\/20160910_waschanlage-450x246.jpg 450w, https:\/\/www.andreas-edler.de\/blog\/wp-content\/uploads\/2016\/09\/20160910_waschanlage-600x328.jpg 600w, https:\/\/www.andreas-edler.de\/blog\/wp-content\/uploads\/2016\/09\/20160910_waschanlage-900x492.jpg 900w, https:\/\/www.andreas-edler.de\/blog\/wp-content\/uploads\/2016\/09\/20160910_waschanlage.jpg 1280w\" sizes=\"auto, (max-width: 470px) 100vw, 470px\" \/><\/a><figcaption id=\"caption-attachment-160332\" class=\"wp-caption-text\">Waschanlage in Eidinghausen<\/figcaption><\/figure><!--more--> Und das Ganze habe ich auch nur gemacht, weil der Wagen zwei Tage bei einem Kollegen auf dem Hof stehen wird. Ansonsten w\u00e4r&#8216; die Karre sicher nicht mit Schaum gebadet worden! Wozu auch?<\/p>\n","protected":false},"excerpt":{"rendered":"<p>Zum ersten Mal (glaube ich) in diesem Jahr habe ich den Yeti in die Waschanlage gefahren. Jedesmal wei\u00df ich nicht, was ich f\u00fcr eine W\u00e4sche nehmen soll, weil die dem Aushang nach eh alle gleich sind. Also was um 10 &hellip;<\/p>\n<p class=\"read-more\"> <a class=\"more-link\" href=\"https:\/\/www.andreas-edler.de\/blog\/2016\/09\/carwash\/\"> <span class=\"screen-reader-text\">Carwash<\/span> Weiterlesen &raquo;<\/a><\/p>\n","protected":false},"author":1,"featured_media":0,"comment_status":"open","ping_status":"open","sticky":false,"template":"","format":"standard","meta":{"ngg_post_thumbnail":0,"activitypub_content_warning":"","activitypub_content_visibility":"","activitypub_max_image_attachments":2,"activitypub_interaction_policy_quote":"anyone","activitypub_status":"","footnotes":""},"categories":[1],"tags":[37,64],"class_list":["post-160331","post","type-post","status-publish","format-standard","hentry","category-allgemein","tag-auto","tag-konsum"],"share_on_mastodon":{"url":"","error":""},"_links":{"self":[{"href":"https:\/\/www.andreas-edler.de\/blog\/wp-json\/wp\/v2\/posts\/160331","targetHints":{"allow":["GET"]}}],"collection":[{"href":"https:\/\/www.andreas-edler.de\/blog\/wp-json\/wp\/v2\/posts"}],"about":[{"href":"https:\/\/www.andreas-edler.de\/blog\/wp-json\/wp\/v2\/types\/post"}],"author":[{"embeddable":true,"href":"https:\/\/www.andreas-edler.de\/blog\/wp-json\/wp\/v2\/users\/1"}],"replies":[{"embeddable":true,"href":"https:\/\/www.andreas-edler.de\/blog\/wp-json\/wp\/v2\/comments?post=160331"}],"version-history":[{"count":0,"href":"https:\/\/www.andreas-edler.de\/blog\/wp-json\/wp\/v2\/posts\/160331\/revisions"}],"wp:attachment":[{"href":"https:\/\/www.andreas-edler.de\/blog\/wp-json\/wp\/v2\/media?parent=160331"}],"wp:term":[{"taxonomy":"category","embeddable":true,"href":"https:\/\/www.andreas-edler.de\/blog\/wp-json\/wp\/v2\/categories?post=160331"},{"taxonomy":"post_tag","embeddable":true,"href":"https:\/\/www.andreas-edler.de\/blog\/wp-json\/wp\/v2\/tags?post=160331"}],"curies":[{"name":"wp","href":"https:\/\/api.w.org\/{rel}","templated":true}]}}