{"id":160276,"date":"2016-09-03T00:16:05","date_gmt":"2016-09-02T22:16:05","guid":{"rendered":"http:\/\/www.andreas-edler.de\/blog\/?p=160276"},"modified":"2016-09-03T14:57:43","modified_gmt":"2016-09-03T12:57:43","slug":"twiblotbol-2","status":"publish","type":"post","link":"https:\/\/www.andreas-edler.de\/blog\/2016\/09\/twiblotbol-2\/","title":{"rendered":"#TwiBloTBOL"},"content":{"rendered":"<p>Hinter dem sperrigen Titel verbirgt sich das &#8222;Twitter und Blogger Treffen Bad Oeynhausen (und) L\u00f6hne&#8220; kurz <a href=\"https:\/\/twitter.com\/hashtag\/TwiBloTBOL\">#TwiBloTBOL<\/a>, welches vor ziemlich genau vier Jahren &#8211; zumindest wenn <a href=\"http:\/\/www.andreas-edler.de\/blog\/2012\/09\/twiblotbol\/\">meine Aufzeichnungen<\/a> stimmen &#8211; ins Leben gerufen wurde. Seitdem fand es in unregelm\u00e4\u00dfigen Abst\u00e4nden zu wechselnden Anl\u00e4ssen statt und wurde mal mehr und mal weniger stark frequentiert. Einige der damaligen Twitterer weilen auch gar nicht mehr in Bad Oeynhausen oder haben &#8211; sehr zum Bedauern der anderen &#8211; den Account stillgelegt. Jedenfalls wurde sich letztlich per Doodle wieder verabredet. Das Weinfest im Kurpark bot den passenden Rahmen und es musste nur der beste Tag gefunden werden. Es wurde der Freitag, an dem (inkl. der &#8222;wenn&#8217;s sein muss&#8220;-Abstimmenden) die meisten Twitterer und Blogger Zeit hatten. <!--more--><\/p>\n<p><em>(An dieser Stelle h\u00e4tte ich jetzt ein Foto gebracht, habe aber nur eins wo die ersten Anwesenden allein und in gro\u00df drauf sind und ich habe keinen gefragt, ob sie das im Netz haben wollen.)<\/em> Alex und ich hatten &#8222;sturmfrei&#8220; und konnten beide in den Kurpark kommen, wo schon die ersten am Badehaus II warteten und lustig erz\u00e4hlten. Wir gesellten uns dazu und sind dann nach dem Eintreffen weiterer Twitterer \u00fcber den Platz durch das Gedr\u00e4nge gezogen. Ehrlich gesagt, muss ich auf das Weinfest nicht noch einmal. Ich mag keinen Wein, ich hatte dein Eindruck die H\u00e4lfte der Anwesenden war da um gesehen zu werden und die Preise waren f\u00fcr mich jenseits von Gut und B\u00f6se &#8211; ich \u00e4rgere mich immer noch, dass ich den Flammkuchen gekauft habe! Und warum war da eine Autoausstellung im Kurpark? Ich habe den Eindruck in Bad Oeynhausen kann man keine einzige Veranstaltung mehr machen, ohne den Dreckschleudern ein Forum zu bieten. Und dann im Kurpark? Da parken schon ohne Ausstellung genug Autos. Angeschaut hat die sich &#8211; zumindest in der Zeit in welcher wir in der N\u00e4he waren &#8211; niemand. Wohl habe ich aber mindesten zwei andere Stimmen vernommen, die es unpassend fanden.<\/p>\n<p>Das Treffen der Twitterer war hingegen &#8211; wie die letzten Male &#8211; sehr angenehm und die &#8222;Gespr\u00e4che&#8220; von Twitter oder aus den Blogs wurden und werden nahtlos im realen Leben weiter gef\u00fchrt. Ich habe eben noch einmal die Kommentare zu meinem Beitrag von vor vier Jahren gelesen und denke immer noch so, wie ich damals kommentiert habe. Die Phase dass so ein Kurznachrichtendienst was f\u00fcr &#8222;Freaks&#8220; ist, ist ja auch vorbei und niemand kommt mehr auf die Idee f\u00fcr ein Twittertreffen die Presse zu informieren. Ist auch besser so! Ich lade die NW und das WB auch nicht ein, wenn ich den Grill auf der Terrasse anschmei\u00dfe (obwohl, das Westfalen-Blatt war ja quasi anwesend ;-) &#8230; War nett! Und das ist in diesem Fall nicht die kleine Schwester von Schei\u00dfe, sondern tats\u00e4chlich nett. Angenehm und unaufgeregt. Alex und ich sind zwar nicht als erste, aber dennoch deutlich vor Mitternacht gegangen &#8211; oder besser gehumpelt. Ich habe seit zwei Tagen <a href=\"http:\/\/www.andreas-edler.de\/blog\/2016\/08\/erneute-achillessehnen-operation\/\">fiese Schmerzen in der Achillessehne<\/a> und Alex leider starke H\u00fcftschmerzen. Wir sahen sicher wie Oma &#038; Opa aus.<\/p>\n<p>Die Bielefelder machen sowas noch regelm\u00e4\u00dfiger mit ihrem <a href=\"https:\/\/twitter.com\/hashtag\/BiBloStati\">#BiBloStati<\/a> &#8211; aber die Stadt ist ja auch deutlich gr\u00f6\u00dfer.<\/p>\n","protected":false},"excerpt":{"rendered":"<p>Hinter dem sperrigen Titel verbirgt sich das &#8222;Twitter und Blogger Treffen Bad Oeynhausen (und) L\u00f6hne&#8220; kurz #TwiBloTBOL, welches vor ziemlich genau vier Jahren &#8211; zumindest wenn meine Aufzeichnungen stimmen &#8211; ins Leben gerufen wurde. Seitdem fand es in unregelm\u00e4\u00dfigen Abst\u00e4nden &hellip;<\/p>\n<p class=\"read-more\"> <a class=\"more-link\" href=\"https:\/\/www.andreas-edler.de\/blog\/2016\/09\/twiblotbol-2\/\"> <span class=\"screen-reader-text\">#TwiBloTBOL<\/span> Weiterlesen &raquo;<\/a><\/p>\n","protected":false},"author":1,"featured_media":0,"comment_status":"open","ping_status":"open","sticky":false,"template":"","format":"standard","meta":{"ngg_post_thumbnail":0,"activitypub_content_warning":"","activitypub_content_visibility":"","activitypub_max_image_attachments":2,"activitypub_interaction_policy_quote":"anyone","activitypub_status":"","footnotes":""},"categories":[14],"tags":[17,40,21,103,174],"class_list":["post-160276","post","type-post","status-publish","format-standard","hentry","category-bad-oeynhausen","tag-auf-der-piste","tag-blogger","tag-feier","tag-social-net","tag-twitter"],"share_on_mastodon":{"url":"","error":""},"_links":{"self":[{"href":"https:\/\/www.andreas-edler.de\/blog\/wp-json\/wp\/v2\/posts\/160276","targetHints":{"allow":["GET"]}}],"collection":[{"href":"https:\/\/www.andreas-edler.de\/blog\/wp-json\/wp\/v2\/posts"}],"about":[{"href":"https:\/\/www.andreas-edler.de\/blog\/wp-json\/wp\/v2\/types\/post"}],"author":[{"embeddable":true,"href":"https:\/\/www.andreas-edler.de\/blog\/wp-json\/wp\/v2\/users\/1"}],"replies":[{"embeddable":true,"href":"https:\/\/www.andreas-edler.de\/blog\/wp-json\/wp\/v2\/comments?post=160276"}],"version-history":[{"count":0,"href":"https:\/\/www.andreas-edler.de\/blog\/wp-json\/wp\/v2\/posts\/160276\/revisions"}],"wp:attachment":[{"href":"https:\/\/www.andreas-edler.de\/blog\/wp-json\/wp\/v2\/media?parent=160276"}],"wp:term":[{"taxonomy":"category","embeddable":true,"href":"https:\/\/www.andreas-edler.de\/blog\/wp-json\/wp\/v2\/categories?post=160276"},{"taxonomy":"post_tag","embeddable":true,"href":"https:\/\/www.andreas-edler.de\/blog\/wp-json\/wp\/v2\/tags?post=160276"}],"curies":[{"name":"wp","href":"https:\/\/api.w.org\/{rel}","templated":true}]}}